{"id":29322,"date":"2025-11-22T18:11:50","date_gmt":"2025-11-22T16:11:50","guid":{"rendered":"https:\/\/www.cssr.news\/spanish\/?p=29322"},"modified":"2025-11-22T18:11:58","modified_gmt":"2025-11-22T16:11:58","slug":"nuevo-consultor-general-p-gerardo-hernandez-carrasquillo-c-ss-r","status":"publish","type":"post","link":"https:\/\/www.cssr.news\/spanish\/2025\/11\/nuevo-consultor-general-p-gerardo-hernandez-carrasquillo-c-ss-r\/","title":{"rendered":"Nuevo Consultor General: P. Gerardo Hern\u00e1ndez Carrasquillo, C.Ss.R."},"content":{"rendered":"\n<p>El Gobierno General de los Redentoristas, despu\u00e9s de un proceso de consulta, oraci\u00f3n y discernimiento ha anunciado el nombramiento del&nbsp;<strong>P. Gerardo Hern\u00e1ndez Carrasquillo, C.Ss.R.<\/strong>, como&nbsp;<strong>nuevo Consultor General<\/strong>, elecci\u00f3n realizada en la sesi\u00f3n del 21 de noviembre de 2025.&nbsp;<\/p>\n\n\n\n<p>El P. Gerardo pertenece a la Provincia de Madre del Perpetuo Socorro \u2013 Am\u00e9rica Central y El Caribe y, hasta ahora, se desempe\u00f1aba como Secretario Ejecutivo para la Formaci\u00f3n de toda la Congregaci\u00f3n. Con esp\u00edritu de disponibilidad y servicio, asume esta nueva responsabilidad para el tiempo restante del presente sexenio (2022-2028).<\/p>\n\n\n\n<p><strong>Breve biograf\u00eda<\/strong><\/p>\n\n\n\n<p>El P. Gerardo Hern\u00e1ndez Carrasquillo naci\u00f3 el 15 de enero de 1965 en Caguas, Puerto Rico. Ingres\u00f3 a la vida religiosa en la Congregaci\u00f3n del Sant\u00edsimo Redentor, emitiendo su primera profesi\u00f3n el 1 de agosto de 1985, y su profesi\u00f3n perpetua el 1 de agosto de 1990. Fue ordenado sacerdote el 18 de diciembre de 1992.<\/p>\n\n\n\n<p>A lo largo de m\u00e1s de tres d\u00e9cadas de servicio en la Congregaci\u00f3n, ha asumido diversas responsabilidades pastorales y formativas. Ha sido miembro del Secretariado Provincial de Formaci\u00f3n de la entonces Provincia de San Juan (1996\u20132010) y Maestro de novicios (2002\u20132003). Asimismo, form\u00f3 parte del Consejo Extraordinario de San Juan en los per\u00edodos 2002\u20132010 y 2015\u20132019, y ejerci\u00f3 el ministerio pastoral como p\u00e1rroco (2005\u20132007; 2015\u20132019). Posteriormente fue elegido Superior Provincial de los Redentoristas de Puerto Rico y Rep\u00fablica Dominicana para el per\u00edodo 2019\u20132023 y, desde 2023, serv\u00eda en Roma como Secretario Ejecutivo para la Formaci\u00f3n.<\/p>\n\n\n\n<p>La Congregaci\u00f3n y toda la familia redentorista expresan sus mejores deseos al P. Gerardo en esta nueva misi\u00f3n y encomiendan su servicio al Sant\u00edsimo Redentor, para que lo acompa\u00f1e y sostenga con abundantes bendiciones.<\/p>\n\n\n\n<p><em>Oficina de la Secretar\u00eda General C.Ss.R.<\/em><\/p>\n","protected":false},"excerpt":{"rendered":"<p>El Gobierno General de los Redentoristas, despu\u00e9s de un proceso de consulta, oraci\u00f3n y discernimiento ha anunciado el nombramiento del&nbsp;P. Gerardo Hern\u00e1ndez Carrasquillo, C.Ss.R., como&nbsp;nuevo Consultor General, elecci\u00f3n realizada en la sesi\u00f3n del 21 de noviembre de 2025.&nbsp; El P. Gerardo pertenece a la Provincia de Madre del Perpetuo Socorro \u2013 Am\u00e9rica Central y El [&hellip;]<\/p>\n","protected":false},"author":23,"featured_media":29323,"comment_status":"closed","ping_status":"closed","sticky":false,"template":"","format":"standard","meta":[],"categories":[17],"tags":[],"_links":{"self":[{"href":"https:\/\/www.cssr.news\/spanish\/wp-json\/wp\/v2\/posts\/29322"}],"collection":[{"href":"https:\/\/www.cssr.news\/spanish\/wp-json\/wp\/v2\/posts"}],"about":[{"href":"https:\/\/www.cssr.news\/spanish\/wp-json\/wp\/v2\/types\/post"}],"author":[{"embeddable":true,"href":"https:\/\/www.cssr.news\/spanish\/wp-json\/wp\/v2\/users\/23"}],"replies":[{"embeddable":true,"href":"https:\/\/www.cssr.news\/spanish\/wp-json\/wp\/v2\/comments?post=29322"}],"version-history":[{"count":1,"href":"https:\/\/www.cssr.news\/spanish\/wp-json\/wp\/v2\/posts\/29322\/revisions"}],"predecessor-version":[{"id":29324,"href":"https:\/\/www.cssr.news\/spanish\/wp-json\/wp\/v2\/posts\/29322\/revisions\/29324"}],"wp:featuredmedia":[{"embeddable":true,"href":"https:\/\/www.cssr.news\/spanish\/wp-json\/wp\/v2\/media\/29323"}],"wp:attachment":[{"href":"https:\/\/www.cssr.news\/spanish\/wp-json\/wp\/v2\/media?parent=29322"}],"wp:term":[{"taxonomy":"category","embeddable":true,"href":"https:\/\/www.cssr.news\/spanish\/wp-json\/wp\/v2\/categories?post=29322"},{"taxonomy":"post_tag","embeddable":true,"href":"https:\/\/www.cssr.news\/spanish\/wp-json\/wp\/v2\/tags?post=29322"}],"curies":[{"name":"wp","href":"https:\/\/api.w.org\/{rel}","templated":true}]}}