{"id":29346,"date":"2025-11-24T20:01:58","date_gmt":"2025-11-24T18:01:58","guid":{"rendered":"https:\/\/www.cssr.news\/spanish\/?p=29346"},"modified":"2025-11-24T20:02:00","modified_gmt":"2025-11-24T18:02:00","slug":"comienza-el-encuentro-de-mitad-sexenio-de-los-redentoristas-de-africa-y-madagascar","status":"publish","type":"post","link":"https:\/\/www.cssr.news\/spanish\/2025\/11\/comienza-el-encuentro-de-mitad-sexenio-de-los-redentoristas-de-africa-y-madagascar\/","title":{"rendered":"Comienza el Encuentro de Mitad Sexenio de los Redentoristas de \u00c1frica y Madagascar."},"content":{"rendered":"\n<p>Del 24 al 30 de noviembre de 2025, Antananarivo, capital de Madagascar, acoger\u00e1 la reuni\u00f3n de mitad de sexenio de la <strong>Conferencia de Redentoristas de \u00c1frica y Madagascar (COREAM).<\/strong><\/p>\n\n\n\n<p>El evento, al que asisten aproximadamente 26 cohermanos, ha comenzado la ma\u00f1ana del 24 de noviembre con la celebraci\u00f3n de la Santa Misa presidida por el Superior General, Padre Rog\u00e9rio Gomes CSsR, y represent\u00f3 un momento de profunda reflexi\u00f3n, intercambio y comuni\u00f3n fraterna.<\/p>\n\n\n\n<p>En su homil\u00eda, el Padre General anim\u00f3 a todos con varias preguntas:<\/p>\n\n\n\n<ul><li>\u00bfQu\u00e9 tipo de Congregaci\u00f3n queremos para el futuro?<\/li><li>\u00bfCu\u00e1l ser\u00e1 la contribuci\u00f3n de la COREAM?<\/li><li>\u00bfCu\u00e1les son los desaf\u00edos que debemos afrontar y resolver en estos tiempos?<\/li><\/ul>\n\n\n\n<p>Para responder a estas preguntas, a\u00f1adi\u00f3, sin embargo, que tenemos una certeza: <br><em>\u00a1El Redentor est\u00e1 con nosotros, en la barca! \u00a1As\u00ed que avancemos sin miedo!<\/em><\/p>\n\n\n\n<figure class=\"wp-block-gallery columns-3 is-cropped\"><ul class=\"blocks-gallery-grid\"><li class=\"blocks-gallery-item\"><figure><a href=\"http:\/\/www.cssr.news\/italian\/wp-content\/uploads\/sites\/2\/2025\/11\/sn20251124_madagascar02.jpg\"><img src=\"http:\/\/www.cssr.news\/italian\/wp-content\/uploads\/sites\/2\/2025\/11\/sn20251124_madagascar02-576x1024.jpg\" alt=\"\" data-id=\"31578\" data-full-url=\"http:\/\/www.cssr.news\/italian\/wp-content\/uploads\/sites\/2\/2025\/11\/sn20251124_madagascar02.jpg\" data-link=\"https:\/\/www.cssr.news\/italian\/?attachment_id=31578\" class=\"wp-image-31578\"\/><\/a><\/figure><\/li><li class=\"blocks-gallery-item\"><figure><a href=\"http:\/\/www.cssr.news\/italian\/wp-content\/uploads\/sites\/2\/2025\/11\/sn20251124_madagascar01.jpg\"><img src=\"http:\/\/www.cssr.news\/italian\/wp-content\/uploads\/sites\/2\/2025\/11\/sn20251124_madagascar01-1024x576.jpg\" alt=\"\" data-id=\"31579\" data-full-url=\"http:\/\/www.cssr.news\/italian\/wp-content\/uploads\/sites\/2\/2025\/11\/sn20251124_madagascar01.jpg\" data-link=\"https:\/\/www.cssr.news\/italian\/?attachment_id=31579\" class=\"wp-image-31579\"\/><\/a><\/figure><\/li><li class=\"blocks-gallery-item\"><figure><a href=\"http:\/\/www.cssr.news\/italian\/wp-content\/uploads\/sites\/2\/2025\/11\/sn20251124_madagascar04.jpg\"><img src=\"http:\/\/www.cssr.news\/italian\/wp-content\/uploads\/sites\/2\/2025\/11\/sn20251124_madagascar04-1024x576.jpg\" alt=\"\" data-id=\"31576\" data-full-url=\"http:\/\/www.cssr.news\/italian\/wp-content\/uploads\/sites\/2\/2025\/11\/sn20251124_madagascar04.jpg\" data-link=\"https:\/\/www.cssr.news\/italian\/?attachment_id=31576\" class=\"wp-image-31576\"\/><\/a><\/figure><\/li><\/ul><\/figure>\n\n\n\n<p>Durante el primer d\u00eda, se ha logrado organizar el trabajo para aprovechar bien el tiempo asignado y compartir recursos en fraternidad para llevar a cabo nuestra misi\u00f3n en los pr\u00f3ximos tres a\u00f1os, que restan hasta el final del sexenio.<\/p>\n\n\n\n<p>Representantes del Gobierno General participan en la reuni\u00f3n de mitad de sexenio: el Padre Rog\u00e9rio Gomes CSsR, Superior General, el Padre Nicolas Ayouba, Consejero General, y el Padre Noel Sottima, coordinador de la COREAM; as\u00ed como delegados de las Unidades de COREAM (superiores y vocales) y el representante de los laicos de la Conferencia.<\/p>\n\n\n\n<p>Este es un momento particularmente significativo en la vida de la Congregaci\u00f3n en \u00c1frica y Madagascar.<\/p>\n\n\n\n<p>Esta reuni\u00f3n pretende ser un momento de gracia, escucha y esperanza, para reafirmar nuestro compromiso con la misi\u00f3n redentorista y el servicio a los m\u00e1s necesitados, en un esp\u00edritu de comuni\u00f3n y de compartir, especialmente en este continente que sufre la pobreza de su gente, pero ve crecer la fe de sus miembros m\u00e1s j\u00f3venes.<\/p>\n\n\n\n<p>Scala News<\/p>\n","protected":false},"excerpt":{"rendered":"<p>Del 24 al 30 de noviembre de 2025, Antananarivo, capital de Madagascar, acoger\u00e1 la reuni\u00f3n de mitad de sexenio de la Conferencia de Redentoristas de \u00c1frica y Madagascar (COREAM). El evento, al que asisten aproximadamente 26 cohermanos, ha comenzado la ma\u00f1ana del 24 de noviembre con la celebraci\u00f3n de la Santa Misa presidida por el [&hellip;]<\/p>\n","protected":false},"author":3,"featured_media":29347,"comment_status":"closed","ping_status":"closed","sticky":false,"template":"","format":"standard","meta":[],"categories":[11],"tags":[],"_links":{"self":[{"href":"https:\/\/www.cssr.news\/spanish\/wp-json\/wp\/v2\/posts\/29346"}],"collection":[{"href":"https:\/\/www.cssr.news\/spanish\/wp-json\/wp\/v2\/posts"}],"about":[{"href":"https:\/\/www.cssr.news\/spanish\/wp-json\/wp\/v2\/types\/post"}],"author":[{"embeddable":true,"href":"https:\/\/www.cssr.news\/spanish\/wp-json\/wp\/v2\/users\/3"}],"replies":[{"embeddable":true,"href":"https:\/\/www.cssr.news\/spanish\/wp-json\/wp\/v2\/comments?post=29346"}],"version-history":[{"count":1,"href":"https:\/\/www.cssr.news\/spanish\/wp-json\/wp\/v2\/posts\/29346\/revisions"}],"predecessor-version":[{"id":29348,"href":"https:\/\/www.cssr.news\/spanish\/wp-json\/wp\/v2\/posts\/29346\/revisions\/29348"}],"wp:featuredmedia":[{"embeddable":true,"href":"https:\/\/www.cssr.news\/spanish\/wp-json\/wp\/v2\/media\/29347"}],"wp:attachment":[{"href":"https:\/\/www.cssr.news\/spanish\/wp-json\/wp\/v2\/media?parent=29346"}],"wp:term":[{"taxonomy":"category","embeddable":true,"href":"https:\/\/www.cssr.news\/spanish\/wp-json\/wp\/v2\/categories?post=29346"},{"taxonomy":"post_tag","embeddable":true,"href":"https:\/\/www.cssr.news\/spanish\/wp-json\/wp\/v2\/tags?post=29346"}],"curies":[{"name":"wp","href":"https:\/\/api.w.org\/{rel}","templated":true}]}}