{"id":29363,"date":"2025-11-26T19:48:00","date_gmt":"2025-11-26T17:48:00","guid":{"rendered":"https:\/\/www.cssr.news\/spanish\/?p=29363"},"modified":"2025-11-27T19:54:24","modified_gmt":"2025-11-27T17:54:24","slug":"polonia-mostra-dedicata-al-venerabile-servo-di-dio-padre-bernard-lubienski","status":"publish","type":"post","link":"https:\/\/www.cssr.news\/spanish\/2025\/11\/polonia-mostra-dedicata-al-venerabile-servo-di-dio-padre-bernard-lubienski\/","title":{"rendered":"Polonia: Mostra dedicata al venerabile servo di Dio padre Bernard \u0141ubie\u0144ski"},"content":{"rendered":"\n<p><strong>El pasado domingo 23 de noviembre se inaugur\u00f3 en el Santuario de Nuestra Se\u00f1ora, Estrella de la Evangelizaci\u00f3n y San Juan Pablo II de Toru\u0144 la exposici\u00f3n temporal &#8220;Misionero, Portador de Esperanza&#8221;. Est\u00e1 dedicada a la vida y obra del redentorista polaco, Venerable Siervo de Dios, Padre Bernard \u0141ubie\u0144ski. Estar\u00e1 abierta a los peregrinos durante los pr\u00f3ximos tres meses.<\/strong><\/p>\n\n\n\n<p>Se trata de un evento importante, ya que la comunidad del Santuario reza por el milagro necesario para la beatificaci\u00f3n del Padre Bernard, cuyas virtudes heroicas fueron aprobadas por el Papa Francisco en marzo de 2018. Cada d\u00eda 10 de cada mes, despu\u00e9s de la misa, se reza una oraci\u00f3n por la beatificaci\u00f3n y, tras la misa vespertina, la comunidad celebra su reuni\u00f3n de formaci\u00f3n.<\/p>\n\n\n\n<p>Los redentoristas suelen hablar a los fieles sobre el Padre Bernard \u0141ubie\u0144ski, quien se est\u00e1 haciendo cada vez m\u00e1s conocido en nuestra comunidad, en parte gracias a las im\u00e1genes distribuidas con la oraci\u00f3n por el milagro y la beatificaci\u00f3n. Observamos con alegr\u00eda que algunas familias ordenan sistem\u00e1ticamente Misas por sus enfermos, pidiendo para ellos el milagro de su curaci\u00f3n por intercesi\u00f3n del venerable siervo de Dios.<\/p>\n\n\n\n<figure class=\"wp-block-gallery columns-2 is-cropped\"><ul class=\"blocks-gallery-grid\"><li class=\"blocks-gallery-item\"><figure><a href=\"http:\/\/www.cssr.news\/italian\/wp-content\/uploads\/sites\/2\/2025\/11\/sn251126-Lubienski-mostra5ed.jpg\"><img src=\"http:\/\/www.cssr.news\/italian\/wp-content\/uploads\/sites\/2\/2025\/11\/sn251126-Lubienski-mostra5ed-1024x683.jpg\" alt=\"\" data-id=\"31595\" data-full-url=\"http:\/\/www.cssr.news\/italian\/wp-content\/uploads\/sites\/2\/2025\/11\/sn251126-Lubienski-mostra5ed.jpg\" data-link=\"https:\/\/www.cssr.news\/italian\/?attachment_id=31595\" class=\"wp-image-31595\"\/><\/a><\/figure><\/li><li class=\"blocks-gallery-item\"><figure><a href=\"http:\/\/www.cssr.news\/italian\/wp-content\/uploads\/sites\/2\/2025\/11\/torun-gwiazda-1-scaleded.jpg\"><img src=\"http:\/\/www.cssr.news\/italian\/wp-content\/uploads\/sites\/2\/2025\/11\/torun-gwiazda-1-scaleded-1024x749.jpg\" alt=\"\" data-id=\"31596\" data-full-url=\"http:\/\/www.cssr.news\/italian\/wp-content\/uploads\/sites\/2\/2025\/11\/torun-gwiazda-1-scaleded.jpg\" data-link=\"https:\/\/www.cssr.news\/italian\/?attachment_id=31596\" class=\"wp-image-31596\"\/><\/a><\/figure><\/li><\/ul><\/figure>\n\n\n\n<p>Esperamos que la exposici\u00f3n en nuestro santuario ayude a dar a conocer al Padre \u0141ubie\u0144ski entre los peregrinos.<\/p>\n\n\n\n<p>Equipo Pastoral del Santuario \/ redemptor.pl<\/p>\n","protected":false},"excerpt":{"rendered":"<p>El pasado domingo 23 de noviembre se inaugur\u00f3 en el Santuario de Nuestra Se\u00f1ora, Estrella de la Evangelizaci\u00f3n y San Juan Pablo II de Toru\u0144 la exposici\u00f3n temporal &#8220;Misionero, Portador de Esperanza&#8221;. Est\u00e1 dedicada a la vida y obra del redentorista polaco, Venerable Siervo de Dios, Padre Bernard \u0141ubie\u0144ski. Estar\u00e1 abierta a los peregrinos durante [&hellip;]<\/p>\n","protected":false},"author":3,"featured_media":29364,"comment_status":"closed","ping_status":"closed","sticky":false,"template":"","format":"standard","meta":[],"categories":[2],"tags":[],"_links":{"self":[{"href":"https:\/\/www.cssr.news\/spanish\/wp-json\/wp\/v2\/posts\/29363"}],"collection":[{"href":"https:\/\/www.cssr.news\/spanish\/wp-json\/wp\/v2\/posts"}],"about":[{"href":"https:\/\/www.cssr.news\/spanish\/wp-json\/wp\/v2\/types\/post"}],"author":[{"embeddable":true,"href":"https:\/\/www.cssr.news\/spanish\/wp-json\/wp\/v2\/users\/3"}],"replies":[{"embeddable":true,"href":"https:\/\/www.cssr.news\/spanish\/wp-json\/wp\/v2\/comments?post=29363"}],"version-history":[{"count":1,"href":"https:\/\/www.cssr.news\/spanish\/wp-json\/wp\/v2\/posts\/29363\/revisions"}],"predecessor-version":[{"id":29365,"href":"https:\/\/www.cssr.news\/spanish\/wp-json\/wp\/v2\/posts\/29363\/revisions\/29365"}],"wp:featuredmedia":[{"embeddable":true,"href":"https:\/\/www.cssr.news\/spanish\/wp-json\/wp\/v2\/media\/29364"}],"wp:attachment":[{"href":"https:\/\/www.cssr.news\/spanish\/wp-json\/wp\/v2\/media?parent=29363"}],"wp:term":[{"taxonomy":"category","embeddable":true,"href":"https:\/\/www.cssr.news\/spanish\/wp-json\/wp\/v2\/categories?post=29363"},{"taxonomy":"post_tag","embeddable":true,"href":"https:\/\/www.cssr.news\/spanish\/wp-json\/wp\/v2\/tags?post=29363"}],"curies":[{"name":"wp","href":"https:\/\/api.w.org\/{rel}","templated":true}]}}