{"id":29366,"date":"2025-11-27T20:06:24","date_gmt":"2025-11-27T18:06:24","guid":{"rendered":"https:\/\/www.cssr.news\/spanish\/?p=29366"},"modified":"2025-11-27T20:06:42","modified_gmt":"2025-11-27T18:06:42","slug":"italia-conociendo-mejor-la-figura-de-san-bartolo-longo-oblato-redentorista","status":"publish","type":"post","link":"https:\/\/www.cssr.news\/spanish\/2025\/11\/italia-conociendo-mejor-la-figura-de-san-bartolo-longo-oblato-redentorista\/","title":{"rendered":"Italia: conociendo mejor la figura de San Bartolo Longo, Oblato Redentorista"},"content":{"rendered":"\n<p><strong>Tras la canonizaci\u00f3n de San Bartolo Longo, celebrada el domingo 19 de octubre de 2025<\/strong>, durante el mes del Rosario, en la Plaza de San Pedro, donde el Papa Le\u00f3n XIV lo proclam\u00f3 santo, describi\u00e9ndolo en su homil\u00eda, junto con los otros seis santos, como &#8220;luces bondadosas&#8221; y &#8220;benefactores de la humanidad&#8221;, se celebr\u00f3 en Canosa el mi\u00e9rcoles 18 de noviembre, en el Auditorio de la Parroquia de Ges\u00f9 Giuseppe e Maria, la conferencia<strong> &#8220;Bartolo Longo, Oblato Redentorista: Influencias de la Espiritualidad Alfonsiana en la Vida del Fundador de Pompeya&#8221;.<\/strong><\/p>\n\n\n\n<p>El evento represent\u00f3 una importante oportunidad para explorar la figura de San Bartolo Longo, ejemplo de santidad laica y cat\u00f3lica moderna que ha marcado la historia de la Iglesia y del sur de Italia. Su canonizaci\u00f3n, que tuvo lugar en este A\u00f1o Jubilar, constituye un acontecimiento eclesial de notable importancia, que involucra en particular a las Iglesias de la Regi\u00f3n de Campania y, m\u00e1s en general, a toda la Italia meridional, que se beneficia a\u00fan hoy de sus extraordinarios logros.<\/p>\n\n\n\n<figure class=\"wp-block-gallery columns-3 is-cropped\"><ul class=\"blocks-gallery-grid\"><li class=\"blocks-gallery-item\"><figure><a href=\"https:\/\/www.cssr.news\/italian\/wp-content\/uploads\/sites\/2\/2025\/11\/sn251127-san-Bartolo_FB-TerraDelSole5.jpg\"><img src=\"https:\/\/www.cssr.news\/italian\/wp-content\/uploads\/sites\/2\/2025\/11\/sn251127-san-Bartolo_FB-TerraDelSole5-1024x512.jpg\" alt=\"\" data-id=\"31603\" data-full-url=\"https:\/\/www.cssr.news\/italian\/wp-content\/uploads\/sites\/2\/2025\/11\/sn251127-san-Bartolo_FB-TerraDelSole5.jpg\" data-link=\"https:\/\/www.cssr.news\/italian\/2025\/11\/a-canosa-di-puglia-una-conferenza-per-conoscere-e-approfondire-la-figura-di-san-bartolo-longo-oblato-redentorista\/sn251127-san-bartolo_fb-terradelsole5\/\" class=\"wp-image-31603\"\/><\/a><\/figure><\/li><li class=\"blocks-gallery-item\"><figure><a href=\"https:\/\/www.cssr.news\/italian\/wp-content\/uploads\/sites\/2\/2025\/11\/sn251127-san-Bartolo_FB-TerraDelSole1.jpg\"><img src=\"https:\/\/www.cssr.news\/italian\/wp-content\/uploads\/sites\/2\/2025\/11\/sn251127-san-Bartolo_FB-TerraDelSole1-1024x512.jpg\" alt=\"\" data-id=\"31599\" data-full-url=\"https:\/\/www.cssr.news\/italian\/wp-content\/uploads\/sites\/2\/2025\/11\/sn251127-san-Bartolo_FB-TerraDelSole1.jpg\" data-link=\"https:\/\/www.cssr.news\/italian\/2025\/11\/a-canosa-di-puglia-una-conferenza-per-conoscere-e-approfondire-la-figura-di-san-bartolo-longo-oblato-redentorista\/sn251127-san-bartolo_fb-terradelsole1\/\" class=\"wp-image-31599\"\/><\/a><\/figure><\/li><li class=\"blocks-gallery-item\"><figure><a href=\"https:\/\/www.cssr.news\/italian\/wp-content\/uploads\/sites\/2\/2025\/11\/sn251127-san-Bartolo_FB-TerraDelSole2.jpg\"><img src=\"https:\/\/www.cssr.news\/italian\/wp-content\/uploads\/sites\/2\/2025\/11\/sn251127-san-Bartolo_FB-TerraDelSole2-1024x512.jpg\" alt=\"\" data-id=\"31600\" data-full-url=\"https:\/\/www.cssr.news\/italian\/wp-content\/uploads\/sites\/2\/2025\/11\/sn251127-san-Bartolo_FB-TerraDelSole2.jpg\" data-link=\"https:\/\/www.cssr.news\/italian\/2025\/11\/a-canosa-di-puglia-una-conferenza-per-conoscere-e-approfondire-la-figura-di-san-bartolo-longo-oblato-redentorista\/sn251127-san-bartolo_fb-terradelsole2\/\" class=\"wp-image-31600\"\/><\/a><\/figure><\/li><\/ul><\/figure>\n\n\n\n<p>El encuentro, promovido por la Asociaci\u00f3n de Amigos del P.A.M. Losito de Canosa y coorganizado con el Servicio Diocesano para las Causas de los Santos y la Cofrad\u00eda de la Misericordia (rama de Canosa), fue presentado por Donato Mele, presidente de la Asociaci\u00f3n, quien transmiti\u00f3 los saludos de la Comisi\u00f3n Pro-Beatificaci\u00f3n del Venerable Losito. El evento fue moderado por el Padre Antonio Turturro, director de la Oficina Diocesana de Comunicaciones Sociales.<\/p>\n\n\n\n<p><strong>La figura de Bartolo Longo <\/strong>fue presentada por el Padre Redentorista Vincenzo Maria La Mendola, del Instituto Hist\u00f3rico Redentorista de Roma, quien comenz\u00f3 transmitiendo los saludos y un mensaje oficial de bienvenida del Superior Provincial de los Redentoristas del Sur de Europa, Padre Gennaro Sorrentino, C.Ss.R.<\/p>\n\n\n\n<p><strong>El Padre La Mendola<\/strong> ofreci\u00f3 una descripci\u00f3n completa y fascinante del Beato Longo, centr\u00e1ndose especialmente en su v\u00ednculo con la Congregaci\u00f3n Redentorista y su espiritualidad alfonsiana. El orador destac\u00f3 la trayectoria humana y espiritual del Fundador de Pompeya, recordando su pertenencia a la Orden Dominicana, profesada en la Tercera Orden, y enfatizando su filiaci\u00f3n a la Congregaci\u00f3n Redentorista como oblato.<\/p>\n\n\n\n<p><strong>La vida del abogado Longo<\/strong> se entrelaza con la de muchos santos de su tiempo, conformando en definitiva un plan perfecto de la voluntad de Dios.<strong> El Padre Emanuele M. Ribera, el Padre Antonio M. Losito y el Padre Giuseppe M. Leone <\/strong>fueron para Longo los hilos conductores en torno a los cuales se tejieron otras figuras de santidad. Estos santos, mediante un maravilloso plan divino, se conocieron y se edificaron mutuamente en el camino hacia la santidad.<\/p>\n\n\n\n<p>En la historia de la espiritualidad, a menudo presenciamos una verdadera &#8220;comuni\u00f3n de santidad&#8221;, en la que hombres y mujeres est\u00e1n llamados a construir el Reino de Dios en el mundo. Consideremos, por ejemplo, el Piamonte, con Don Bosco, Cafasso, Murialdo, Cottolongo y Allamano; o la Campania, con el m\u00e9dico Giuseppe Moscati, el franciscano Ludovico da Casoria, Caterina Volpicelli y el m\u00e9dico Eustachio Montemurro. Instrumentos excepcionales de este v\u00ednculo espiritual fueron tres Redentoristas que acompa\u00f1aron a Longo como gu\u00edas en momentos cruciales de su vida:<\/p>\n\n\n\n<ul><li><strong>El Venerable Emanuele Ribera<\/strong>, anacoreta de N\u00e1poles, quien lo gui\u00f3 inmediatamente despu\u00e9s de su conversi\u00f3n, de 1865 a aproximadamente 1872, junto con el padre dominico Alberto Radente, su primer confesor;<\/li><li><strong>El m\u00edstico padre Giuseppe Maria Leone,<\/strong> probado por el sufrimiento, quien sirvi\u00f3 como moderador y gu\u00eda espiritual de Longo y la condesa Marianna Farnararo De Fusco durante dieciocho a\u00f1os, de 1885 a 1902, convirti\u00e9ndose en un valioso punto de referencia para su crecimiento espiritual. <\/li><li>y, despu\u00e9s de \u00e9l, el <strong>padre Antonio Mar\u00eda Losito, <\/strong>amigo y consejero de San P\u00edo X, maestro de vida interior y \u00faltimo director espiritual de Longo desde 1902 a 1917.<\/li><\/ul>\n\n\n\n<p>Tres nombres y tres rostros que, aunque a menudo permanecen en el fondo de la figura del Fundador de Pompeya, dan testimonio del poder de la abundante apud eum redemptio, la grandeza de la misericordia divina y el poder transformador de la conversi\u00f3n. Gracias a su gu\u00eda \u2014a lo largo de cincuenta a\u00f1os\u2014, Bartolo Longo pudo discernir la voluntad de Dios y traducir su fe en obras concretas de evangelizaci\u00f3n y caridad. La espiritualidad de San Alfonso molde\u00f3 as\u00ed su vida interior, prepar\u00e1ndolo para la misi\u00f3n que lo llevar\u00eda a fundar el Santuario de Pompeya y a servir a los pobres y marginados del Valle.<\/p>\n\n\n\n<p>Al final de la presentaci\u00f3n, algunos participantes compartieron sus reflexiones e hicieron preguntas al ponente. El vicepostulador, Padre Mario Porro, concluy\u00f3 la presentaci\u00f3n ofreciendo una impactante imagen de santidad: acercarse a un santo es como escalar una monta\u00f1a, descubriendo lo arduo que es el camino hacia la cima y lo dura que es una vida marcada por los elementos. El camino de San Bartolom\u00e9 Longo tambi\u00e9n fue arduo, lleno de obst\u00e1culos, pero salpicado de &#8220;fuentes de agua pura&#8221; donde encontrar consuelo. Las santas amistades que lo acompa\u00f1aron representaron refugio, consuelo y apoyo en los momentos m\u00e1s dif\u00edciles.<\/p>\n\n\n\n<p>Como \u00e9l mismo escribe en el libro Nuestros Amigos \u00cdntimos:<\/p>\n\n\n\n<p>\u00a1Oh! \u00a1Cu\u00e1n admirables son los designios de la Providencia, que a lo largo de los a\u00f1os, lenta y delicadamente, teje los hilos de la historia! Y como a trav\u00e9s de las olas de los acontecimientos humanos, la profunda intuici\u00f3n de los santos siempre se revela en su serenidad.<\/p>\n\n\n\n<p>Las santas amistades evocan el deseo de construir una Iglesia abierta a la acci\u00f3n del Esp\u00edritu y una sociedad que respete la dignidad humana. Los santos forjan amistades estables, ricas en humanidad y experiencia espiritual; viven su relaci\u00f3n con Dios con seriedad y hero\u00edsmo, dedicando sus energ\u00edas a la proclamaci\u00f3n del Evangelio en la Iglesia y en el mundo.<\/p>\n\n\n\n<p>Las reflexiones del Padre La Mendola, autor de monograf\u00edas, art\u00edculos y rese\u00f1as, y estudioso de la historia redentorista, abren as\u00ed una nueva perspectiva sobre la vida de nuestros Venerables, revelando la importancia de la amistad cristiana y record\u00e1ndonos que el camino hacia la santidad nunca se recorre solo, sino en compa\u00f1\u00eda de nuestros amigos y de quienes ya contemplan el rostro de Dios.<\/p>\n\n\n\n<p>Don Mario Porro<\/p>\n\n\n\n<p>Fotos cortes\u00eda de la p\u00e1gina de Facebook &#8220;La Terra Del Sole&#8221;.<\/p>\n","protected":false},"excerpt":{"rendered":"<p>Tras la canonizaci\u00f3n de San Bartolo Longo, celebrada el domingo 19 de octubre de 2025, durante el mes del Rosario, en la Plaza de San Pedro, donde el Papa Le\u00f3n XIV lo proclam\u00f3 santo, describi\u00e9ndolo en su homil\u00eda, junto con los otros seis santos, como &#8220;luces bondadosas&#8221; y &#8220;benefactores de la humanidad&#8221;, se celebr\u00f3 en [&hellip;]<\/p>\n","protected":false},"author":3,"featured_media":29367,"comment_status":"closed","ping_status":"closed","sticky":false,"template":"","format":"standard","meta":[],"categories":[2],"tags":[],"_links":{"self":[{"href":"https:\/\/www.cssr.news\/spanish\/wp-json\/wp\/v2\/posts\/29366"}],"collection":[{"href":"https:\/\/www.cssr.news\/spanish\/wp-json\/wp\/v2\/posts"}],"about":[{"href":"https:\/\/www.cssr.news\/spanish\/wp-json\/wp\/v2\/types\/post"}],"author":[{"embeddable":true,"href":"https:\/\/www.cssr.news\/spanish\/wp-json\/wp\/v2\/users\/3"}],"replies":[{"embeddable":true,"href":"https:\/\/www.cssr.news\/spanish\/wp-json\/wp\/v2\/comments?post=29366"}],"version-history":[{"count":1,"href":"https:\/\/www.cssr.news\/spanish\/wp-json\/wp\/v2\/posts\/29366\/revisions"}],"predecessor-version":[{"id":29368,"href":"https:\/\/www.cssr.news\/spanish\/wp-json\/wp\/v2\/posts\/29366\/revisions\/29368"}],"wp:featuredmedia":[{"embeddable":true,"href":"https:\/\/www.cssr.news\/spanish\/wp-json\/wp\/v2\/media\/29367"}],"wp:attachment":[{"href":"https:\/\/www.cssr.news\/spanish\/wp-json\/wp\/v2\/media?parent=29366"}],"wp:term":[{"taxonomy":"category","embeddable":true,"href":"https:\/\/www.cssr.news\/spanish\/wp-json\/wp\/v2\/categories?post=29366"},{"taxonomy":"post_tag","embeddable":true,"href":"https:\/\/www.cssr.news\/spanish\/wp-json\/wp\/v2\/tags?post=29366"}],"curies":[{"name":"wp","href":"https:\/\/api.w.org\/{rel}","templated":true}]}}