{"id":29369,"date":"2025-11-27T21:04:03","date_gmt":"2025-11-27T19:04:03","guid":{"rendered":"https:\/\/www.cssr.news\/spanish\/?p=29369"},"modified":"2025-11-27T21:04:05","modified_gmt":"2025-11-27T19:04:05","slug":"europa-del-sur-ser-misioneros-de-la-esperanza-hoy","status":"publish","type":"post","link":"https:\/\/www.cssr.news\/spanish\/2025\/11\/europa-del-sur-ser-misioneros-de-la-esperanza-hoy\/","title":{"rendered":"Europa del Sur: Ser misioneros de la esperanza hoy"},"content":{"rendered":"\n<p class=\"has-text-align-center\"><strong>Informe del Primer Encuentro Provincial de Formaci\u00f3n Permanente<br>Provincia de Europa del Sur<\/strong><\/p>\n\n\n\n<p class=\"has-text-align-center\"><strong>Un Encuentro de Intercambio y Renovaci\u00f3n<\/strong><\/p>\n\n\n\n<div class=\"wp-block-image\"><figure class=\"alignleft size-large is-resized\"><a href=\"http:\/\/www.cssr.news\/spanish\/wp-content\/uploads\/sites\/3\/2025\/11\/logo_europa_sud.jpg\"><img src=\"http:\/\/www.cssr.news\/spanish\/wp-content\/uploads\/sites\/3\/2025\/11\/logo_europa_sud.jpg\" alt=\"\" class=\"wp-image-29370\" width=\"213\" height=\"206\" srcset=\"https:\/\/www.cssr.news\/spanish\/wp-content\/uploads\/sites\/3\/2025\/11\/logo_europa_sud.jpg 369w, https:\/\/www.cssr.news\/spanish\/wp-content\/uploads\/sites\/3\/2025\/11\/logo_europa_sud-300x290.jpg 300w\" sizes=\"(max-width: 213px) 100vw, 213px\" \/><\/a><\/figure><\/div>\n\n\n\n<p>El 24 de noviembre, aproximadamente ochenta cohermanos se reunieron v\u00eda Zoom para el primer Encuentro Provincial de Formaci\u00f3n Permanente, un momento de profunda comuni\u00f3n y reflexi\u00f3n. En un momento marcado por desaf\u00edos e incertidumbres, la fraternidad se mantuvo viva incluso a distancia, demostrando el deseo de recorrer juntos el camino de la misi\u00f3n. El encuentro fue dirigido por el<strong> Padre Cristian Bueno<\/strong>, quien conjugaba con \u00e9xito la profundidad teol\u00f3gica y la concreci\u00f3n pastoral, introduciendo a los participantes al tema <strong>&#8220;La Misi\u00f3n Redentorista Hoy&#8221;<\/strong>.<\/p>\n\n\n\n<figure class=\"wp-block-image size-large\"><a href=\"http:\/\/www.cssr.news\/spanish\/wp-content\/uploads\/sites\/3\/2025\/11\/sn2025_europa_sud02.jpg\"><img width=\"1024\" height=\"262\" src=\"http:\/\/www.cssr.news\/spanish\/wp-content\/uploads\/sites\/3\/2025\/11\/sn2025_europa_sud02-1024x262.jpg\" alt=\"\" class=\"wp-image-29371\" srcset=\"https:\/\/www.cssr.news\/spanish\/wp-content\/uploads\/sites\/3\/2025\/11\/sn2025_europa_sud02-1024x262.jpg 1024w, https:\/\/www.cssr.news\/spanish\/wp-content\/uploads\/sites\/3\/2025\/11\/sn2025_europa_sud02-300x77.jpg 300w, https:\/\/www.cssr.news\/spanish\/wp-content\/uploads\/sites\/3\/2025\/11\/sn2025_europa_sud02-768x197.jpg 768w, https:\/\/www.cssr.news\/spanish\/wp-content\/uploads\/sites\/3\/2025\/11\/sn2025_europa_sud02-696x178.jpg 696w, https:\/\/www.cssr.news\/spanish\/wp-content\/uploads\/sites\/3\/2025\/11\/sn2025_europa_sud02-1068x273.jpg 1068w, https:\/\/www.cssr.news\/spanish\/wp-content\/uploads\/sites\/3\/2025\/11\/sn2025_europa_sud02.jpg 1219w\" sizes=\"(max-width: 1024px) 100vw, 1024px\" \/><\/a><\/figure>\n\n\n\n<p><strong>Misi\u00f3n Redentorista: Anunciando el Evangelio a los M\u00e1s Pobres<\/strong><br>El Padre Cristian invit\u00f3 a los presentes a cuestionarse a partir de las indicaciones del Cap\u00edtulo General y a redescubrir la misi\u00f3n como una realidad encarnada en la vida cotidiana. Anunciar el Evangelio a los m\u00e1s pobres, enfatiz\u00f3, no puede limitarse a modelos del pasado, sino que requiere una constante apertura al Esp\u00edritu y un coraz\u00f3n atento a las nuevas formas de pobreza. La misi\u00f3n, por lo tanto, debe reimaginarse como una experiencia viva, capaz de hablar a las heridas y esperanzas de la humanidad actual.<\/p>\n\n\n\n<p><strong>Crisis y Liminalidad: Oportunidades para el Renacer<\/strong><br>Uno de los pasajes m\u00e1s conmovedores de la presentaci\u00f3n se centr\u00f3 en la interpretaci\u00f3n de la crisis como una oportunidad, haciendo eco de las palabras del Papa Francisco. \u00abNo nos dejemos robar la esperanza\u00bb, record\u00f3 el Padre Cristian, enfatizando el tiempo de liminalidad (una situaci\u00f3n de incertidumbre, transformaci\u00f3n y posibilidad) que la Iglesia y la Congregaci\u00f3n est\u00e1n experimentando. En esta dif\u00edcil pero fruct\u00edfera transici\u00f3n, los Redentoristas estamos llamados a ser &#8220;misioneros de la Esperanza&#8221;, hombres capaces de habitar el umbral, de escuchar y acompa\u00f1ar, incluso cuando todo parece incierto. Es precisamente en la oscuridad donde puede brillar la luz de una fe aut\u00e9ntica y activa.<\/p>\n\n\n\n<p><strong>Un Nuevo Paradigma para la Misi\u00f3n<\/strong><br>En un mundo cada vez m\u00e1s multicultural y multirreligioso, la misi\u00f3n requiere un cambio de paradigma. No se trata de negar el pasado, sino de continuar en la continuidad, abri\u00e9ndonos tambi\u00e9n a nuevas formas de testimonio y servicio. El Padre Cristian enfatiz\u00f3 que el Evangelio nunca pierde su poder transformador, sino que necesita encarnarse en gestos y palabras concretas que generen vida. La misi\u00f3n nace de un testimonio de vida capaz de generar otra vida, como una semilla que da fruto donde es acogida con un coraz\u00f3n generoso.<\/p>\n\n\n\n<p><strong>El Testimonio del Padre Pauly Winfried: Una Pastoral Encarnada<\/strong><br>La segunda parte del encuentro cont\u00f3 con el valioso testimonio del Padre Pauly Winfried, quien comparti\u00f3 su experiencia de ministerio social encarnado. A trav\u00e9s de un estilo de vida sencillo y una atenci\u00f3n a las periferias, el Padre Pauly hizo visible la misericordia de Dios en las situaciones m\u00e1s dif\u00edciles, invitando a todos a vivir seg\u00fan el lema: \u00abVive de tal manera que te pregunten por qu\u00e9 vives as\u00ed\u00bb. Un llamado a ser signos inquisitivos, a plantear preguntas en lugar de ofrecer respuestas prefabricadas, a encarnar el Evangelio en la sencillez de los gestos cotidianos. Su experiencia conmovi\u00f3 a los participantes, inspirando una renovada pasi\u00f3n por el anuncio y el servicio.<\/p>\n\n\n\n<p><strong>Espacio de di\u00e1logo y pr\u00f3ximos pasos<\/strong><br>La reuni\u00f3n concluy\u00f3 con un espacio de di\u00e1logo fraterno, en el que surgieron preguntas, reflexiones y prop\u00f3sitos concretos para el futuro. El di\u00e1logo abierto nos permiti\u00f3 compartir nuestras luchas y esperanzas, fortaleciendo nuestro sentido de pertenencia y la conciencia de que, juntos, podemos afrontar cualquier desaf\u00edo. La pr\u00f3xima reuni\u00f3n ya est\u00e1 programada para el 1 de diciembre: un nuevo tiempo de gracia y crecimiento para seguir siendo, ahora m\u00e1s que nunca, misioneros de la Esperanza en un mundo sediento del Evangelio.<\/p>\n\n\n\n<p><strong>Agradecimientos<\/strong><\/p>\n\n\n\n<p>Agradecemos de coraz\u00f3n al Padre Cristian por su inestimable disponibilidad, as\u00ed como a los Secretariados de Formaci\u00f3n, Espiritualidad y Evangelizaci\u00f3n, quienes nos brindaron un espacio de escucha y di\u00e1logo.<\/p>\n\n\n\n<p>Agradecemos tambi\u00e9n de coraz\u00f3n a los traductores, cuya disponibilidad y profesionalidad permitieron una comunicaci\u00f3n eficaz e inclusiva durante la reuni\u00f3n.<\/p>\n\n\n\n<p>P. Gennaro Sorrentino CSsR<br>Superior Provincial de Europa del Sur<\/p>\n","protected":false},"excerpt":{"rendered":"<p>Informe del Primer Encuentro Provincial de Formaci\u00f3n PermanenteProvincia de Europa del Sur Un Encuentro de Intercambio y Renovaci\u00f3n El 24 de noviembre, aproximadamente ochenta cohermanos se reunieron v\u00eda Zoom para el primer Encuentro Provincial de Formaci\u00f3n Permanente, un momento de profunda comuni\u00f3n y reflexi\u00f3n. En un momento marcado por desaf\u00edos e incertidumbres, la fraternidad se [&hellip;]<\/p>\n","protected":false},"author":3,"featured_media":29372,"comment_status":"closed","ping_status":"closed","sticky":false,"template":"","format":"standard","meta":[],"categories":[16],"tags":[],"_links":{"self":[{"href":"https:\/\/www.cssr.news\/spanish\/wp-json\/wp\/v2\/posts\/29369"}],"collection":[{"href":"https:\/\/www.cssr.news\/spanish\/wp-json\/wp\/v2\/posts"}],"about":[{"href":"https:\/\/www.cssr.news\/spanish\/wp-json\/wp\/v2\/types\/post"}],"author":[{"embeddable":true,"href":"https:\/\/www.cssr.news\/spanish\/wp-json\/wp\/v2\/users\/3"}],"replies":[{"embeddable":true,"href":"https:\/\/www.cssr.news\/spanish\/wp-json\/wp\/v2\/comments?post=29369"}],"version-history":[{"count":1,"href":"https:\/\/www.cssr.news\/spanish\/wp-json\/wp\/v2\/posts\/29369\/revisions"}],"predecessor-version":[{"id":29373,"href":"https:\/\/www.cssr.news\/spanish\/wp-json\/wp\/v2\/posts\/29369\/revisions\/29373"}],"wp:featuredmedia":[{"embeddable":true,"href":"https:\/\/www.cssr.news\/spanish\/wp-json\/wp\/v2\/media\/29372"}],"wp:attachment":[{"href":"https:\/\/www.cssr.news\/spanish\/wp-json\/wp\/v2\/media?parent=29369"}],"wp:term":[{"taxonomy":"category","embeddable":true,"href":"https:\/\/www.cssr.news\/spanish\/wp-json\/wp\/v2\/categories?post=29369"},{"taxonomy":"post_tag","embeddable":true,"href":"https:\/\/www.cssr.news\/spanish\/wp-json\/wp\/v2\/tags?post=29369"}],"curies":[{"name":"wp","href":"https:\/\/api.w.org\/{rel}","templated":true}]}}