{"id":29374,"date":"2025-11-28T19:44:00","date_gmt":"2025-11-28T17:44:00","guid":{"rendered":"https:\/\/www.cssr.news\/spanish\/?p=29374"},"modified":"2025-12-01T11:10:24","modified_gmt":"2025-12-01T09:10:24","slug":"caminando-juntos-en-la-mision-academica","status":"publish","type":"post","link":"https:\/\/www.cssr.news\/spanish\/2025\/11\/caminando-juntos-en-la-mision-academica\/","title":{"rendered":"Caminando juntos en la misi\u00f3n acad\u00e9mica"},"content":{"rendered":"\n<h2><strong>Entrevista al P. An\u00edsio Tavares, nuevo director del Colegio Mayor de Roma<\/strong><\/h2>\n\n\n\n<p>Con el inicio del nuevo a\u00f1o acad\u00e9mico 2025-2026, el padre An\u00edsio Tavares CSsR ha asumido el cargo de director del Colegio Mayor de Roma. Esta comunidad est\u00e1 formada por redentoristas que han llegado a la Ciudad Eterna para cursar estudios de licenciatura y doctorado en diferentes universidades romanas. Actualmente son 22 hermanos, procedentes de diferentes provincias de la Congregaci\u00f3n.<\/p>\n\n\n\n<p>Scala News ha solicitado una entrevista al padre An\u00edsio para presentar a nuestros hermanos y colaboradores en la misi\u00f3n tanto al nuevo director del Colegio Mayor como a la importante comunidad formativa de nuestra Congregaci\u00f3n que es el Colegio Mayor de Roma.<\/p>\n\n\n\n<figure class=\"wp-block-gallery columns-3 is-cropped\"><ul class=\"blocks-gallery-grid\"><li class=\"blocks-gallery-item\"><figure><a href=\"http:\/\/www.cssr.news\/wp-content\/uploads\/2025\/11\/WhatsApp-Image-2025-11-28-at-21.51.38.jpeg\"><img src=\"http:\/\/www.cssr.news\/wp-content\/uploads\/2025\/11\/WhatsApp-Image-2025-11-28-at-21.51.38-1024x768.jpeg\" alt=\"\" data-id=\"39525\" data-full-url=\"http:\/\/www.cssr.news\/wp-content\/uploads\/2025\/11\/WhatsApp-Image-2025-11-28-at-21.51.38.jpeg\" data-link=\"https:\/\/www.cssr.news\/2025\/11\/walking-together-in-the-academic-mission\/whatsapp-image-2025-11-28-at-21-51-38\/\" class=\"wp-image-39525\"\/><\/a><\/figure><\/li><li class=\"blocks-gallery-item\"><figure><a href=\"http:\/\/www.cssr.news\/wp-content\/uploads\/2025\/11\/WhatsApp-Image-2025-11-28-at-21.51.39.jpeg\"><img src=\"http:\/\/www.cssr.news\/wp-content\/uploads\/2025\/11\/WhatsApp-Image-2025-11-28-at-21.51.39-1024x816.jpeg\" alt=\"\" data-id=\"39528\" data-full-url=\"http:\/\/www.cssr.news\/wp-content\/uploads\/2025\/11\/WhatsApp-Image-2025-11-28-at-21.51.39.jpeg\" data-link=\"https:\/\/www.cssr.news\/2025\/11\/walking-together-in-the-academic-mission\/whatsapp-image-2025-11-28-at-21-51-39\/\" class=\"wp-image-39528\"\/><\/a><\/figure><\/li><li class=\"blocks-gallery-item\"><figure><a href=\"http:\/\/www.cssr.news\/wp-content\/uploads\/2025\/11\/WhatsApp-Image-2025-11-28-at-21.51.37.jpeg\"><img src=\"http:\/\/www.cssr.news\/wp-content\/uploads\/2025\/11\/WhatsApp-Image-2025-11-28-at-21.51.37-1024x768.jpeg\" alt=\"\" data-id=\"39527\" data-full-url=\"http:\/\/www.cssr.news\/wp-content\/uploads\/2025\/11\/WhatsApp-Image-2025-11-28-at-21.51.37.jpeg\" data-link=\"https:\/\/www.cssr.news\/2025\/11\/walking-together-in-the-academic-mission\/whatsapp-image-2025-11-28-at-21-51-37\/\" class=\"wp-image-39527\"\/><\/a><\/figure><\/li><li class=\"blocks-gallery-item\"><figure><a href=\"http:\/\/www.cssr.news\/wp-content\/uploads\/2025\/11\/WhatsApp-Image-2025-11-28-at-21.51.36.jpeg\"><img src=\"http:\/\/www.cssr.news\/wp-content\/uploads\/2025\/11\/WhatsApp-Image-2025-11-28-at-21.51.36-1024x610.jpeg\" alt=\"\" data-id=\"39524\" data-full-url=\"http:\/\/www.cssr.news\/wp-content\/uploads\/2025\/11\/WhatsApp-Image-2025-11-28-at-21.51.36.jpeg\" data-link=\"https:\/\/www.cssr.news\/2025\/11\/walking-together-in-the-academic-mission\/whatsapp-image-2025-11-28-at-21-51-36\/\" class=\"wp-image-39524\"\/><\/a><\/figure><\/li><\/ul><\/figure>\n\n\n\n<p><strong>\u00bfPuede contarnos los or\u00edgenes de su vocaci\u00f3n y las experiencias que han marcado su camino hacia el sacerdocio?<\/strong><\/p>\n\n\n\n<p>Soy hijo de Jos\u00e9 Tavares y Helena Alves Tavares, nac\u00ed el 19 de mayo de 1981 en Avar\u00e9, en el estado de San Pablo, Brasil. Soy el menor de seis hermanos: dos varones y tres mujeres. Mi vocaci\u00f3n sacerdotal tiene ra\u00edces profundas, que se remontan a la infancia. Mi familia me transmiti\u00f3 una religiosidad sencilla pero intensa, hecha de rosarios, novenas y participaci\u00f3n en las celebraciones parroquiales.<\/p>\n\n\n\n<p>Un episodio que marc\u00f3 mi vida se remonta a cuando ten\u00eda seis a\u00f1os: durante la misa del Corpus Domini en la iglesia parroquial de S\u00e3o Benedito, mientras sal\u00edamos para la procesi\u00f3n, desde la torre reson\u00f3 el canto \u00abTe amarei, Senhor\u00bb. Fue en ese momento cuando sent\u00ed encenderse en mi coraz\u00f3n la llamada a la vida sacerdotal.<\/p>\n\n\n\n<p>En 1994, mi familia se mud\u00f3 del campo a la ciudad. All\u00ed termin\u00e9 mis estudios b\u00e1sicos en 1995 y empec\u00e9 a trabajar como reparador de cocinas y lavadoras. La vida urbana tambi\u00e9n me ofreci\u00f3 una rica experiencia eclesial: participaba en los grupos juveniles de la parroquia Nossa Senhora das Dores &#8211; Comunidad Santo Expedito, fui catequista, tocaba la guitarra durante las misas y celebraciones, y viv\u00ed un breve noviazgo de cinco meses. En ese per\u00edodo, tambi\u00e9n serv\u00ed como ministro extraordinario de la Sagrada Comuni\u00f3n, asistiendo a los enfermos en la parroquia de S\u00e3o Jos\u00e9.<\/p>\n\n\n\n<p>A pesar de estas experiencias, la llamada al sacerdocio se hac\u00eda cada vez m\u00e1s fuerte. Comenc\u00e9 un serio proceso de discernimiento, pregunt\u00e1ndome qu\u00e9 significaba eso para mi vida. Fue una se\u00f1ora de la comunidad, Do\u00f1a Yolanda, quien me present\u00f3 a los Misioneros Redentoristas. A partir de ese momento, la vocaci\u00f3n misionera comenz\u00f3 a tomar forma y fuerza. Reanud\u00e9 mis estudios y termin\u00e9 la preparatoria entre 2001 y 2002. Entonces decid\u00ed ponerme en contacto con los Redentoristas de Aparecida. Despu\u00e9s de un acompa\u00f1amiento vocacional, dej\u00e9 mi trabajo y entr\u00e9 en el Programa Preparatorio en febrero de 2003.<\/p>\n\n\n\n<p><strong>\u00bfCu\u00e1les han sido las etapas fundamentales de su formaci\u00f3n religiosa y los cargos que ha desempe\u00f1ado en la Congregaci\u00f3n?<\/strong><\/p>\n\n\n\n<p>El 2 de febrero de 2008, hice mi profesi\u00f3n en la Congregaci\u00f3n del Sant\u00edsimo Redentor. Fui ordenado di\u00e1cono el 24 de marzo de 2012 y sacerdote el 11 de agosto del mismo a\u00f1o. Despu\u00e9s de mis estudios de Teolog\u00eda, fui nombrado director del Seminario Menor Santo Afonso en Aparecida-SP. Excepto los a\u00f1os 2015 y 2017, que pas\u00e9 en el Colegio Mayor, siempre he desempe\u00f1ado funciones de formador: de 2018 a 2020 en el Juniorado de S\u00e3o Paulo, y de 2021 a 2024 en el Postulantado de Belo Horizonte. Estos a\u00f1os han sido para m\u00ed una oportunidad para profundizar y madurar en mi vocaci\u00f3n redentorista.<\/p>\n\n\n\n<p>De 2019 a 2023, form\u00e9 parte del gobierno provincial, precisamente durante el per\u00edodo de preparaci\u00f3n para el proceso de reconfiguraci\u00f3n de la Congregaci\u00f3n. Tambi\u00e9n en 2019, fui nombrado vicepostulador de la Causa de Beatificaci\u00f3n y Canonizaci\u00f3n del P. Vitor Coelho de Almeida, conocido como el Ap\u00f3stol de Aparecida.<\/p>\n\n\n\n<p>Este a\u00f1o he concluido mi trayectoria acad\u00e9mica en la Facultad Jesuita de Filosof\u00eda y Teolog\u00eda (FAJE) de Belo Horizonte, en Brasil, obteniendo el doctorado en Teolog\u00eda Moral. Al llegar a Roma, asum\u00ed el cargo de director del Colegio Mayor San Alfonso y de profesor asistente en la Academia Alfonsiana.<\/p>\n\n\n\n<figure class=\"wp-block-gallery aligncenter columns-3 is-cropped\"><ul class=\"blocks-gallery-grid\"><li class=\"blocks-gallery-item\"><figure><a href=\"http:\/\/www.cssr.news\/italian\/wp-content\/uploads\/sites\/2\/2025\/11\/p-Anisio-cssr5-ed.jpg\"><img src=\"http:\/\/www.cssr.news\/italian\/wp-content\/uploads\/sites\/2\/2025\/11\/p-Anisio-cssr5-ed-1024x768.jpg\" alt=\"\" data-id=\"31621\" data-full-url=\"http:\/\/www.cssr.news\/italian\/wp-content\/uploads\/sites\/2\/2025\/11\/p-Anisio-cssr5-ed.jpg\" data-link=\"https:\/\/www.cssr.news\/italian\/?attachment_id=31621\" class=\"wp-image-31621\"\/><\/a><\/figure><\/li><li class=\"blocks-gallery-item\"><figure><a href=\"http:\/\/www.cssr.news\/italian\/wp-content\/uploads\/sites\/2\/2025\/11\/p-Anisio-cssr2ed.jpg\"><img src=\"http:\/\/www.cssr.news\/italian\/wp-content\/uploads\/sites\/2\/2025\/11\/p-Anisio-cssr2ed.jpg\" alt=\"\" data-id=\"31620\" data-full-url=\"http:\/\/www.cssr.news\/italian\/wp-content\/uploads\/sites\/2\/2025\/11\/p-Anisio-cssr2ed.jpg\" data-link=\"https:\/\/www.cssr.news\/italian\/?attachment_id=31620\" class=\"wp-image-31620\"\/><\/a><\/figure><\/li><li class=\"blocks-gallery-item\"><figure><a href=\"http:\/\/www.cssr.news\/italian\/wp-content\/uploads\/sites\/2\/2025\/11\/p-Anisio-cssr7ed.jpg\"><img src=\"http:\/\/www.cssr.news\/italian\/wp-content\/uploads\/sites\/2\/2025\/11\/p-Anisio-cssr7ed-1024x683.jpg\" alt=\"\" data-id=\"31622\" data-full-url=\"http:\/\/www.cssr.news\/italian\/wp-content\/uploads\/sites\/2\/2025\/11\/p-Anisio-cssr7ed.jpg\" data-link=\"https:\/\/www.cssr.news\/italian\/?attachment_id=31622\" class=\"wp-image-31622\"\/><\/a><\/figure><\/li><\/ul><figcaption class=\"blocks-gallery-caption\"><em>Foto dall&#8217;archivio privato di P. An\u00edsio.<\/em><\/figcaption><\/figure>\n\n\n\n<p><strong>\u00bfC\u00f3mo vivi\u00f3 el momento de su nombramiento como director del Colegio Mayor?<\/strong><\/p>\n\n\n\n<p>La realidad del Colegio Mayor no me era del todo desconocida: ya hab\u00eda formado parte de esta comunidad durante mis estudios de Licenciatura en Teolog\u00eda Moral en la Academia Alfonsiana entre 2015 y 2017, desempe\u00f1ando tambi\u00e9n durante un tiempo el cargo de vicedirector. Sin embargo, despu\u00e9s de casi diez a\u00f1os, la realidad actual presenta nuevas oportunidades y retos. Cuando asum\u00ed oficialmente el cargo el 1 de octubre de 2025, sent\u00ed el peso de la responsabilidad, pero tambi\u00e9n una gran alegr\u00eda por la oportunidad de contribuir, junto con mis hermanos, a esta importante misi\u00f3n de estudio y formaci\u00f3n.<\/p>\n\n\n\n<p><strong>\u00bfCu\u00e1l es la realidad que caracteriza hoy al Colegio Mayor?<\/strong><\/p>\n\n\n\n<p>El Colegio Mayor San Alfonso es una comunidad din\u00e1mica, compuesta por hermanos que estudian en diferentes universidades y facultades de Roma, cada uno con ritmos de vida diferentes a los de la vida acad\u00e9mica tradicional. Nuestra misi\u00f3n principal es ofrecer un contexto comunitario que permita vivir plenamente todas las dimensiones de la vida redentorista. A pesar de las continuas llegadas y salidas, formamos un cuerpo misionero que busca profundizar y vivir la identidad redentorista.<\/p>\n\n\n\n<p><strong>El Colegio forma parte de la Comunidad de San Alfonso, que tambi\u00e9n incluye a profesores de la Academia Alfonsiana, hermanos de la Curia General y del Santuario. \u00bfC\u00f3mo piensa colaborar con esta realidad m\u00e1s amplia?<\/strong><\/p>\n\n\n\n<p>La colaboraci\u00f3n entre los miembros del Colegio y la comunidad ampliada es esencial para formar un \u00fanico cuerpo misionero. Participamos activamente en las actividades del Santuario de Nuestra Se\u00f1ora del Perpetuo Socorro, en el Consejo de Comunidad y en otras iniciativas. Los estudiantes pueden contar con el apoyo de los hermanos que trabajan en los distintos sectores de la Casa Generalicia, mientras que otros hermanos, procedentes de diferentes comunidades, contribuyen a nuestra formaci\u00f3n, por ejemplo, durante los retiros o las visitas a los lugares de San Alfonso y San Clemente.<\/p>\n\n\n\n<p><strong>\u00bfCu\u00e1l es la misi\u00f3n principal de un Colegio para los estudiantes?<\/strong><\/p>\n\n\n\n<p>El Colegio tiene como objetivo ofrecer una estructura f\u00edsica, humana, espiritual y fraterna que permita a cada uno desarrollar al m\u00e1ximo sus estudios. Formar parte del Colegio Mayor San Alfonso no significa interrumpir la acci\u00f3n misionera, sino vivir los estudios como una dimensi\u00f3n misionera fundamental para afrontar los retos actuales de la Iglesia y de la Congregaci\u00f3n.<\/p>\n\n\n\n<p><strong>\u00bfQu\u00e9 oportunidades de crecimiento ve para la instituci\u00f3n y para los hermanos que estudian en Roma?<\/strong><\/p>\n\n\n\n<p>Vivir en Roma, en el Colegio Mayor, ya representa en s\u00ed mismo una oportunidad de crecimiento personal e institucional. Cada hermano tiene la oportunidad de ampliar su visi\u00f3n y comprensi\u00f3n de la misi\u00f3n redentorista en el mundo. La Congregaci\u00f3n, a su vez, se enriquece gracias al intercambio de experiencias entre los hermanos. Otra gran oportunidad es la vida acad\u00e9mica y eclesial en Roma: participar en eventos y celebraciones en el Vaticano, o conocer directamente realidades que a menudo solo se estudian en los libros, enriquece la experiencia de ser Iglesia misionera.<\/p>\n\n\n\n<p><strong>\u00bfQu\u00e9 cualidades considera fundamentales para los j\u00f3venes redentoristas que se preparan para el ministerio?<\/strong><\/p>\n\n\n\n<p>En este tiempo de Reestructuraci\u00f3n para la Misi\u00f3n, la disponibilidad misionera es fundamental. Estudiar una licenciatura o un doctorado significa profundizar en cuestiones relevantes para nuestra misi\u00f3n, contribuyendo a que el anuncio de la Copiosa Redemptio sea comprensible en la cultura actual. El estudio no es solo preparaci\u00f3n para la misi\u00f3n, sino que es misi\u00f3n en s\u00ed mismo. Otra cualidad esencial es el ardor misionero misericordioso: todo misionero debe experimentar al Dios Misericordioso y anunciar este amor a los hermanos. Tambi\u00e9n son importantes la cercan\u00eda pastoral, la capacidad de escuchar y la compasi\u00f3n hacia los que sufren. En este A\u00f1o Jubilar, no podemos olvidar la virtud de la esperanza, que \u00abnunca defrauda\u00bb (Rom 5,5). El coraz\u00f3n del misionero redentorista debe estar siempre lleno de esperanza evang\u00e9lica.<\/p>\n\n\n\n<p><strong>\u00bfC\u00f3mo integrar\u00e1 la oraci\u00f3n, la vida comunitaria y la experiencia pastoral en la formaci\u00f3n diaria?<\/strong><\/p>\n\n\n\n<p>La vida de oraci\u00f3n y las actividades comunitarias siguen el programa de la Comunidad de San Alfonso. Momentos como el retiro anual, la misa semanal de los martes y las formaciones mensuales est\u00e1n reservados al Colegio, pero no son exclusivos. La actividad pastoral se lleva a cabo a trav\u00e9s de capellan\u00edas e iniciativas misioneras ocasionales, tanto en Italia como en el extranjero. Sin embargo, la misi\u00f3n acad\u00e9mica sigue siendo la actividad principal: cada hermano es enviado por su provincia para dedicarse a tiempo completo a los estudios. La espiritualidad, la vida comunitaria y las actividades misioneras con el pueblo enriquecen este camino.<\/p>\n\n\n\n<p><strong>\u00bfCu\u00e1les son sus prioridades iniciales en el cargo de director?<\/strong><\/p>\n\n\n\n<p>La prioridad inicial es conocer a los hermanos, procedentes de diferentes pa\u00edses y culturas. Esto es esencial para acompa\u00f1arlos en su camino de estudios en Roma. Adem\u00e1s del acompa\u00f1amiento acad\u00e9mico, es fundamental cuidar la dimensi\u00f3n humana, espiritual y vocacional. Por mi experiencia, considero que la promoci\u00f3n de la vida comunitaria es crucial para afrontar y superar las crisis t\u00edpicas de la vida acad\u00e9mica. Otra prioridad es valorar la diversidad a partir de la identidad redentorista que nos une, enriqueciendo as\u00ed la convivencia en la Comunidad de San Alfonso.<\/p>\n\n\n\n<p><strong>\u00bfCu\u00e1les ser\u00e1n los principales retos y c\u00f3mo piensa afrontarlos?<\/strong><\/p>\n\n\n\n<p>El principal reto interno es motivar la vida comunitaria, para afrontar juntos el proceso de Reestructuraci\u00f3n para la Misi\u00f3n que involucra a toda la Congregaci\u00f3n. Como Colegio, debemos vivir este per\u00edodo de estudios en Roma sin perder el contacto con las provincias de origen, compartiendo experiencias para una visi\u00f3n m\u00e1s global de la misi\u00f3n. Externamente, estamos llamados a estar en sinton\u00eda con una cultura globalizada, tecnol\u00f3gica y plural. Comprender las crisis ambientales, migratorias, pol\u00edticas y econ\u00f3micas es fundamental para interactuar con la sociedad actual. En una \u00e9poca rica en informaci\u00f3n y conexiones, estamos llamados a ser misioneros del di\u00e1logo y la fraternidad.<\/p>\n\n\n\n<p><strong>\u00bfCu\u00e1les son sus esperanzas para el futuro del Colegio?<\/strong><\/p>\n\n\n\n<p>Espero continuar el trabajo ya iniciado, permaneciendo atento a las nuevas necesidades del presente. Mi objetivo es promover la escucha, el di\u00e1logo, la acogida y la presencia como elementos clave de mi direcci\u00f3n. Deseo una convivencia fraterna, un compromiso intelectual y vocacional misionero, para el presente y el futuro del Colegio Mayor San Alfonso.<\/p>\n\n\n\n<p><strong>\u00bfQu\u00e9 mensaje desea transmitir a los estudiantes al inicio de esta nueva misi\u00f3n?<\/strong><\/p>\n\n\n\n<p>Comenzamos un nuevo cap\u00edtulo en la historia del Colegio. Honramos la tradici\u00f3n construida hasta ahora y afrontamos el presente, con sus oportunidades y desaf\u00edos. Caminemos unidos en la misi\u00f3n acad\u00e9mica, apoy\u00e1ndonos mutuamente en este camino de aprendizaje, con vistas a nuestra acci\u00f3n misionera redentorista.<\/p>\n\n\n\n<p><strong>Gracias, P. An\u00edsio, por compartir su trayectoria y su visi\u00f3n. Deseamos que su servicio d\u00e9 buenos frutos a la comunidad del Colegio Mayor y a la Congregaci\u00f3n Redentorista.<\/strong><\/p>\n\n\n\n<p><em>Scala News<\/em><\/p>\n","protected":false},"excerpt":{"rendered":"<p>Entrevista al P. An\u00edsio Tavares, nuevo director del Colegio Mayor de Roma Con el inicio del nuevo a\u00f1o acad\u00e9mico 2025-2026, el padre An\u00edsio Tavares CSsR ha asumido el cargo de director del Colegio Mayor de Roma. Esta comunidad est\u00e1 formada por redentoristas que han llegado a la Ciudad Eterna para cursar estudios de licenciatura y [&hellip;]<\/p>\n","protected":false},"author":23,"featured_media":29395,"comment_status":"closed","ping_status":"closed","sticky":false,"template":"","format":"standard","meta":[],"categories":[2],"tags":[],"_links":{"self":[{"href":"https:\/\/www.cssr.news\/spanish\/wp-json\/wp\/v2\/posts\/29374"}],"collection":[{"href":"https:\/\/www.cssr.news\/spanish\/wp-json\/wp\/v2\/posts"}],"about":[{"href":"https:\/\/www.cssr.news\/spanish\/wp-json\/wp\/v2\/types\/post"}],"author":[{"embeddable":true,"href":"https:\/\/www.cssr.news\/spanish\/wp-json\/wp\/v2\/users\/23"}],"replies":[{"embeddable":true,"href":"https:\/\/www.cssr.news\/spanish\/wp-json\/wp\/v2\/comments?post=29374"}],"version-history":[{"count":4,"href":"https:\/\/www.cssr.news\/spanish\/wp-json\/wp\/v2\/posts\/29374\/revisions"}],"predecessor-version":[{"id":29381,"href":"https:\/\/www.cssr.news\/spanish\/wp-json\/wp\/v2\/posts\/29374\/revisions\/29381"}],"wp:featuredmedia":[{"embeddable":true,"href":"https:\/\/www.cssr.news\/spanish\/wp-json\/wp\/v2\/media\/29395"}],"wp:attachment":[{"href":"https:\/\/www.cssr.news\/spanish\/wp-json\/wp\/v2\/media?parent=29374"}],"wp:term":[{"taxonomy":"category","embeddable":true,"href":"https:\/\/www.cssr.news\/spanish\/wp-json\/wp\/v2\/categories?post=29374"},{"taxonomy":"post_tag","embeddable":true,"href":"https:\/\/www.cssr.news\/spanish\/wp-json\/wp\/v2\/tags?post=29374"}],"curies":[{"name":"wp","href":"https:\/\/api.w.org\/{rel}","templated":true}]}}