{"id":2938,"date":"2016-11-16T16:11:22","date_gmt":"2016-11-16T16:11:22","guid":{"rendered":"http:\/\/www.cssr.news\/spanish\/?p=2938"},"modified":"2016-11-16T16:11:22","modified_gmt":"2016-11-16T16:11:22","slug":"cual-es-el-tema-o-el-mensaje-del-capitulo-que-usted-desearia-llevar-a-su-unidad","status":"publish","type":"post","link":"https:\/\/www.cssr.news\/spanish\/2016\/11\/cual-es-el-tema-o-el-mensaje-del-capitulo-que-usted-desearia-llevar-a-su-unidad\/","title":{"rendered":"\u00bfCu\u00e1l es el tema o el mensaje del Cap\u00edtulo que usted desear\u00eda llevar a su unidad?"},"content":{"rendered":"<p style=\"text-align: justify;\">Noviembre 16, 3 p.m. Iniciamos los trabajos capitulares con la oraci\u00f3n a cargo de la Viceprovincia de Michalovce, Rep\u00fablica Eslovaca; Iglesia Greco-Cat\u00f3lica, rito bizantino. La oraci\u00f3n estuvo inspirada en el beato m\u00e1rtir Metod Dominik Trcka quien fue el primer viceprovincial de esta unidad. Oramos pidiendo su intercesi\u00f3n.<\/p>\n<p style=\"text-align: justify;\">Non informaron que ma\u00f1ana, jueves, tendremos eucarist\u00eda por conferencias y se tomar\u00e1n las fotograf\u00edas oficiales del Cap\u00edtulo.<\/p>\n<p style=\"text-align: justify;\"><a href=\"http:\/\/www.cssr.news\/spanish\/wp-content\/uploads\/sites\/3\/2016\/11\/31019721745_97b5d2ccc6_k.jpg\"><img class=\"aligncenter size-full wp-image-2940\" src=\"http:\/\/www.cssr.news\/spanish\/wp-content\/uploads\/sites\/3\/2016\/11\/31019721745_97b5d2ccc6_k.jpg\" alt=\"31019721745_97b5d2ccc6_k\" width=\"2048\" height=\"1365\" srcset=\"https:\/\/www.cssr.news\/spanish\/wp-content\/uploads\/sites\/3\/2016\/11\/31019721745_97b5d2ccc6_k.jpg 2048w, https:\/\/www.cssr.news\/spanish\/wp-content\/uploads\/sites\/3\/2016\/11\/31019721745_97b5d2ccc6_k-300x200.jpg 300w, https:\/\/www.cssr.news\/spanish\/wp-content\/uploads\/sites\/3\/2016\/11\/31019721745_97b5d2ccc6_k-768x512.jpg 768w, https:\/\/www.cssr.news\/spanish\/wp-content\/uploads\/sites\/3\/2016\/11\/31019721745_97b5d2ccc6_k-1024x683.jpg 1024w, https:\/\/www.cssr.news\/spanish\/wp-content\/uploads\/sites\/3\/2016\/11\/31019721745_97b5d2ccc6_k-696x464.jpg 696w, https:\/\/www.cssr.news\/spanish\/wp-content\/uploads\/sites\/3\/2016\/11\/31019721745_97b5d2ccc6_k-1068x712.jpg 1068w, https:\/\/www.cssr.news\/spanish\/wp-content\/uploads\/sites\/3\/2016\/11\/31019721745_97b5d2ccc6_k-630x420.jpg 630w\" sizes=\"(max-width: 2048px) 100vw, 2048px\" \/><\/a>La tarde se destin\u00f3 para trabajar por grupos con los siguientes objetivos:<\/p>\n<p style=\"text-align: justify;\">1.\u00a0\u00a0\u00a0\u00a0 Responder a la pregunta \u00bfCu\u00e1l es el tema o el mensaje del Cap\u00edtulo que usted desear\u00eda llevar a su unidad?<\/p>\n<p style=\"text-align: justify;\">2.\u00a0\u00a0\u00a0\u00a0 Continuar con la lectura, an\u00e1lisis y votaci\u00f3n indicativa de la \u00faltima parte del documento de trabajo.<\/p>\n<p style=\"text-align: justify;\"><a href=\"http:\/\/www.cssr.news\/spanish\/wp-content\/uploads\/sites\/3\/2016\/11\/30717958150_978b4bf28e_k.jpg\"><img class=\"aligncenter size-full wp-image-2941\" src=\"http:\/\/www.cssr.news\/spanish\/wp-content\/uploads\/sites\/3\/2016\/11\/30717958150_978b4bf28e_k.jpg\" alt=\"30717958150_978b4bf28e_k\" width=\"2048\" height=\"1365\" srcset=\"https:\/\/www.cssr.news\/spanish\/wp-content\/uploads\/sites\/3\/2016\/11\/30717958150_978b4bf28e_k.jpg 2048w, https:\/\/www.cssr.news\/spanish\/wp-content\/uploads\/sites\/3\/2016\/11\/30717958150_978b4bf28e_k-300x200.jpg 300w, https:\/\/www.cssr.news\/spanish\/wp-content\/uploads\/sites\/3\/2016\/11\/30717958150_978b4bf28e_k-768x512.jpg 768w, https:\/\/www.cssr.news\/spanish\/wp-content\/uploads\/sites\/3\/2016\/11\/30717958150_978b4bf28e_k-1024x683.jpg 1024w, https:\/\/www.cssr.news\/spanish\/wp-content\/uploads\/sites\/3\/2016\/11\/30717958150_978b4bf28e_k-696x464.jpg 696w, https:\/\/www.cssr.news\/spanish\/wp-content\/uploads\/sites\/3\/2016\/11\/30717958150_978b4bf28e_k-1068x712.jpg 1068w, https:\/\/www.cssr.news\/spanish\/wp-content\/uploads\/sites\/3\/2016\/11\/30717958150_978b4bf28e_k-630x420.jpg 630w\" sizes=\"(max-width: 2048px) 100vw, 2048px\" \/><\/a>Sobre el primer campo de di\u00e1logo, dimos muchas respuestas que todav\u00eda no est\u00e1n consolidadas por los secretarios de los grupos. Podemos acercarnos a algunas de estas respuestas as\u00ed:<\/p>\n<p style=\"text-align: justify;\">&#8211;\u00a0 Continuaci\u00f3n de la reestructuraci\u00f3n, proceso permanente, las estructuras de las conferencias no pueden responder a todos los retos, pero generan nuevos desaf\u00edos y respuestas.<\/p>\n<p style=\"text-align: justify;\">&#8211; La revitalizaci\u00f3n de la vida consagrada redentorista en todas sus dimensiones (conversi\u00f3n, disponibilidad, la fraternidad, ejemplo de vida, espiritualidad, etc.).<\/p>\n<p style=\"text-align: justify;\">&#8211; La misi\u00f3n redentorista en la cual creemos. Nuestro carisma. Somos sensibles ante el clamor de los pobres.<\/p>\n<p style=\"text-align: justify;\">&#8211; La solidaridad en sus diferentes expresiones, recorrer caminos de esperanza, la promoci\u00f3n vocacional, los laicos y la misi\u00f3n compartida, formaci\u00f3n inicial y continua.<\/p>\n<p style=\"text-align: justify;\">Despu\u00e9s del descanso, dedicamos el tiempo a leer, dialogar y votar sobre las propuestas y postulados de la Reestructuraci\u00f3n de la Curia General y del Gobierno General.<\/p>\n<p style=\"text-align: justify;\">A las 6 de la tarde abandonamos la sala capitular.<\/p>\n<p style=\"text-align: justify;\">P. Jorge G\u00f3mez Rueda, CSsR<\/p>\n<p>&nbsp;<\/p>\n","protected":false},"excerpt":{"rendered":"<p>Noviembre 16, 3 p.m. Iniciamos los trabajos capitulares con la oraci\u00f3n a cargo de la Viceprovincia de Michalovce, Rep\u00fablica Eslovaca; Iglesia Greco-Cat\u00f3lica, rito bizantino. La oraci\u00f3n estuvo inspirada en el beato m\u00e1rtir Metod Dominik Trcka quien fue el primer viceprovincial de esta unidad. Oramos pidiendo su intercesi\u00f3n. Non informaron que ma\u00f1ana, jueves, tendremos eucarist\u00eda por [&hellip;]<\/p>\n","protected":false},"author":1,"featured_media":2939,"comment_status":"closed","ping_status":"closed","sticky":false,"template":"","format":"standard","meta":[],"categories":[25],"tags":[],"_links":{"self":[{"href":"https:\/\/www.cssr.news\/spanish\/wp-json\/wp\/v2\/posts\/2938"}],"collection":[{"href":"https:\/\/www.cssr.news\/spanish\/wp-json\/wp\/v2\/posts"}],"about":[{"href":"https:\/\/www.cssr.news\/spanish\/wp-json\/wp\/v2\/types\/post"}],"author":[{"embeddable":true,"href":"https:\/\/www.cssr.news\/spanish\/wp-json\/wp\/v2\/users\/1"}],"replies":[{"embeddable":true,"href":"https:\/\/www.cssr.news\/spanish\/wp-json\/wp\/v2\/comments?post=2938"}],"version-history":[{"count":1,"href":"https:\/\/www.cssr.news\/spanish\/wp-json\/wp\/v2\/posts\/2938\/revisions"}],"predecessor-version":[{"id":2942,"href":"https:\/\/www.cssr.news\/spanish\/wp-json\/wp\/v2\/posts\/2938\/revisions\/2942"}],"wp:featuredmedia":[{"embeddable":true,"href":"https:\/\/www.cssr.news\/spanish\/wp-json\/wp\/v2\/media\/2939"}],"wp:attachment":[{"href":"https:\/\/www.cssr.news\/spanish\/wp-json\/wp\/v2\/media?parent=2938"}],"wp:term":[{"taxonomy":"category","embeddable":true,"href":"https:\/\/www.cssr.news\/spanish\/wp-json\/wp\/v2\/categories?post=2938"},{"taxonomy":"post_tag","embeddable":true,"href":"https:\/\/www.cssr.news\/spanish\/wp-json\/wp\/v2\/tags?post=2938"}],"curies":[{"name":"wp","href":"https:\/\/api.w.org\/{rel}","templated":true}]}}