{"id":29385,"date":"2025-12-01T10:54:05","date_gmt":"2025-12-01T08:54:05","guid":{"rendered":"https:\/\/www.cssr.news\/spanish\/?p=29385"},"modified":"2025-12-01T11:10:55","modified_gmt":"2025-12-01T09:10:55","slug":"espana-premio-carisma-de-formacion-y-espiritualidad-a-marciano-vidal-cssr","status":"publish","type":"post","link":"https:\/\/www.cssr.news\/spanish\/2025\/12\/espana-premio-carisma-de-formacion-y-espiritualidad-a-marciano-vidal-cssr\/","title":{"rendered":"Espa\u00f1a: Premio Carisma de Formaci\u00f3n y Espiritualidad a Marciano Vidal CSsR"},"content":{"rendered":"\n<p><strong>El 25 de noviembre de 2025 la CONFER (Conferencia Espa\u00f1ola de Religiosos) ha celebrado la VI edici\u00f3n de los Premios Carisma en Madrid, Espa\u00f1a para quienes actualmente han destacado en el compromiso social como reflejo vivo de los valores cristianos. Uno de ellos, el Premio Carisma de Formaci\u00f3n y Espiritualidad ha sido entregado al te\u00f3logo sacerdote redentorista Marciano Vidal.<\/strong><\/p>\n\n\n\n<p>\u201cLa Conferencia Espa\u00f1ola de Religiosos, la CONFER, nos ha convocado un a\u00f1o m\u00e1s para mostrar con orgullo que esta sociedad, tanto civil como eclesial, est\u00e1 colmada de personas que configuran su sentir vital y su cualificaci\u00f3n profesional al servicio de los dem\u00e1s\u201d; as\u00ed abr\u00eda Jes\u00fas D\u00edaz Sariego, presidente de la CONFER, la VI edici\u00f3n de los Premios Carisma, recordando que \u201clas religiosas y los religiosos en Espa\u00f1a queremos comunicar al conjunto de la sociedad espa\u00f1ola el bien que los premiados nos hacen\u201d.<\/p>\n\n\n\n<figure class=\"wp-block-gallery columns-3 is-cropped\"><ul class=\"blocks-gallery-grid\"><li class=\"blocks-gallery-item\"><figure><a href=\"http:\/\/www.cssr.news\/spanish\/wp-content\/uploads\/sites\/3\/2025\/12\/carisma.jpg\"><img width=\"847\" height=\"308\" src=\"http:\/\/www.cssr.news\/spanish\/wp-content\/uploads\/sites\/3\/2025\/12\/carisma.jpg\" alt=\"\" data-id=\"29389\" data-full-url=\"http:\/\/www.cssr.news\/spanish\/wp-content\/uploads\/sites\/3\/2025\/12\/carisma.jpg\" data-link=\"https:\/\/www.cssr.news\/spanish\/?attachment_id=29389\" class=\"wp-image-29389\" srcset=\"https:\/\/www.cssr.news\/spanish\/wp-content\/uploads\/sites\/3\/2025\/12\/carisma.jpg 847w, https:\/\/www.cssr.news\/spanish\/wp-content\/uploads\/sites\/3\/2025\/12\/carisma-300x109.jpg 300w, https:\/\/www.cssr.news\/spanish\/wp-content\/uploads\/sites\/3\/2025\/12\/carisma-768x279.jpg 768w, https:\/\/www.cssr.news\/spanish\/wp-content\/uploads\/sites\/3\/2025\/12\/carisma-696x253.jpg 696w\" sizes=\"(max-width: 847px) 100vw, 847px\" \/><\/a><\/figure><\/li><li class=\"blocks-gallery-item\"><figure><a href=\"http:\/\/www.cssr.news\/spanish\/wp-content\/uploads\/sites\/3\/2025\/12\/sn2025_nov25_marciano_vidal.jpg\"><img width=\"1019\" height=\"488\" src=\"http:\/\/www.cssr.news\/spanish\/wp-content\/uploads\/sites\/3\/2025\/12\/sn2025_nov25_marciano_vidal.jpg\" alt=\"\" data-id=\"29388\" data-full-url=\"http:\/\/www.cssr.news\/spanish\/wp-content\/uploads\/sites\/3\/2025\/12\/sn2025_nov25_marciano_vidal.jpg\" data-link=\"https:\/\/www.cssr.news\/spanish\/?attachment_id=29388\" class=\"wp-image-29388\" srcset=\"https:\/\/www.cssr.news\/spanish\/wp-content\/uploads\/sites\/3\/2025\/12\/sn2025_nov25_marciano_vidal.jpg 1019w, https:\/\/www.cssr.news\/spanish\/wp-content\/uploads\/sites\/3\/2025\/12\/sn2025_nov25_marciano_vidal-300x144.jpg 300w, https:\/\/www.cssr.news\/spanish\/wp-content\/uploads\/sites\/3\/2025\/12\/sn2025_nov25_marciano_vidal-768x368.jpg 768w, https:\/\/www.cssr.news\/spanish\/wp-content\/uploads\/sites\/3\/2025\/12\/sn2025_nov25_marciano_vidal-696x333.jpg 696w, https:\/\/www.cssr.news\/spanish\/wp-content\/uploads\/sites\/3\/2025\/12\/sn2025_nov25_marciano_vidal-877x420.jpg 877w\" sizes=\"(max-width: 1019px) 100vw, 1019px\" \/><\/a><\/figure><\/li><li class=\"blocks-gallery-item\"><figure><a href=\"http:\/\/www.cssr.news\/spanish\/wp-content\/uploads\/sites\/3\/2025\/12\/carisma2.jpg\"><img width=\"800\" height=\"366\" src=\"http:\/\/www.cssr.news\/spanish\/wp-content\/uploads\/sites\/3\/2025\/12\/carisma2.jpg\" alt=\"\" data-id=\"29386\" data-full-url=\"http:\/\/www.cssr.news\/spanish\/wp-content\/uploads\/sites\/3\/2025\/12\/carisma2.jpg\" data-link=\"https:\/\/www.cssr.news\/spanish\/?attachment_id=29386\" class=\"wp-image-29386\" srcset=\"https:\/\/www.cssr.news\/spanish\/wp-content\/uploads\/sites\/3\/2025\/12\/carisma2.jpg 800w, https:\/\/www.cssr.news\/spanish\/wp-content\/uploads\/sites\/3\/2025\/12\/carisma2-300x137.jpg 300w, https:\/\/www.cssr.news\/spanish\/wp-content\/uploads\/sites\/3\/2025\/12\/carisma2-768x351.jpg 768w, https:\/\/www.cssr.news\/spanish\/wp-content\/uploads\/sites\/3\/2025\/12\/carisma2-696x318.jpg 696w\" sizes=\"(max-width: 800px) 100vw, 800px\" \/><\/a><\/figure><\/li><\/ul><\/figure>\n\n\n\n<p>El <strong>Premio Carisma de Formaci\u00f3n y Espiritualidad recay\u00f3 en el te\u00f3logo Marciano Vidal, sacerdote redentorista<\/strong> octogenario cuya obra ha dejado una huella profunda. Vidal es reconocido por \u201ccolaborar de forma decisiva en la renovaci\u00f3n de la teolog\u00eda moral cat\u00f3lica en las cuatro \u00faltimas d\u00e9cadas\u201d, aplicando como redentorista las intuiciones del Concilio Vaticano II a los desaf\u00edos \u00e9ticos contempor\u00e1neos.<\/p>\n\n\n\n<p>Marciano Vidal CSsR, en sus palabras de agradecimiento ha recordado que su misi\u00f3n ha sido siempre renovar la teolog\u00eda moral, desde que particip\u00f3 en la \u00faltima reuni\u00f3n del Concilio Vaticano II, y toda su vida se ha dedicado a eso. Record\u00f3 que los centros universitarios redentoristas de Espa\u00f1a (el Instituto de Teolog\u00eda Moral) y de Roma (Academia Alfonsiana) han contribu\u00eddo a la renovaci\u00f3n de la Teolog\u00eda Moral y a la formacu\u00f3n de varias generaciones en este campo para el desarrollo \u00e9tico de la sociedad actual. Una renovacion que hemos aplicado tambi\u00e9n a la vida religiosa, ha comentado. Record\u00f3 que San Alfonso de Ligori, fundador de los redentoristas, comentaba siempre que la teolog\u00eda moral es un caos porque es algo que hay que seguir trabajando, actualizando.<\/p>\n\n\n\n<p>En el acto de entrega fueron otorgados tambi\u00e9n otros premios a diferentes personas e instituciones que han contribu\u00eddo en varios campos de la sociedad espa\u00f1ola que la CONFER llama: Carisma de Justicia y Misi\u00f3n, Educaci\u00f3n, Carisma de Salud, Comunicaci\u00f3n, Fe y Cultura, Carisma de Misi\u00f3n Compartida, Entornos Seguros y Carisma de Impacto.<\/p>\n\n\n\n<p>(vidanuevadigital.com \/ Scala News)<\/p>\n","protected":false},"excerpt":{"rendered":"<p>El 25 de noviembre de 2025 la CONFER (Conferencia Espa\u00f1ola de Religiosos) ha celebrado la VI edici\u00f3n de los Premios Carisma en Madrid, Espa\u00f1a para quienes actualmente han destacado en el compromiso social como reflejo vivo de los valores cristianos. Uno de ellos, el Premio Carisma de Formaci\u00f3n y Espiritualidad ha sido entregado al te\u00f3logo [&hellip;]<\/p>\n","protected":false},"author":3,"featured_media":29396,"comment_status":"closed","ping_status":"closed","sticky":false,"template":"","format":"standard","meta":[],"categories":[2],"tags":[],"_links":{"self":[{"href":"https:\/\/www.cssr.news\/spanish\/wp-json\/wp\/v2\/posts\/29385"}],"collection":[{"href":"https:\/\/www.cssr.news\/spanish\/wp-json\/wp\/v2\/posts"}],"about":[{"href":"https:\/\/www.cssr.news\/spanish\/wp-json\/wp\/v2\/types\/post"}],"author":[{"embeddable":true,"href":"https:\/\/www.cssr.news\/spanish\/wp-json\/wp\/v2\/users\/3"}],"replies":[{"embeddable":true,"href":"https:\/\/www.cssr.news\/spanish\/wp-json\/wp\/v2\/comments?post=29385"}],"version-history":[{"count":1,"href":"https:\/\/www.cssr.news\/spanish\/wp-json\/wp\/v2\/posts\/29385\/revisions"}],"predecessor-version":[{"id":29391,"href":"https:\/\/www.cssr.news\/spanish\/wp-json\/wp\/v2\/posts\/29385\/revisions\/29391"}],"wp:featuredmedia":[{"embeddable":true,"href":"https:\/\/www.cssr.news\/spanish\/wp-json\/wp\/v2\/media\/29396"}],"wp:attachment":[{"href":"https:\/\/www.cssr.news\/spanish\/wp-json\/wp\/v2\/media?parent=29385"}],"wp:term":[{"taxonomy":"category","embeddable":true,"href":"https:\/\/www.cssr.news\/spanish\/wp-json\/wp\/v2\/categories?post=29385"},{"taxonomy":"post_tag","embeddable":true,"href":"https:\/\/www.cssr.news\/spanish\/wp-json\/wp\/v2\/tags?post=29385"}],"curies":[{"name":"wp","href":"https:\/\/api.w.org\/{rel}","templated":true}]}}