{"id":29403,"date":"2025-12-01T13:14:24","date_gmt":"2025-12-01T11:14:24","guid":{"rendered":"https:\/\/www.cssr.news\/spanish\/?p=29403"},"modified":"2025-12-01T21:52:23","modified_gmt":"2025-12-01T19:52:23","slug":"provincia-pedro-donders-encuentro-de-animadores-laicos-redentoristas","status":"publish","type":"post","link":"https:\/\/www.cssr.news\/spanish\/2025\/12\/provincia-pedro-donders-encuentro-de-animadores-laicos-redentoristas\/","title":{"rendered":"Argentina: encuentro de Animadores Laicos Redentoristas en Resistencia"},"content":{"rendered":"\n<h3 class=\"has-text-align-center\">Encuentro de Animadores Laicos Redentoristas \u2013 Resistencia 2025<br>\u201cPeregrinos en Misi\u00f3n Compartida\u201d<\/h3>\n\n\n\n<p>Los d\u00edas 21, 22 y 23 de noviembre de 2025, la Provincia Pedro Donders celebr\u00f3 con gran alegr\u00eda el Encuentro de Animadores Laicos Redentoristas en la ciudad de Resistencia, Chaco (Argentina). Fue un espacio de enriquecimiento espiritual, formativo y comunitario, donde representantes de diversas comunidades de la Provincia Pedro Donders vivieron con entusiasmo la experiencia de ser verdaderos peregrinos en misi\u00f3n compartida. El encuentro estuvo animado y acompa\u00f1ado por el Padre Enrique L\u00f3pez, CSsR, Vicario Provincial, cuya presencia aport\u00f3 cercan\u00eda, claridad pastoral y un fuerte impulso misionero.<\/p>\n\n\n\n<figure class=\"wp-block-gallery columns-2 is-cropped\"><ul class=\"blocks-gallery-grid\"><li class=\"blocks-gallery-item\"><figure><a href=\"http:\/\/www.cssr.news\/spanish\/wp-content\/uploads\/sites\/3\/2025\/12\/sn2025_pedro_donders_dic02.jpeg\"><img width=\"1024\" height=\"483\" src=\"http:\/\/www.cssr.news\/spanish\/wp-content\/uploads\/sites\/3\/2025\/12\/sn2025_pedro_donders_dic02-1024x483.jpeg\" alt=\"\" data-id=\"29406\" data-full-url=\"http:\/\/www.cssr.news\/spanish\/wp-content\/uploads\/sites\/3\/2025\/12\/sn2025_pedro_donders_dic02.jpeg\" data-link=\"https:\/\/www.cssr.news\/spanish\/2025\/12\/provincia-pedro-donders-encuentro-de-animadores-laicos-redentoristas\/sn2025_pedro_donders_dic02\/\" class=\"wp-image-29406\" srcset=\"https:\/\/www.cssr.news\/spanish\/wp-content\/uploads\/sites\/3\/2025\/12\/sn2025_pedro_donders_dic02-1024x483.jpeg 1024w, https:\/\/www.cssr.news\/spanish\/wp-content\/uploads\/sites\/3\/2025\/12\/sn2025_pedro_donders_dic02-300x142.jpeg 300w, https:\/\/www.cssr.news\/spanish\/wp-content\/uploads\/sites\/3\/2025\/12\/sn2025_pedro_donders_dic02-768x362.jpeg 768w, https:\/\/www.cssr.news\/spanish\/wp-content\/uploads\/sites\/3\/2025\/12\/sn2025_pedro_donders_dic02-696x328.jpeg 696w, https:\/\/www.cssr.news\/spanish\/wp-content\/uploads\/sites\/3\/2025\/12\/sn2025_pedro_donders_dic02-1068x504.jpeg 1068w, https:\/\/www.cssr.news\/spanish\/wp-content\/uploads\/sites\/3\/2025\/12\/sn2025_pedro_donders_dic02-890x420.jpeg 890w, https:\/\/www.cssr.news\/spanish\/wp-content\/uploads\/sites\/3\/2025\/12\/sn2025_pedro_donders_dic02.jpeg 1280w\" sizes=\"(max-width: 1024px) 100vw, 1024px\" \/><\/a><\/figure><\/li><li class=\"blocks-gallery-item\"><figure><a href=\"http:\/\/www.cssr.news\/spanish\/wp-content\/uploads\/sites\/3\/2025\/12\/sn2025_pedro_donders_dic03.jpeg\"><img width=\"1024\" height=\"768\" src=\"http:\/\/www.cssr.news\/spanish\/wp-content\/uploads\/sites\/3\/2025\/12\/sn2025_pedro_donders_dic03-1024x768.jpeg\" alt=\"\" data-id=\"29405\" data-full-url=\"http:\/\/www.cssr.news\/spanish\/wp-content\/uploads\/sites\/3\/2025\/12\/sn2025_pedro_donders_dic03.jpeg\" data-link=\"https:\/\/www.cssr.news\/spanish\/2025\/12\/provincia-pedro-donders-encuentro-de-animadores-laicos-redentoristas\/sn2025_pedro_donders_dic03\/\" class=\"wp-image-29405\" srcset=\"https:\/\/www.cssr.news\/spanish\/wp-content\/uploads\/sites\/3\/2025\/12\/sn2025_pedro_donders_dic03-1024x768.jpeg 1024w, https:\/\/www.cssr.news\/spanish\/wp-content\/uploads\/sites\/3\/2025\/12\/sn2025_pedro_donders_dic03-300x225.jpeg 300w, https:\/\/www.cssr.news\/spanish\/wp-content\/uploads\/sites\/3\/2025\/12\/sn2025_pedro_donders_dic03-768x576.jpeg 768w, https:\/\/www.cssr.news\/spanish\/wp-content\/uploads\/sites\/3\/2025\/12\/sn2025_pedro_donders_dic03-80x60.jpeg 80w, https:\/\/www.cssr.news\/spanish\/wp-content\/uploads\/sites\/3\/2025\/12\/sn2025_pedro_donders_dic03-265x198.jpeg 265w, https:\/\/www.cssr.news\/spanish\/wp-content\/uploads\/sites\/3\/2025\/12\/sn2025_pedro_donders_dic03-696x522.jpeg 696w, https:\/\/www.cssr.news\/spanish\/wp-content\/uploads\/sites\/3\/2025\/12\/sn2025_pedro_donders_dic03-1068x801.jpeg 1068w, https:\/\/www.cssr.news\/spanish\/wp-content\/uploads\/sites\/3\/2025\/12\/sn2025_pedro_donders_dic03-560x420.jpeg 560w, https:\/\/www.cssr.news\/spanish\/wp-content\/uploads\/sites\/3\/2025\/12\/sn2025_pedro_donders_dic03.jpeg 1280w\" sizes=\"(max-width: 1024px) 100vw, 1024px\" \/><\/a><\/figure><\/li><\/ul><\/figure>\n\n\n\n<p>El encuentro se abri\u00f3 con una emotiva bienvenida y la celebraci\u00f3n de la Eucarist\u00eda, signo de unidad que marc\u00f3 el esp\u00edritu fraterno de todas las jornadas. A lo largo del fin de semana, los participantes compartieron momentos de oraci\u00f3n, presentaciones, m\u00f3dulos formativos y din\u00e1micas de integraci\u00f3n que fortalecieron la identidad y el compromiso de los animadores laicos dentro de la Familia Redentorista.<\/p>\n\n\n\n<p>Los m\u00f3dulos abordaron temas fundamentales como la fundamentaci\u00f3n del Directorio, la riqueza de la Familia Redentorista, la misi\u00f3n compartida, el perfil del laico redentorista, y los caminos de la formaci\u00f3n inicial y continua. Tambi\u00e9n se presentaron las estructuras que sostienen la misi\u00f3n en los distintos niveles \u2014general, de la Conferencia, provincial y comunitario\u2014, permitiendo comprender la amplitud y la profundidad del trabajo laical en nuestra misi\u00f3n evangelizadora.<\/p>\n\n\n\n<p>El trabajo en grupos, las plenarias y los momentos de intercambio fraterno, incluido un fog\u00f3n cultural, fortalecieron la comuni\u00f3n entre las comunidades participantes. El encuentro concluy\u00f3 con la Misa de cierre en la Parroquia de Resistencia \u201cParroquia La Asunci\u00f3n \u2013 Santuario de la Divina Misericordia\u201d, renovando la esperanza y el compromiso misionero de todos los presentes.<\/p>\n\n\n\n<p>Agradecemos a cada animador la entrega, disponibilidad y esp\u00edritu comunitario con que vivieron estos d\u00edas. Invitamos a toda la comunidad a seguir acompa\u00f1ando y fortaleciendo las iniciativas laicales, para que juntos podamos continuar anunciando la Buena Noticia con alegr\u00eda y esperanza.<\/p>\n\n\n\n<p>Fabio Morales<br>Laico Redentorista<\/p>\n","protected":false},"excerpt":{"rendered":"<p>Encuentro de Animadores Laicos Redentoristas \u2013 Resistencia 2025\u201cPeregrinos en Misi\u00f3n Compartida\u201d Los d\u00edas 21, 22 y 23 de noviembre de 2025, la Provincia Pedro Donders celebr\u00f3 con gran alegr\u00eda el Encuentro de Animadores Laicos Redentoristas en la ciudad de Resistencia, Chaco (Argentina). Fue un espacio de enriquecimiento espiritual, formativo y comunitario, donde representantes de diversas [&hellip;]<\/p>\n","protected":false},"author":3,"featured_media":29407,"comment_status":"closed","ping_status":"closed","sticky":false,"template":"","format":"standard","meta":[],"categories":[32],"tags":[],"_links":{"self":[{"href":"https:\/\/www.cssr.news\/spanish\/wp-json\/wp\/v2\/posts\/29403"}],"collection":[{"href":"https:\/\/www.cssr.news\/spanish\/wp-json\/wp\/v2\/posts"}],"about":[{"href":"https:\/\/www.cssr.news\/spanish\/wp-json\/wp\/v2\/types\/post"}],"author":[{"embeddable":true,"href":"https:\/\/www.cssr.news\/spanish\/wp-json\/wp\/v2\/users\/3"}],"replies":[{"embeddable":true,"href":"https:\/\/www.cssr.news\/spanish\/wp-json\/wp\/v2\/comments?post=29403"}],"version-history":[{"count":3,"href":"https:\/\/www.cssr.news\/spanish\/wp-json\/wp\/v2\/posts\/29403\/revisions"}],"predecessor-version":[{"id":29417,"href":"https:\/\/www.cssr.news\/spanish\/wp-json\/wp\/v2\/posts\/29403\/revisions\/29417"}],"wp:featuredmedia":[{"embeddable":true,"href":"https:\/\/www.cssr.news\/spanish\/wp-json\/wp\/v2\/media\/29407"}],"wp:attachment":[{"href":"https:\/\/www.cssr.news\/spanish\/wp-json\/wp\/v2\/media?parent=29403"}],"wp:term":[{"taxonomy":"category","embeddable":true,"href":"https:\/\/www.cssr.news\/spanish\/wp-json\/wp\/v2\/categories?post=29403"},{"taxonomy":"post_tag","embeddable":true,"href":"https:\/\/www.cssr.news\/spanish\/wp-json\/wp\/v2\/tags?post=29403"}],"curies":[{"name":"wp","href":"https:\/\/api.w.org\/{rel}","templated":true}]}}