{"id":29410,"date":"2025-12-01T21:44:57","date_gmt":"2025-12-01T19:44:57","guid":{"rendered":"https:\/\/www.cssr.news\/spanish\/?p=29410"},"modified":"2025-12-01T21:51:40","modified_gmt":"2025-12-01T19:51:40","slug":"reunion-de-mitad-sexenio-de-la-conferencia-de-africa-y-madagascar","status":"publish","type":"post","link":"https:\/\/www.cssr.news\/spanish\/2025\/12\/reunion-de-mitad-sexenio-de-la-conferencia-de-africa-y-madagascar\/","title":{"rendered":"Reuni\u00f3n de mitad sexenio de la Conferencia de \u00c1frica y Madagascar"},"content":{"rendered":"\n<p><strong>Antananarivo, 24-29 de noviembre de 2025<\/strong><br>Tras una larga espera, por fin lleg\u00f3 la Reuni\u00f3n de Mitad de Sexenio de la Conferencia de Redentoristas de \u00c1frica y Madagascar (COREAM), celebrada en Antananarivo, Madagascar. El evento tuvo lugar en el Centro de la Conferencia Episcopal de Madagascar, en Ambatoroka, Antananarivo. La reuni\u00f3n comenz\u00f3 el 24 de noviembre y concluy\u00f3 el 29 de noviembre de 2025. Participaron: el Superior General, el Consejero General, los Moderadores, el Coordinador de la COREAM, el Procurador, los Consejeros, los Viceprovinciales, el Superior Regional, los Superiores de Misi\u00f3n, los Vocales, los Traductores, los Notarios y los Representantes de los Colaboradores Laicos y Hermanos.<\/p>\n\n\n\n<figure class=\"wp-block-gallery aligncenter columns-3 is-cropped\"><ul class=\"blocks-gallery-grid\"><li class=\"blocks-gallery-item\"><figure><a href=\"http:\/\/www.cssr.news\/italian\/wp-content\/uploads\/sites\/2\/2025\/12\/Fr.-General-and-some-confreres-1-1.jpg\"><img src=\"http:\/\/www.cssr.news\/italian\/wp-content\/uploads\/sites\/2\/2025\/12\/Fr.-General-and-some-confreres-1-1-1024x683.jpg\" alt=\"\" data-id=\"31677\" data-full-url=\"http:\/\/www.cssr.news\/italian\/wp-content\/uploads\/sites\/2\/2025\/12\/Fr.-General-and-some-confreres-1-1.jpg\" data-link=\"https:\/\/www.cssr.news\/italian\/?attachment_id=31677\" class=\"wp-image-31677\"\/><\/a><figcaption class=\"blocks-gallery-item__caption\"><em>padre General con algunos cohermanos<\/em><\/figcaption><\/figure><\/li><li class=\"blocks-gallery-item\"><figure><a href=\"http:\/\/www.cssr.news\/italian\/wp-content\/uploads\/sites\/2\/2025\/12\/Mass-for-the-Opening-of-the-300th-Anniv-of-St-Gerard-1.jpg\"><img src=\"http:\/\/www.cssr.news\/italian\/wp-content\/uploads\/sites\/2\/2025\/12\/Mass-for-the-Opening-of-the-300th-Anniv-of-St-Gerard-1-1024x683.jpg\" alt=\"\" data-id=\"31680\" data-full-url=\"http:\/\/www.cssr.news\/italian\/wp-content\/uploads\/sites\/2\/2025\/12\/Mass-for-the-Opening-of-the-300th-Anniv-of-St-Gerard-1.jpg\" data-link=\"https:\/\/www.cssr.news\/italian\/?attachment_id=31680\" class=\"wp-image-31680\"\/><\/a><figcaption class=\"blocks-gallery-item__caption\"><em>Misa de apertura &#8211; 300\u00b0 aniversario San Gerardo.<\/em><\/figcaption><\/figure><\/li><li class=\"blocks-gallery-item\"><figure><a href=\"http:\/\/www.cssr.news\/italian\/wp-content\/uploads\/sites\/2\/2025\/12\/Fr.-General-an-some-confreres-2.jpg\"><img src=\"http:\/\/www.cssr.news\/italian\/wp-content\/uploads\/sites\/2\/2025\/12\/Fr.-General-an-some-confreres-2-1024x768.jpg\" alt=\"\" data-id=\"31676\" data-full-url=\"http:\/\/www.cssr.news\/italian\/wp-content\/uploads\/sites\/2\/2025\/12\/Fr.-General-an-some-confreres-2.jpg\" data-link=\"https:\/\/www.cssr.news\/italian\/?attachment_id=31676\" class=\"wp-image-31676\"\/><\/a><figcaption class=\"blocks-gallery-item__caption\"><em>padre General con cohermanos<\/em><\/figcaption><\/figure><\/li><\/ul><\/figure>\n\n\n\n<p><strong>Programa desarrollado<\/strong><br><strong>Primer d\u00eda: El Superior General present\u00f3 el estado actual de la Congregaci\u00f3n.<\/strong><\/p>\n\n\n\n<p><strong>Segundo d\u00eda: El Padre No\u00ebl, <\/strong>coordinador de COREAM, present\u00f3 las Decisiones 1-5 sobre la formaci\u00f3n inicial y permanente. A continuaci\u00f3n, el Padre Patrice analiz\u00f3 las Decisiones 7-8 (Comunicaci\u00f3n y Salvaguardia) y las Decisiones 9-12 (Constituciones y Estatutos).<\/p>\n\n\n\n<p>T<strong>ercer d\u00eda: El Padre Nicolas Ayouba<\/strong>, Consultor General, present\u00f3 la Decisi\u00f3n 6 sobre el Directorio para la Misi\u00f3n Compartida. Posteriormente, el Padre No\u00ebl present\u00f3 las Decisiones 14-17 sobre el proceso de reestructuraci\u00f3n.<\/p>\n\n\n\n<p><strong>Cuarto d\u00eda: El Padre Joterio Aghoja<\/strong> present\u00f3 la Decisi\u00f3n 13 sobre el Programa de Formaci\u00f3n para el 300.\u00ba Aniversario de los Redentoristas. A continuaci\u00f3n, el Padre Gerry O\u2019Connor, Procurador, present\u00f3 las Decisiones 18-19 sobre el Fondo para \u00c1frica y Madagascar.<\/p>\n\n\n\n<p><strong>Quinto d\u00eda: El Padre Joterio Aghoja<\/strong> present\u00f3 la Decisi\u00f3n 20 sobre Administraci\u00f3n Financiera. El Superior General abord\u00f3 posteriormente la revisi\u00f3n de la Gu\u00eda Pastoral para Superiores, la reescritura del Misal Redentorista y la Liturgia de las Horas, y propuso las fechas, el lugar, los moderadores, los traductores y los notarios para el pr\u00f3ximo Cap\u00edtulo General.<\/p>\n\n\n\n<p>Tras cada presentaci\u00f3n, los participantes se dividieron en grupos y zonas para profundizar en los temas planteados, compartiendo reflexiones, ideas y sugerencias. Al finalizar los debates, los secretarios de los grupos presentaron las conclusiones a la sesi\u00f3n plenaria. Durante la reuni\u00f3n, los grupos lit\u00fargicos dirigieron las oraciones y las celebraciones eucar\u00edsticas.<\/p>\n\n\n\n<figure class=\"wp-block-gallery aligncenter columns-3 is-cropped\"><ul class=\"blocks-gallery-grid\"><li class=\"blocks-gallery-item\"><figure><a href=\"http:\/\/www.cssr.news\/italian\/wp-content\/uploads\/sites\/2\/2025\/12\/Mid-Sexennium-Closing-Mass-3-1.jpg\"><img src=\"http:\/\/www.cssr.news\/italian\/wp-content\/uploads\/sites\/2\/2025\/12\/Mid-Sexennium-Closing-Mass-3-1-1024x484.jpg\" alt=\"\" data-id=\"31683\" data-full-url=\"http:\/\/www.cssr.news\/italian\/wp-content\/uploads\/sites\/2\/2025\/12\/Mid-Sexennium-Closing-Mass-3-1.jpg\" data-link=\"https:\/\/www.cssr.news\/italian\/?attachment_id=31683\" class=\"wp-image-31683\"\/><\/a><\/figure><\/li><li class=\"blocks-gallery-item\"><figure><a href=\"http:\/\/www.cssr.news\/italian\/wp-content\/uploads\/sites\/2\/2025\/12\/Mid-Sexennium-Closing-Mass-1ed.jpg\"><img src=\"http:\/\/www.cssr.news\/italian\/wp-content\/uploads\/sites\/2\/2025\/12\/Mid-Sexennium-Closing-Mass-1ed-1024x683.jpg\" alt=\"\" data-id=\"31688\" data-full-url=\"http:\/\/www.cssr.news\/italian\/wp-content\/uploads\/sites\/2\/2025\/12\/Mid-Sexennium-Closing-Mass-1ed.jpg\" data-link=\"https:\/\/www.cssr.news\/italian\/mid-sexennium-closing-mass-1ed\/\" class=\"wp-image-31688\"\/><\/a><\/figure><\/li><li class=\"blocks-gallery-item\"><figure><a href=\"http:\/\/www.cssr.news\/italian\/wp-content\/uploads\/sites\/2\/2025\/12\/MId-Sexennium-Closing-Mass-2-1.jpg\"><img src=\"http:\/\/www.cssr.news\/italian\/wp-content\/uploads\/sites\/2\/2025\/12\/MId-Sexennium-Closing-Mass-2-1-1024x683.jpg\" alt=\"\" data-id=\"31682\" data-full-url=\"http:\/\/www.cssr.news\/italian\/wp-content\/uploads\/sites\/2\/2025\/12\/MId-Sexennium-Closing-Mass-2-1.jpg\" data-link=\"https:\/\/www.cssr.news\/italian\/?attachment_id=31682\" class=\"wp-image-31682\"\/><\/a><\/figure><\/li><\/ul><figcaption class=\"blocks-gallery-caption\"><em>Misa de clausura del encuentro<\/em><\/figcaption><\/figure>\n\n\n\n<p><strong>D\u00eda Final<\/strong><br>El \u00faltimo d\u00eda, el Superior General presidi\u00f3 la Misa de clausura, dedicada a San Clemente Mar\u00eda Hofbauer. En su homil\u00eda, comparando el mensaje del profeta Daniel con el del evangelista Lucas, inst\u00f3 a sus cohermanos a permanecer vigilantes, esperanzados y fieles, fijando la mirada en Jes\u00fas en la oraci\u00f3n a pesar de las incertidumbres de la vida. Record\u00f3 c\u00f3mo San Clemente, incluso en tiempos dif\u00edciles, llev\u00f3 adelante el mensaje de redenci\u00f3n, fund\u00f3 comunidades, desafi\u00f3 estructuras corruptas y form\u00f3 misioneros, fijando la mirada en Jes\u00fas y saliendo de su zona de confort. Anim\u00f3 a sus cohermanos a superar el miedo con fe y celo, para que el proceso de reestructuraci\u00f3n sea exitoso, asegur\u00e1ndoles que no est\u00e1n solos: el Se\u00f1or de la Historia camina con ellos, junto con la Madre del Perpetuo Socorro y los santos, beatos y m\u00e1rtires de la Congregaci\u00f3n.<\/p>\n\n\n\n<p>P. Isaac Wanyoike Mwaura<br>Notario de la Asamblea de COREAM<\/p>\n","protected":false},"excerpt":{"rendered":"<p>Antananarivo, 24-29 de noviembre de 2025Tras una larga espera, por fin lleg\u00f3 la Reuni\u00f3n de Mitad de Sexenio de la Conferencia de Redentoristas de \u00c1frica y Madagascar (COREAM), celebrada en Antananarivo, Madagascar. El evento tuvo lugar en el Centro de la Conferencia Episcopal de Madagascar, en Ambatoroka, Antananarivo. La reuni\u00f3n comenz\u00f3 el 24 de noviembre [&hellip;]<\/p>\n","protected":false},"author":3,"featured_media":29411,"comment_status":"closed","ping_status":"closed","sticky":false,"template":"","format":"standard","meta":[],"categories":[11],"tags":[],"_links":{"self":[{"href":"https:\/\/www.cssr.news\/spanish\/wp-json\/wp\/v2\/posts\/29410"}],"collection":[{"href":"https:\/\/www.cssr.news\/spanish\/wp-json\/wp\/v2\/posts"}],"about":[{"href":"https:\/\/www.cssr.news\/spanish\/wp-json\/wp\/v2\/types\/post"}],"author":[{"embeddable":true,"href":"https:\/\/www.cssr.news\/spanish\/wp-json\/wp\/v2\/users\/3"}],"replies":[{"embeddable":true,"href":"https:\/\/www.cssr.news\/spanish\/wp-json\/wp\/v2\/comments?post=29410"}],"version-history":[{"count":3,"href":"https:\/\/www.cssr.news\/spanish\/wp-json\/wp\/v2\/posts\/29410\/revisions"}],"predecessor-version":[{"id":29416,"href":"https:\/\/www.cssr.news\/spanish\/wp-json\/wp\/v2\/posts\/29410\/revisions\/29416"}],"wp:featuredmedia":[{"embeddable":true,"href":"https:\/\/www.cssr.news\/spanish\/wp-json\/wp\/v2\/media\/29411"}],"wp:attachment":[{"href":"https:\/\/www.cssr.news\/spanish\/wp-json\/wp\/v2\/media?parent=29410"}],"wp:term":[{"taxonomy":"category","embeddable":true,"href":"https:\/\/www.cssr.news\/spanish\/wp-json\/wp\/v2\/categories?post=29410"},{"taxonomy":"post_tag","embeddable":true,"href":"https:\/\/www.cssr.news\/spanish\/wp-json\/wp\/v2\/tags?post=29410"}],"curies":[{"name":"wp","href":"https:\/\/api.w.org\/{rel}","templated":true}]}}