{"id":29423,"date":"2025-12-02T21:11:50","date_gmt":"2025-12-02T19:11:50","guid":{"rendered":"https:\/\/www.cssr.news\/spanish\/?p=29423"},"modified":"2025-12-02T21:11:52","modified_gmt":"2025-12-02T19:11:52","slug":"brasil-comienza-el-xiii-congreso-de-hermanos-redentoristas","status":"publish","type":"post","link":"https:\/\/www.cssr.news\/spanish\/2025\/12\/brasil-comienza-el-xiii-congreso-de-hermanos-redentoristas\/","title":{"rendered":"Brasil: Comienza el XIII Congreso de Hermanos Redentoristas"},"content":{"rendered":"\n<p><strong>XIII CLAIR \u2013 CLAHER re\u00fane a Hermanos de Am\u00e9rica Latina y el Caribe en un encuentro sobre el tema: 300\u00ba Jubileo del Nacimiento de San Gerardo Majella.<\/strong><\/p>\n\n\n\n<p>La tarde del 1 de diciembre, el Seminario San Alfonso de Aparecida (S\u00e3o Paulo, Brasil) recibi\u00f3 a los Hermanos Redentoristas de la Conferencia Redentorista de Am\u00e9rica Latina y el Caribe para el XIII CLAIR \u2013 CLAHER (Congreso Latinoamericano de Hermanos Redentoristas).<\/p>\n\n\n\n<p>El encuentro comenz\u00f3 con una celebraci\u00f3n eucar\u00edstica a las 18:00 h en la capilla del seminario, presidida por el Superior Provincial de la Provincia de Nuestra Se\u00f1ora de Aparecida, P. Marlos Aur\u00e9lio da Silva, C.Ss.R., y concelebrada por el Coordinador de la Conferencia Redentorista de Am\u00e9rica Latina y el Caribe, P. C\u00e9sar Torres, C.Ss.R.<\/p>\n\n\n\n<figure class=\"wp-block-gallery columns-3 is-cropped\"><ul class=\"blocks-gallery-grid\"><li class=\"blocks-gallery-item\"><figure><a href=\"http:\/\/www.cssr.news\/italian\/wp-content\/uploads\/sites\/2\/2025\/12\/Encontro_dos_Irmaos_11-576606_725-483-0-0_scaled.jpg\"><img src=\"http:\/\/www.cssr.news\/italian\/wp-content\/uploads\/sites\/2\/2025\/12\/Encontro_dos_Irmaos_11-576606_725-483-0-0_scaled.jpg\" alt=\"\" data-id=\"31720\" data-full-url=\"http:\/\/www.cssr.news\/italian\/wp-content\/uploads\/sites\/2\/2025\/12\/Encontro_dos_Irmaos_11-576606_725-483-0-0_scaled.jpg\" data-link=\"https:\/\/www.cssr.news\/italian\/?attachment_id=31720\" class=\"wp-image-31720\"\/><\/a><\/figure><\/li><li class=\"blocks-gallery-item\"><figure><a href=\"http:\/\/www.cssr.news\/italian\/wp-content\/uploads\/sites\/2\/2025\/12\/Encontro_dos_Irmaos_10-198527_725-483-0-0_scaled.jpg\"><img src=\"http:\/\/www.cssr.news\/italian\/wp-content\/uploads\/sites\/2\/2025\/12\/Encontro_dos_Irmaos_10-198527_725-483-0-0_scaled.jpg\" alt=\"\" data-id=\"31719\" data-full-url=\"http:\/\/www.cssr.news\/italian\/wp-content\/uploads\/sites\/2\/2025\/12\/Encontro_dos_Irmaos_10-198527_725-483-0-0_scaled.jpg\" data-link=\"https:\/\/www.cssr.news\/italian\/?attachment_id=31719\" class=\"wp-image-31719\"\/><\/a><\/figure><\/li><li class=\"blocks-gallery-item\"><figure><a href=\"http:\/\/www.cssr.news\/italian\/wp-content\/uploads\/sites\/2\/2025\/12\/Encontro_dos_Irmaos_9-161910_725-483-0-0_scaled.jpg\"><img src=\"http:\/\/www.cssr.news\/italian\/wp-content\/uploads\/sites\/2\/2025\/12\/Encontro_dos_Irmaos_9-161910_725-483-0-0_scaled.jpg\" alt=\"\" data-id=\"31718\" data-full-url=\"http:\/\/www.cssr.news\/italian\/wp-content\/uploads\/sites\/2\/2025\/12\/Encontro_dos_Irmaos_9-161910_725-483-0-0_scaled.jpg\" data-link=\"https:\/\/www.cssr.news\/italian\/?attachment_id=31718\" class=\"wp-image-31718\"\/><\/a><\/figure><\/li><li class=\"blocks-gallery-item\"><figure><a href=\"http:\/\/www.cssr.news\/italian\/wp-content\/uploads\/sites\/2\/2025\/12\/Encontro_dos_Irmaos_8-568528_725-483-0-0_scaled.jpg\"><img src=\"http:\/\/www.cssr.news\/italian\/wp-content\/uploads\/sites\/2\/2025\/12\/Encontro_dos_Irmaos_8-568528_725-483-0-0_scaled.jpg\" alt=\"\" data-id=\"31717\" data-full-url=\"http:\/\/www.cssr.news\/italian\/wp-content\/uploads\/sites\/2\/2025\/12\/Encontro_dos_Irmaos_8-568528_725-483-0-0_scaled.jpg\" data-link=\"https:\/\/www.cssr.news\/italian\/?attachment_id=31717\" class=\"wp-image-31717\"\/><\/a><\/figure><\/li><li class=\"blocks-gallery-item\"><figure><a href=\"http:\/\/www.cssr.news\/italian\/wp-content\/uploads\/sites\/2\/2025\/12\/Encontro_dos_Irmaos_7-329623_725-483-0-0_scaled.jpg\"><img src=\"http:\/\/www.cssr.news\/italian\/wp-content\/uploads\/sites\/2\/2025\/12\/Encontro_dos_Irmaos_7-329623_725-483-0-0_scaled.jpg\" alt=\"\" data-id=\"31716\" data-full-url=\"http:\/\/www.cssr.news\/italian\/wp-content\/uploads\/sites\/2\/2025\/12\/Encontro_dos_Irmaos_7-329623_725-483-0-0_scaled.jpg\" data-link=\"https:\/\/www.cssr.news\/italian\/?attachment_id=31716\" class=\"wp-image-31716\"\/><\/a><\/figure><\/li><li class=\"blocks-gallery-item\"><figure><a href=\"http:\/\/www.cssr.news\/italian\/wp-content\/uploads\/sites\/2\/2025\/12\/Encontro_dos_Irmaos_2-004790_725-483-0-0_scaled.jpg\"><img src=\"http:\/\/www.cssr.news\/italian\/wp-content\/uploads\/sites\/2\/2025\/12\/Encontro_dos_Irmaos_2-004790_725-483-0-0_scaled.jpg\" alt=\"\" data-id=\"31715\" data-full-url=\"http:\/\/www.cssr.news\/italian\/wp-content\/uploads\/sites\/2\/2025\/12\/Encontro_dos_Irmaos_2-004790_725-483-0-0_scaled.jpg\" data-link=\"https:\/\/www.cssr.news\/italian\/?attachment_id=31715\" class=\"wp-image-31715\"\/><\/a><\/figure><\/li><\/ul><\/figure>\n\n\n\n<p>En su homil\u00eda, el Superior Provincial enfatiz\u00f3 que este es un momento para ampliar horizontes y ver la diversidad presente en la Congregaci\u00f3n Redentorista como fuente de enriquecimiento: <em>\u00abEs una oportunidad para ampliar perspectivas y abrazar la diversidad, transmitiendo la idea de que quienes son diferentes a m\u00ed no necesariamente tienen que ser mis adversarios. Es hermoso que haya diferencias entre nosotros, porque esto enriquece la vida de un grupo. A pesar de nuestras diferencias, tambi\u00e9n es un momento de comuni\u00f3n, de abrazar lo que compartimos\u00bb.<\/em><\/p>\n\n\n\n<p>Con el tema <strong>\u00abJubileo del 300.\u00ba Aniversario del Nacimiento de San Gerardo Majella\u00bb<\/strong>, el congreso busca:<\/p>\n\n\n\n<ul><li>Profundizar en la identidad y la misi\u00f3n del Hermano Redentorista en el contexto de Am\u00e9rica Latina y el Caribe, a trav\u00e9s de sesiones de intercambio y formaci\u00f3n;<\/li><li>Planificar acciones futuras, en particular la programaci\u00f3n del A\u00f1o Jubilar de San Gerardo Majella;<\/li><li>Promover estudios sobre la Pastoral Vocacional y la Formaci\u00f3n de Hermanos; <\/li><li>Celebremos y reflexionemos sobre los \u00faltimos meses del Jubileo que conmemora el nacimiento del Santo Hermano Redentorista.<\/li><\/ul>\n\n\n\n<p>Con la Celebraci\u00f3n Eucar\u00edstica, se inaugur\u00f3 oficialmente la XIII CLAIR-CLAHER, marcando el ritmo de espiritualidad, formaci\u00f3n y reflexi\u00f3n que acompa\u00f1ar\u00e1 los trabajos hasta el 5 de diciembre.<\/p>\n\n\n\n<p>\u00a1Oremos por los Hermanos Redentoristas de Am\u00e9rica Latina y el Caribe en este momento tan especial!<\/p>\n\n\n\n<p>Natan Gomes, a12.com<\/p>\n","protected":false},"excerpt":{"rendered":"<p>XIII CLAIR \u2013 CLAHER re\u00fane a Hermanos de Am\u00e9rica Latina y el Caribe en un encuentro sobre el tema: 300\u00ba Jubileo del Nacimiento de San Gerardo Majella. La tarde del 1 de diciembre, el Seminario San Alfonso de Aparecida (S\u00e3o Paulo, Brasil) recibi\u00f3 a los Hermanos Redentoristas de la Conferencia Redentorista de Am\u00e9rica Latina y [&hellip;]<\/p>\n","protected":false},"author":3,"featured_media":29424,"comment_status":"closed","ping_status":"closed","sticky":false,"template":"","format":"standard","meta":[],"categories":[36],"tags":[],"_links":{"self":[{"href":"https:\/\/www.cssr.news\/spanish\/wp-json\/wp\/v2\/posts\/29423"}],"collection":[{"href":"https:\/\/www.cssr.news\/spanish\/wp-json\/wp\/v2\/posts"}],"about":[{"href":"https:\/\/www.cssr.news\/spanish\/wp-json\/wp\/v2\/types\/post"}],"author":[{"embeddable":true,"href":"https:\/\/www.cssr.news\/spanish\/wp-json\/wp\/v2\/users\/3"}],"replies":[{"embeddable":true,"href":"https:\/\/www.cssr.news\/spanish\/wp-json\/wp\/v2\/comments?post=29423"}],"version-history":[{"count":1,"href":"https:\/\/www.cssr.news\/spanish\/wp-json\/wp\/v2\/posts\/29423\/revisions"}],"predecessor-version":[{"id":29425,"href":"https:\/\/www.cssr.news\/spanish\/wp-json\/wp\/v2\/posts\/29423\/revisions\/29425"}],"wp:featuredmedia":[{"embeddable":true,"href":"https:\/\/www.cssr.news\/spanish\/wp-json\/wp\/v2\/media\/29424"}],"wp:attachment":[{"href":"https:\/\/www.cssr.news\/spanish\/wp-json\/wp\/v2\/media?parent=29423"}],"wp:term":[{"taxonomy":"category","embeddable":true,"href":"https:\/\/www.cssr.news\/spanish\/wp-json\/wp\/v2\/categories?post=29423"},{"taxonomy":"post_tag","embeddable":true,"href":"https:\/\/www.cssr.news\/spanish\/wp-json\/wp\/v2\/tags?post=29423"}],"curies":[{"name":"wp","href":"https:\/\/api.w.org\/{rel}","templated":true}]}}