{"id":29434,"date":"2025-12-03T11:23:00","date_gmt":"2025-12-03T09:23:00","guid":{"rendered":"https:\/\/www.cssr.news\/spanish\/?p=29434"},"modified":"2025-12-03T11:23:10","modified_gmt":"2025-12-03T09:23:10","slug":"roma-reunion-del-secretariado-general-de-formacion","status":"publish","type":"post","link":"https:\/\/www.cssr.news\/spanish\/2025\/12\/roma-reunion-del-secretariado-general-de-formacion\/","title":{"rendered":"Roma: reuni\u00f3n del Secretariado General de Formaci\u00f3n"},"content":{"rendered":"\n<p>Del 24 al 28 de noviembre, el Secretariado General de Formaci\u00f3n celebr\u00f3 su reuni\u00f3n en la <strong>Casa General de Roma<\/strong>, en un ambiente marcado por la fraternidad, el di\u00e1logo y el trabajo comprometido. Estos d\u00edas estuvieron dedicados a una revisi\u00f3n cuidadosa de los desaf\u00edos actuales de la formaci\u00f3n redentorista y al discernimiento de respuestas concretas para la vida de la Congregaci\u00f3n.<\/p>\n\n\n\n<p>Uno de los ejes centrales del encuentro fue la revisi\u00f3n y actualizaci\u00f3n del <strong>Manual de Formaci\u00f3n (2009 \/ Manuale Formatorum)<\/strong>. Este proceso se est\u00e1 llevando a cabo a la luz de la <em>Ratio Formationis Generalis (2020)<\/em> y de las orientaciones actuales de la Iglesia. El trabajo consisti\u00f3 en identificar los elementos que deben conservarse, aquellos que requieren mejora y los que ya no resultan adecuados, as\u00ed como en detectar los \u00e1mbitos en los que es necesaria la incorporaci\u00f3n de nuevos contenidos.<\/p>\n\n\n\n<p>Un fruto importante de este trabajo ha sido la decisi\u00f3n de reorganizar el Manual seg\u00fan las <strong>etapas de formaci\u00f3n<\/strong>, lo que ofrece una mayor coherencia al itinerario formativo. Se prest\u00f3 especial atenci\u00f3n a la inclusi\u00f3n expl\u00edcita de la formaci\u00f3n permanente y a la formaci\u00f3n de los Hermanos, garantizando un enfoque m\u00e1s integral y unificado en toda la Congregaci\u00f3n.<\/p>\n\n\n\n<figure class=\"wp-block-gallery columns-3 is-cropped\"><ul class=\"blocks-gallery-grid\"><li class=\"blocks-gallery-item\"><figure><a href=\"http:\/\/www.cssr.news\/wp-content\/uploads\/2025\/12\/WhatsApp-Image-2025-11-25-at-16.35.41.jpeg\"><img src=\"http:\/\/www.cssr.news\/wp-content\/uploads\/2025\/12\/WhatsApp-Image-2025-11-25-at-16.35.41-1024x682.jpeg\" alt=\"\" data-id=\"39605\" data-full-url=\"http:\/\/www.cssr.news\/wp-content\/uploads\/2025\/12\/WhatsApp-Image-2025-11-25-at-16.35.41.jpeg\" data-link=\"https:\/\/www.cssr.news\/?attachment_id=39605\" class=\"wp-image-39605\"\/><\/a><\/figure><\/li><li class=\"blocks-gallery-item\"><figure><a href=\"http:\/\/www.cssr.news\/wp-content\/uploads\/2025\/12\/WhatsApp-Image-2025-11-25-at-16.35.41-3.jpeg\"><img src=\"http:\/\/www.cssr.news\/wp-content\/uploads\/2025\/12\/WhatsApp-Image-2025-11-25-at-16.35.41-3-1024x683.jpeg\" alt=\"\" data-id=\"39608\" data-full-url=\"http:\/\/www.cssr.news\/wp-content\/uploads\/2025\/12\/WhatsApp-Image-2025-11-25-at-16.35.41-3.jpeg\" data-link=\"https:\/\/www.cssr.news\/?attachment_id=39608\" class=\"wp-image-39608\"\/><\/a><\/figure><\/li><li class=\"blocks-gallery-item\"><figure><a href=\"http:\/\/www.cssr.news\/wp-content\/uploads\/2025\/12\/WhatsApp-Image-2025-11-25-at-16.35.41-5.jpeg\"><img src=\"http:\/\/www.cssr.news\/wp-content\/uploads\/2025\/12\/WhatsApp-Image-2025-11-25-at-16.35.41-5-1024x682.jpeg\" alt=\"\" data-id=\"39607\" data-full-url=\"http:\/\/www.cssr.news\/wp-content\/uploads\/2025\/12\/WhatsApp-Image-2025-11-25-at-16.35.41-5.jpeg\" data-link=\"https:\/\/www.cssr.news\/?attachment_id=39607\" class=\"wp-image-39607\"\/><\/a><\/figure><\/li><li class=\"blocks-gallery-item\"><figure><a href=\"http:\/\/www.cssr.news\/wp-content\/uploads\/2025\/12\/WhatsApp-Image-2025-11-25-at-16.35.41-4.jpeg\"><img src=\"http:\/\/www.cssr.news\/wp-content\/uploads\/2025\/12\/WhatsApp-Image-2025-11-25-at-16.35.41-4-1024x682.jpeg\" alt=\"\" data-id=\"39611\" data-full-url=\"http:\/\/www.cssr.news\/wp-content\/uploads\/2025\/12\/WhatsApp-Image-2025-11-25-at-16.35.41-4.jpeg\" data-link=\"https:\/\/www.cssr.news\/?attachment_id=39611\" class=\"wp-image-39611\"\/><\/a><\/figure><\/li><li class=\"blocks-gallery-item\"><figure><a href=\"http:\/\/www.cssr.news\/wp-content\/uploads\/2025\/12\/WhatsApp-Image-2025-11-25-at-16.35.41-6.jpeg\"><img src=\"http:\/\/www.cssr.news\/wp-content\/uploads\/2025\/12\/WhatsApp-Image-2025-11-25-at-16.35.41-6-1024x682.jpeg\" alt=\"\" data-id=\"39606\" data-full-url=\"http:\/\/www.cssr.news\/wp-content\/uploads\/2025\/12\/WhatsApp-Image-2025-11-25-at-16.35.41-6.jpeg\" data-link=\"https:\/\/www.cssr.news\/?attachment_id=39606\" class=\"wp-image-39606\"\/><\/a><\/figure><\/li><\/ul><\/figure>\n\n\n\n<p>El encuentro tambi\u00e9n abord\u00f3 la aplicaci\u00f3n de diversas decisiones del XXVI Cap\u00edtulo General. En particular, se hizo referencia al programa de renovaci\u00f3n para los cohermanos tras diez a\u00f1os de ministerio a tiempo completo, a la formaci\u00f3n en com\u00fan y a otras orientaciones capitulares que actualmente se encuentran en proceso. Estos elementos fueron tratados desde una visi\u00f3n m\u00e1s amplia de la fidelidad al carisma y de la respuesta a las necesidades misioneras actuales.<\/p>\n\n\n\n<p>A lo largo de los d\u00edas, los encuentros y las reflexiones reflejaron las cinco dimensiones de la formaci\u00f3n redentorista: humana, espiritual, comunitaria, acad\u00e9mica y pastoral. La oraci\u00f3n, la Eucarist\u00eda y la celebraci\u00f3n del A\u00f1o Jubilar formaron parte esencial del ritmo del encuentro, alimentando la vida personal y comunitaria. Junto al estudio y la planificaci\u00f3n, tambi\u00e9n se dedic\u00f3 tiempo a la fraternidad y a la vida compartida como expresi\u00f3n concreta de la formaci\u00f3n en comunidad.<\/p>\n\n\n\n<p>El encuentro concluy\u00f3 con gratitud por el trabajo realizado y con un renovado compromiso de servir a la Congregaci\u00f3n mediante el acompa\u00f1amiento, el discernimiento y la responsabilidad formativa, en fidelidad a la misi\u00f3n redentorista y en apertura a los signos de los tiempos.<\/p>\n\n\n\n<p><strong>Por el P. Remi Hebert, C.Ss.R.<\/strong><br><em>San Antonio, Texas<\/em><\/p>\n","protected":false},"excerpt":{"rendered":"<p>Del 24 al 28 de noviembre, el Secretariado General de Formaci\u00f3n celebr\u00f3 su reuni\u00f3n en la Casa General de Roma, en un ambiente marcado por la fraternidad, el di\u00e1logo y el trabajo comprometido. Estos d\u00edas estuvieron dedicados a una revisi\u00f3n cuidadosa de los desaf\u00edos actuales de la formaci\u00f3n redentorista y al discernimiento de respuestas concretas [&hellip;]<\/p>\n","protected":false},"author":3,"featured_media":29436,"comment_status":"closed","ping_status":"closed","sticky":false,"template":"","format":"standard","meta":[],"categories":[16],"tags":[],"_links":{"self":[{"href":"https:\/\/www.cssr.news\/spanish\/wp-json\/wp\/v2\/posts\/29434"}],"collection":[{"href":"https:\/\/www.cssr.news\/spanish\/wp-json\/wp\/v2\/posts"}],"about":[{"href":"https:\/\/www.cssr.news\/spanish\/wp-json\/wp\/v2\/types\/post"}],"author":[{"embeddable":true,"href":"https:\/\/www.cssr.news\/spanish\/wp-json\/wp\/v2\/users\/3"}],"replies":[{"embeddable":true,"href":"https:\/\/www.cssr.news\/spanish\/wp-json\/wp\/v2\/comments?post=29434"}],"version-history":[{"count":3,"href":"https:\/\/www.cssr.news\/spanish\/wp-json\/wp\/v2\/posts\/29434\/revisions"}],"predecessor-version":[{"id":29438,"href":"https:\/\/www.cssr.news\/spanish\/wp-json\/wp\/v2\/posts\/29434\/revisions\/29438"}],"wp:featuredmedia":[{"embeddable":true,"href":"https:\/\/www.cssr.news\/spanish\/wp-json\/wp\/v2\/media\/29436"}],"wp:attachment":[{"href":"https:\/\/www.cssr.news\/spanish\/wp-json\/wp\/v2\/media?parent=29434"}],"wp:term":[{"taxonomy":"category","embeddable":true,"href":"https:\/\/www.cssr.news\/spanish\/wp-json\/wp\/v2\/categories?post=29434"},{"taxonomy":"post_tag","embeddable":true,"href":"https:\/\/www.cssr.news\/spanish\/wp-json\/wp\/v2\/tags?post=29434"}],"curies":[{"name":"wp","href":"https:\/\/api.w.org\/{rel}","templated":true}]}}