{"id":29444,"date":"2025-12-04T08:37:00","date_gmt":"2025-12-04T06:37:00","guid":{"rendered":"https:\/\/www.cssr.news\/spanish\/?p=29444"},"modified":"2025-12-05T08:39:40","modified_gmt":"2025-12-05T06:39:40","slug":"lituania-retiro-de-adviento-para-los-redentoristas-y-sus-companeros-de-mision","status":"publish","type":"post","link":"https:\/\/www.cssr.news\/spanish\/2025\/12\/lituania-retiro-de-adviento-para-los-redentoristas-y-sus-companeros-de-mision\/","title":{"rendered":"Lituania: Retiro de Adviento para los Redentoristas y sus compa\u00f1eros de misi\u00f3n"},"content":{"rendered":"\n<p><strong>Desde 2018, la comunidad redentorista de Lituania ha colaborado estrechamente con hermanos de diversas provincias para fortalecer su misi\u00f3n. Desde retiros y cursos b\u00edblicos hasta encuentros de Adviento, estos esfuerzos han fomentado el crecimiento espiritual y la comuni\u00f3n. Este a\u00f1o, el enfoque se centra en el Misterio de la Encarnaci\u00f3n durante un retiro en \u0160iluva, dirigido por el P. Maurice O&#8217;Mahony. A continuaci\u00f3n, se presenta c\u00f3mo contin\u00faa evolucionando la misi\u00f3n.<\/strong><\/p>\n\n\n\n<figure class=\"wp-block-image size-large\"><a href=\"http:\/\/www.cssr.news\/spanish\/wp-content\/uploads\/sites\/3\/2025\/12\/sn251203-lituania1.jpeg\"><img width=\"1024\" height=\"480\" src=\"http:\/\/www.cssr.news\/spanish\/wp-content\/uploads\/sites\/3\/2025\/12\/sn251203-lituania1-1024x480.jpeg\" alt=\"\" class=\"wp-image-29445\" srcset=\"https:\/\/www.cssr.news\/spanish\/wp-content\/uploads\/sites\/3\/2025\/12\/sn251203-lituania1-1024x480.jpeg 1024w, https:\/\/www.cssr.news\/spanish\/wp-content\/uploads\/sites\/3\/2025\/12\/sn251203-lituania1-300x140.jpeg 300w, https:\/\/www.cssr.news\/spanish\/wp-content\/uploads\/sites\/3\/2025\/12\/sn251203-lituania1-768x360.jpeg 768w, https:\/\/www.cssr.news\/spanish\/wp-content\/uploads\/sites\/3\/2025\/12\/sn251203-lituania1-1536x719.jpeg 1536w, https:\/\/www.cssr.news\/spanish\/wp-content\/uploads\/sites\/3\/2025\/12\/sn251203-lituania1-696x326.jpeg 696w, https:\/\/www.cssr.news\/spanish\/wp-content\/uploads\/sites\/3\/2025\/12\/sn251203-lituania1-1068x500.jpeg 1068w, https:\/\/www.cssr.news\/spanish\/wp-content\/uploads\/sites\/3\/2025\/12\/sn251203-lituania1-897x420.jpeg 897w, https:\/\/www.cssr.news\/spanish\/wp-content\/uploads\/sites\/3\/2025\/12\/sn251203-lituania1.jpeg 2048w\" sizes=\"(max-width: 1024px) 100vw, 1024px\" \/><\/a><\/figure>\n\n\n\n<p>Desde que los Redentoristas Eslovacos comenzaron su misi\u00f3n en Lituania en septiembre de 2018, nuestra peque\u00f1a comunidad misionera ha recibido con frecuencia el apoyo de nuestros hermanos de la Provincia de Bratislava-Praga y de otras provincias.<\/p>\n\n\n\n<p>En nuestro primer a\u00f1o de ministerio, el Padre Ronald McAinsh dirigi\u00f3 un triduo en la Catedral de Kaunas y un retiro para los sacerdotes de la Arquidi\u00f3cesis de Kaunas (octubre de 2019), conmemorando el Mes Misionero Extraordinario.<\/p>\n\n\n\n<p>Durante la pandemia, el Padre Ciar\u00e1n \u00d3 Callaghan, de nuestra Provincia de Dubl\u00edn, dirigi\u00f3 dos cursos b\u00edblicos en l\u00ednea para toda la arquidi\u00f3cesis: uno sobre el Pentateuco y otro sobre los Profetas. En el A\u00f1o de la Familia y de San Jos\u00e9, tambi\u00e9n organizamos un curso en l\u00ednea dedicado a San Jos\u00e9. Agradecemos profundamente a nuestros hermanos y amigos de las Provincias de Dubl\u00edn y Londres su generoso apoyo durante este dif\u00edcil per\u00edodo.<\/p>\n\n\n\n<p>Este a\u00f1o, en conmemoraci\u00f3n del A\u00f1o de San Gerardo Majella, el Padre Gianluigi Colucci, de la Provincia de Roma, visit\u00f3 nuestra comunidad y a nuestros laicos asociados, ofreciendo una inspiradora presentaci\u00f3n sobre San Gerardo.<\/p>\n\n\n\n<p>Al comienzo del Adviento (del 28 al 30 de noviembre de 2025), el Padre Maurice O&#8217;Mahony, rector del Monasterio Redentorista de Clapham (Londres), dirigi\u00f3 un retiro para los Redentoristas y sus compa\u00f1eros de misi\u00f3n de la comunidad misionera del \u00c1rbol de la Vida en el Santuario Mariano Nacional de \u0160iluva, Lituania. El tema del retiro fue el Misterio de la Encarnaci\u00f3n. El programa incluy\u00f3 conferencias, direcci\u00f3n espiritual personal, un encuentro con el grupo de hombres, oraci\u00f3n de intercesi\u00f3n y adoraci\u00f3n al Sant\u00edsimo Sacramento.<\/p>\n\n\n\n<p>Agradecemos profundamente al Padre Maurice su inspiradora presencia y a todos nuestros hermanos de otras provincias que, a lo largo de estos siete a\u00f1os, han apoyado y enriquecido nuestra misi\u00f3n en Lituania con sus dones y aliento.<\/p>\n\n\n\n<p>P. Rastislav Dluh\u00fd CSsR<\/p>\n","protected":false},"excerpt":{"rendered":"<p>Desde 2018, la comunidad redentorista de Lituania ha colaborado estrechamente con hermanos de diversas provincias para fortalecer su misi\u00f3n. Desde retiros y cursos b\u00edblicos hasta encuentros de Adviento, estos esfuerzos han fomentado el crecimiento espiritual y la comuni\u00f3n. Este a\u00f1o, el enfoque se centra en el Misterio de la Encarnaci\u00f3n durante un retiro en \u0160iluva, [&hellip;]<\/p>\n","protected":false},"author":3,"featured_media":29446,"comment_status":"closed","ping_status":"closed","sticky":false,"template":"","format":"standard","meta":[],"categories":[16],"tags":[],"_links":{"self":[{"href":"https:\/\/www.cssr.news\/spanish\/wp-json\/wp\/v2\/posts\/29444"}],"collection":[{"href":"https:\/\/www.cssr.news\/spanish\/wp-json\/wp\/v2\/posts"}],"about":[{"href":"https:\/\/www.cssr.news\/spanish\/wp-json\/wp\/v2\/types\/post"}],"author":[{"embeddable":true,"href":"https:\/\/www.cssr.news\/spanish\/wp-json\/wp\/v2\/users\/3"}],"replies":[{"embeddable":true,"href":"https:\/\/www.cssr.news\/spanish\/wp-json\/wp\/v2\/comments?post=29444"}],"version-history":[{"count":1,"href":"https:\/\/www.cssr.news\/spanish\/wp-json\/wp\/v2\/posts\/29444\/revisions"}],"predecessor-version":[{"id":29447,"href":"https:\/\/www.cssr.news\/spanish\/wp-json\/wp\/v2\/posts\/29444\/revisions\/29447"}],"wp:featuredmedia":[{"embeddable":true,"href":"https:\/\/www.cssr.news\/spanish\/wp-json\/wp\/v2\/media\/29446"}],"wp:attachment":[{"href":"https:\/\/www.cssr.news\/spanish\/wp-json\/wp\/v2\/media?parent=29444"}],"wp:term":[{"taxonomy":"category","embeddable":true,"href":"https:\/\/www.cssr.news\/spanish\/wp-json\/wp\/v2\/categories?post=29444"},{"taxonomy":"post_tag","embeddable":true,"href":"https:\/\/www.cssr.news\/spanish\/wp-json\/wp\/v2\/tags?post=29444"}],"curies":[{"name":"wp","href":"https:\/\/api.w.org\/{rel}","templated":true}]}}