{"id":29459,"date":"2025-12-05T10:19:28","date_gmt":"2025-12-05T08:19:28","guid":{"rendered":"https:\/\/www.cssr.news\/spanish\/?p=29459"},"modified":"2025-12-05T10:19:30","modified_gmt":"2025-12-05T08:19:30","slug":"madagascar-solemne-apertura-del-jubileo-del-tricentenario-de-san-gerardo-majella","status":"publish","type":"post","link":"https:\/\/www.cssr.news\/spanish\/2025\/12\/madagascar-solemne-apertura-del-jubileo-del-tricentenario-de-san-gerardo-majella\/","title":{"rendered":"Madagascar: Solemne apertura del Jubileo del Tricentenario de San Gerardo Majella"},"content":{"rendered":"\n<p>La Viceprovincia de Madagascar vivi\u00f3 un profundo momento de gracia con la solemne apertura del Jubileo que conmemora el 300 aniversario del nacimiento de San Gerardo Majella, Patr\u00f3n de la Viceprovincia. Esta celebraci\u00f3n jubilar tuvo lugar en el marco de la Asamblea Nacional de los Asociados Laicos de los Redentoristas, un momento privilegiado de formaci\u00f3n en la espiritualidad y el carisma de la Congregaci\u00f3n.<\/p>\n\n\n\n<p>El domingo 30 de noviembre de 2025, la exposici\u00f3n y solemne procesi\u00f3n de la reliquia del santo, acompa\u00f1ada por los fieles y los Asociados Laicos, inaugur\u00f3 la jornada en un ambiente de profunda oraci\u00f3n de intercesi\u00f3n y acci\u00f3n de gracias. La celebraci\u00f3n eucar\u00edstica fue presidida por el Superior General, Rog\u00e9rio Gomes, en presencia del Consultor General de la COREAM, Padre Nicol\u00e1s Ayouba, as\u00ed como de representantes de la COREAM.<\/p>\n\n\n\n<figure class=\"wp-block-gallery columns-3 is-cropped\"><ul class=\"blocks-gallery-grid\"><li class=\"blocks-gallery-item\"><figure><a href=\"http:\/\/www.cssr.news\/wp-content\/uploads\/2025\/12\/WhatsApp-Image-2025-12-05-at-06.48.02-1.jpeg\"><img src=\"http:\/\/www.cssr.news\/wp-content\/uploads\/2025\/12\/WhatsApp-Image-2025-12-05-at-06.48.02-1-1024x682.jpeg\" alt=\"\" data-id=\"39636\" data-full-url=\"http:\/\/www.cssr.news\/wp-content\/uploads\/2025\/12\/WhatsApp-Image-2025-12-05-at-06.48.02-1.jpeg\" data-link=\"https:\/\/www.cssr.news\/?attachment_id=39636\" class=\"wp-image-39636\"\/><\/a><\/figure><\/li><li class=\"blocks-gallery-item\"><figure><a href=\"http:\/\/www.cssr.news\/wp-content\/uploads\/2025\/12\/WhatsApp-Image-2025-12-05-at-06.48.01.jpeg\"><img src=\"http:\/\/www.cssr.news\/wp-content\/uploads\/2025\/12\/WhatsApp-Image-2025-12-05-at-06.48.01-806x1024.jpeg\" alt=\"\" data-id=\"39632\" data-full-url=\"http:\/\/www.cssr.news\/wp-content\/uploads\/2025\/12\/WhatsApp-Image-2025-12-05-at-06.48.01.jpeg\" data-link=\"https:\/\/www.cssr.news\/?attachment_id=39632\" class=\"wp-image-39632\"\/><\/a><\/figure><\/li><li class=\"blocks-gallery-item\"><figure><a href=\"http:\/\/www.cssr.news\/wp-content\/uploads\/2025\/12\/WhatsApp-Image-2025-12-05-at-06.48.02.jpeg\"><img src=\"http:\/\/www.cssr.news\/wp-content\/uploads\/2025\/12\/WhatsApp-Image-2025-12-05-at-06.48.02-1024x682.jpeg\" alt=\"\" data-id=\"39637\" data-full-url=\"http:\/\/www.cssr.news\/wp-content\/uploads\/2025\/12\/WhatsApp-Image-2025-12-05-at-06.48.02.jpeg\" data-link=\"https:\/\/www.cssr.news\/?attachment_id=39637\" class=\"wp-image-39637\"\/><\/a><\/figure><\/li><li class=\"blocks-gallery-item\"><figure><a href=\"http:\/\/www.cssr.news\/wp-content\/uploads\/2025\/12\/WhatsApp-Image-2025-12-05-at-06.48.02-2.jpeg\"><img src=\"http:\/\/www.cssr.news\/wp-content\/uploads\/2025\/12\/WhatsApp-Image-2025-12-05-at-06.48.02-2-1024x682.jpeg\" alt=\"\" data-id=\"39635\" data-full-url=\"http:\/\/www.cssr.news\/wp-content\/uploads\/2025\/12\/WhatsApp-Image-2025-12-05-at-06.48.02-2.jpeg\" data-link=\"https:\/\/www.cssr.news\/?attachment_id=39635\" class=\"wp-image-39635\"\/><\/a><\/figure><\/li><li class=\"blocks-gallery-item\"><figure><a href=\"http:\/\/www.cssr.news\/wp-content\/uploads\/2025\/12\/WhatsApp-Image-2025-12-05-at-06.51.55.jpeg\"><img src=\"http:\/\/www.cssr.news\/wp-content\/uploads\/2025\/12\/WhatsApp-Image-2025-12-05-at-06.51.55-853x1024.jpeg\" alt=\"\" data-id=\"39633\" data-full-url=\"http:\/\/www.cssr.news\/wp-content\/uploads\/2025\/12\/WhatsApp-Image-2025-12-05-at-06.51.55.jpeg\" data-link=\"https:\/\/www.cssr.news\/?attachment_id=39633\" class=\"wp-image-39633\"\/><\/a><\/figure><\/li><li class=\"blocks-gallery-item\"><figure><a href=\"http:\/\/www.cssr.news\/wp-content\/uploads\/2025\/12\/WhatsApp-Image-2025-12-05-at-06.48.02-3.jpeg\"><img src=\"http:\/\/www.cssr.news\/wp-content\/uploads\/2025\/12\/WhatsApp-Image-2025-12-05-at-06.48.02-3-1024x682.jpeg\" alt=\"\" data-id=\"39634\" data-full-url=\"http:\/\/www.cssr.news\/wp-content\/uploads\/2025\/12\/WhatsApp-Image-2025-12-05-at-06.48.02-3.jpeg\" data-link=\"https:\/\/www.cssr.news\/?attachment_id=39634\" class=\"wp-image-39634\"\/><\/a><\/figure><\/li><li class=\"blocks-gallery-item\"><figure><a href=\"http:\/\/www.cssr.news\/wp-content\/uploads\/2025\/12\/WhatsApp-Image-2025-12-05-at-06.48.01-1.jpeg\"><img src=\"http:\/\/www.cssr.news\/wp-content\/uploads\/2025\/12\/WhatsApp-Image-2025-12-05-at-06.48.01-1-1024x683.jpeg\" alt=\"\" data-id=\"39631\" data-full-url=\"http:\/\/www.cssr.news\/wp-content\/uploads\/2025\/12\/WhatsApp-Image-2025-12-05-at-06.48.01-1.jpeg\" data-link=\"https:\/\/www.cssr.news\/?attachment_id=39631\" class=\"wp-image-39631\"\/><\/a><\/figure><\/li><\/ul><\/figure>\n\n\n\n<p>En su homil\u00eda, el Superior General exhort\u00f3 a los fieles a entrar en un tiempo de esperanza, conversi\u00f3n y vigilancia espiritual, propio del tiempo de Adviento. Destac\u00f3 la vida ejemplar de San Gerardo como modelo de humildad, obediencia y fidelidad, invitando a todos a abandonarse con confianza a la voluntad de Dios.<\/p>\n\n\n\n<p>La celebraci\u00f3n concluy\u00f3 con un momento fraternal de convivencia y compartir, con alegr\u00eda y gratitud por las gracias recibidas por intercesi\u00f3n de nuestro santo Patr\u00f3n.<\/p>\n\n\n\n<p>P. Luis Armando RAVELOJAONA, CSsR.<\/p>\n","protected":false},"excerpt":{"rendered":"<p>La Viceprovincia de Madagascar vivi\u00f3 un profundo momento de gracia con la solemne apertura del Jubileo que conmemora el 300 aniversario del nacimiento de San Gerardo Majella, Patr\u00f3n de la Viceprovincia. Esta celebraci\u00f3n jubilar tuvo lugar en el marco de la Asamblea Nacional de los Asociados Laicos de los Redentoristas, un momento privilegiado de formaci\u00f3n [&hellip;]<\/p>\n","protected":false},"author":3,"featured_media":29460,"comment_status":"closed","ping_status":"closed","sticky":false,"template":"","format":"standard","meta":[],"categories":[2],"tags":[],"_links":{"self":[{"href":"https:\/\/www.cssr.news\/spanish\/wp-json\/wp\/v2\/posts\/29459"}],"collection":[{"href":"https:\/\/www.cssr.news\/spanish\/wp-json\/wp\/v2\/posts"}],"about":[{"href":"https:\/\/www.cssr.news\/spanish\/wp-json\/wp\/v2\/types\/post"}],"author":[{"embeddable":true,"href":"https:\/\/www.cssr.news\/spanish\/wp-json\/wp\/v2\/users\/3"}],"replies":[{"embeddable":true,"href":"https:\/\/www.cssr.news\/spanish\/wp-json\/wp\/v2\/comments?post=29459"}],"version-history":[{"count":1,"href":"https:\/\/www.cssr.news\/spanish\/wp-json\/wp\/v2\/posts\/29459\/revisions"}],"predecessor-version":[{"id":29461,"href":"https:\/\/www.cssr.news\/spanish\/wp-json\/wp\/v2\/posts\/29459\/revisions\/29461"}],"wp:featuredmedia":[{"embeddable":true,"href":"https:\/\/www.cssr.news\/spanish\/wp-json\/wp\/v2\/media\/29460"}],"wp:attachment":[{"href":"https:\/\/www.cssr.news\/spanish\/wp-json\/wp\/v2\/media?parent=29459"}],"wp:term":[{"taxonomy":"category","embeddable":true,"href":"https:\/\/www.cssr.news\/spanish\/wp-json\/wp\/v2\/categories?post=29459"},{"taxonomy":"post_tag","embeddable":true,"href":"https:\/\/www.cssr.news\/spanish\/wp-json\/wp\/v2\/tags?post=29459"}],"curies":[{"name":"wp","href":"https:\/\/api.w.org\/{rel}","templated":true}]}}