{"id":29463,"date":"2025-12-05T12:52:33","date_gmt":"2025-12-05T10:52:33","guid":{"rendered":"https:\/\/www.cssr.news\/spanish\/?p=29463"},"modified":"2025-12-05T12:53:52","modified_gmt":"2025-12-05T10:53:52","slug":"asamblea-de-la-conferencia-de-redentoristas-de-africa-y-madagascar-coream","status":"publish","type":"post","link":"https:\/\/www.cssr.news\/spanish\/2025\/12\/asamblea-de-la-conferencia-de-redentoristas-de-africa-y-madagascar-coream\/","title":{"rendered":"Asamblea de la Conferencia de Redentoristas de \u00c1frica y Madagascar (COREAM)"},"content":{"rendered":"\n<p>El Papa Francisco siempre ha animado a los religiosos a ser disc\u00edpulos misioneros con alegr\u00eda y a compartir su fe como verdaderos testigos del Evangelio. Los Misioneros Redentoristas de \u00c1frica y Madagascar se reunieron con alegr\u00eda en Antananarivo, Madagascar, para su Asamblea, celebrada en el Centro de la Conferencia Episcopal de Madagascar (Ambatoroka)<strong> del 1 al 3 de diciembre de 2025<\/strong>.<\/p>\n\n\n\n<p>Participaron en la Asamblea: el Superior General, P. Rog\u00e9rio Gomes; el Consultor General para \u00c1frica y Madagascar, P. Nicolas Ayouba; el Coordinador de COREAM, P. No\u00ebl Sottima; los Consultores, Moderadores, Provinciales, Viceprovinciales, Superiores Regionales y de Distrito Misionero; los traductores y notarios; el representante de los Hermanos; y el representante de los Asociados Laicos.<\/p>\n\n\n\n<p>La reuni\u00f3n comenz\u00f3 con una c\u00e1lida bienvenida fraternal del P. Th\u00e9ophile Bary, Viceprovincial de Madagascar. El Superior General tambi\u00e9n expres\u00f3 su alegr\u00eda al dar la bienvenida a todos los participantes, invit\u00e1ndolos a confiar en la ayuda del Esp\u00edritu Santo y a hacer del Aula Plenaria un verdadero Pentecost\u00e9s. Destac\u00f3 que este es un tiempo de gracia, en el que cada miembro renueva su compromiso con la Congregaci\u00f3n, la Iglesia y las personas a las que sirve.<\/p>\n\n\n\n<p>Durante la Asamblea, se debatieron extensamente las propuestas presentadas por el Gobierno General, entre ellas:<\/p>\n\n\n\n<ul><li>la formaci\u00f3n com\u00fan,<\/li><li>la formaci\u00f3n continua de los superiores locales,<\/li><li>la revisi\u00f3n de los Estatutos de la Conferencia,<\/li><li>la financiaci\u00f3n de la formaci\u00f3n inicial en \u00c1frica y Madagascar,<\/li><li>la finalizaci\u00f3n del proceso de reestructuraci\u00f3n y reconfiguraci\u00f3n,<\/li><li>la participaci\u00f3n en el proyecto de la Comunidad Internacional en Jap\u00f3n.<\/li><\/ul>\n\n\n\n<p>Tras los debates, la Asamblea tuvo que tomar decisiones, en particular sobre la reestructuraci\u00f3n. Se presentaron tres propuestas, pero, mediante votaci\u00f3n, los miembros decidieron por unanimidad establecer tres Provincias y una Viceprovincia:<\/p>\n\n\n\n<ul><li>Provincia de Nigeria y \u00c1frica Occidental,<\/li><li>Provincia de Matadi y Madagascar,<\/li><li>Provincia de Kenia, Zimbabue y Sud\u00e1frica,<\/li><li>Viceprovincia de Luanda y Mozambique.<\/li><\/ul>\n\n\n\n<figure class=\"wp-block-gallery columns-3 is-cropped\"><ul class=\"blocks-gallery-grid\"><li class=\"blocks-gallery-item\"><figure><a href=\"http:\/\/www.cssr.news\/italian\/wp-content\/uploads\/sites\/2\/2025\/12\/COREAM-Assembly-3.jpg\"><img src=\"http:\/\/www.cssr.news\/italian\/wp-content\/uploads\/sites\/2\/2025\/12\/COREAM-Assembly-3-1024x768.jpg\" alt=\"\" data-id=\"31754\" data-full-url=\"http:\/\/www.cssr.news\/italian\/wp-content\/uploads\/sites\/2\/2025\/12\/COREAM-Assembly-3.jpg\" data-link=\"https:\/\/www.cssr.news\/italian\/?attachment_id=31754\" class=\"wp-image-31754\"\/><\/a><\/figure><\/li><li class=\"blocks-gallery-item\"><figure><a href=\"http:\/\/www.cssr.news\/italian\/wp-content\/uploads\/sites\/2\/2025\/12\/COREAM-Assembly-2.jpg\"><img src=\"http:\/\/www.cssr.news\/italian\/wp-content\/uploads\/sites\/2\/2025\/12\/COREAM-Assembly-2-1024x576.jpg\" alt=\"\" data-id=\"31753\" data-full-url=\"http:\/\/www.cssr.news\/italian\/wp-content\/uploads\/sites\/2\/2025\/12\/COREAM-Assembly-2.jpg\" data-link=\"https:\/\/www.cssr.news\/italian\/?attachment_id=31753\" class=\"wp-image-31753\"\/><\/a><\/figure><\/li><li class=\"blocks-gallery-item\"><figure><a href=\"http:\/\/www.cssr.news\/italian\/wp-content\/uploads\/sites\/2\/2025\/12\/COREAM-Assembly-1.jpg\"><img src=\"http:\/\/www.cssr.news\/italian\/wp-content\/uploads\/sites\/2\/2025\/12\/COREAM-Assembly-1-1024x576.jpg\" alt=\"\" data-id=\"31752\" data-full-url=\"http:\/\/www.cssr.news\/italian\/wp-content\/uploads\/sites\/2\/2025\/12\/COREAM-Assembly-1.jpg\" data-link=\"https:\/\/www.cssr.news\/italian\/?attachment_id=31752\" class=\"wp-image-31752\"\/><\/a><\/figure><\/li><li class=\"blocks-gallery-item\"><figure><a href=\"http:\/\/www.cssr.news\/italian\/wp-content\/uploads\/sites\/2\/2025\/12\/Opening-Mass-of-COREAM-Assembly.jpg\"><img src=\"http:\/\/www.cssr.news\/italian\/wp-content\/uploads\/sites\/2\/2025\/12\/Opening-Mass-of-COREAM-Assembly-1024x576.jpg\" alt=\"\" data-id=\"31756\" data-full-url=\"http:\/\/www.cssr.news\/italian\/wp-content\/uploads\/sites\/2\/2025\/12\/Opening-Mass-of-COREAM-Assembly.jpg\" data-link=\"https:\/\/www.cssr.news\/italian\/?attachment_id=31756\" class=\"wp-image-31756\"\/><\/a><\/figure><\/li><\/ul><\/figure>\n\n\n\n<p>Al concluir la reuni\u00f3n, las Provincias recientemente reconfiguradas presentaron su Plan de Acci\u00f3n para el pr\u00f3ximo <strong>Cap\u00edtulo General de 2028<\/strong>. El Plan incluye:<\/p>\n\n\n\n<ul><li>la auditor\u00eda de las Unidades,<\/li><li>el establecimiento de la Comisi\u00f3n Financiera,<\/li><li>la redacci\u00f3n de la Ley Electoral,<\/li><li>la Asamblea para el cierre de las Unidades,<\/li><li>la carta al Superior General para la supresi\u00f3n de las Unidades,<\/li><li>la creaci\u00f3n de una Comisi\u00f3n Preparatoria para la Asamblea,<\/li><li>la Asamblea Electiva,<\/li><li>la creaci\u00f3n e inauguraci\u00f3n solemne de la Nueva Provincia.<\/li><\/ul>\n\n\n\n<p>Adem\u00e1s, las distintas Comisiones de la COREAM presentaron informes y actualizaciones:<\/p>\n\n\n\n<ul><li>Informe del Procurador de \u00c1frica y Madagascar,<\/li><li>Informe del Representante de los Hermanos en \u00c1frica y Madagascar,<\/li><li>Informe del Representante de los Laicos Asociados.<\/li><\/ul>\n\n\n\n<p>El Coordinador de \u00c1frica y Madagascar concluy\u00f3 con la promesa de acompa\u00f1ar a cada Unidad, asegur\u00e1ndose de que nadie se sienta excluido. El Consejero General, en sus palabras de clausura, anim\u00f3 a los cohermanos a mirar siempre hacia adelante y no hacia atr\u00e1s. Finalmente, el Superior General reiter\u00f3 su apoyo incondicional, junto con su Consejo, instando a todos a no tener miedo y a proceder con confianza, porque el Redentor est\u00e1 presente.<\/p>\n\n\n\n<p>P. Isaac Wanyoike Mwaura, C.Ss.R.<br>Notario de COREAM<\/p>\n\n\n\n<p><\/p>\n","protected":false},"excerpt":{"rendered":"<p>El Papa Francisco siempre ha animado a los religiosos a ser disc\u00edpulos misioneros con alegr\u00eda y a compartir su fe como verdaderos testigos del Evangelio. Los Misioneros Redentoristas de \u00c1frica y Madagascar se reunieron con alegr\u00eda en Antananarivo, Madagascar, para su Asamblea, celebrada en el Centro de la Conferencia Episcopal de Madagascar (Ambatoroka) del 1 [&hellip;]<\/p>\n","protected":false},"author":3,"featured_media":29464,"comment_status":"closed","ping_status":"closed","sticky":false,"template":"","format":"standard","meta":[],"categories":[41],"tags":[],"_links":{"self":[{"href":"https:\/\/www.cssr.news\/spanish\/wp-json\/wp\/v2\/posts\/29463"}],"collection":[{"href":"https:\/\/www.cssr.news\/spanish\/wp-json\/wp\/v2\/posts"}],"about":[{"href":"https:\/\/www.cssr.news\/spanish\/wp-json\/wp\/v2\/types\/post"}],"author":[{"embeddable":true,"href":"https:\/\/www.cssr.news\/spanish\/wp-json\/wp\/v2\/users\/3"}],"replies":[{"embeddable":true,"href":"https:\/\/www.cssr.news\/spanish\/wp-json\/wp\/v2\/comments?post=29463"}],"version-history":[{"count":4,"href":"https:\/\/www.cssr.news\/spanish\/wp-json\/wp\/v2\/posts\/29463\/revisions"}],"predecessor-version":[{"id":29468,"href":"https:\/\/www.cssr.news\/spanish\/wp-json\/wp\/v2\/posts\/29463\/revisions\/29468"}],"wp:featuredmedia":[{"embeddable":true,"href":"https:\/\/www.cssr.news\/spanish\/wp-json\/wp\/v2\/media\/29464"}],"wp:attachment":[{"href":"https:\/\/www.cssr.news\/spanish\/wp-json\/wp\/v2\/media?parent=29463"}],"wp:term":[{"taxonomy":"category","embeddable":true,"href":"https:\/\/www.cssr.news\/spanish\/wp-json\/wp\/v2\/categories?post=29463"},{"taxonomy":"post_tag","embeddable":true,"href":"https:\/\/www.cssr.news\/spanish\/wp-json\/wp\/v2\/tags?post=29463"}],"curies":[{"name":"wp","href":"https:\/\/api.w.org\/{rel}","templated":true}]}}