{"id":29475,"date":"2025-12-07T14:06:01","date_gmt":"2025-12-07T12:06:01","guid":{"rendered":"https:\/\/www.cssr.news\/spanish\/?p=29475"},"modified":"2025-12-07T14:10:01","modified_gmt":"2025-12-07T12:10:01","slug":"la-red-oblata-de-brasil-realiza-jornada-de-formacion-en-sintonia-con-el-carisma-congregacional","status":"publish","type":"post","link":"https:\/\/www.cssr.news\/spanish\/2025\/12\/la-red-oblata-de-brasil-realiza-jornada-de-formacion-en-sintonia-con-el-carisma-congregacional\/","title":{"rendered":"La Red Oblata de Brasil realiza jornada de formaci\u00f3n en sinton\u00eda con el carisma congregacional"},"content":{"rendered":"\n<p>Del 25 al 27 de noviembre, se celebr\u00f3 en S\u00e3o Paulo, en la Casa de Encuentros Madre Antonia, el \u00abEncuentro de Coordinadoras y Administradoras de Proyectos Oblatos\u00bb. Hermanas Oblatas y laicas dedicaron estos d\u00edas a la formaci\u00f3n y reflexi\u00f3n sobre temas de gesti\u00f3n, misi\u00f3n y espiritualidad, en un ambiente de profunda comuni\u00f3n.<\/p>\n\n\n\n<p>El primer d\u00eda, nos sumergimos en la espiritualidad y los valores de las Oblatas, celebrando la belleza de caminar en armon\u00eda con el carisma que nos une. Tambi\u00e9n nos unimos en comuni\u00f3n congregacional participando en el <strong>\u00abEncuentro Virtual de la Familia Oblata\u00bb, convocado por el Gobierno General de la Congregaci\u00f3n,<\/strong> donde se present\u00f3 el Informe de la Familia Oblata, el proceso de implementaci\u00f3n de la imagen institucional y la visi\u00f3n oblata sobre la prostituci\u00f3n.<\/p>\n\n\n\n<p>El segundo d\u00eda se dedic\u00f3 a actualizar, mejorar y adquirir nuevos conocimientos administrativos y de gesti\u00f3n de proyectos. Para ello, contamos con la asesor\u00eda legal de las Dras. Tatiane y Alessandra, de la empresa Tafer.<\/p>\n\n\n\n<p>El tercer d\u00eda, reflexionamos sobre el trabajo de los Proyectos ante la realidad actual de las mujeres en contextos de prostituci\u00f3n.<\/p>\n\n\n\n<p>La \u00faltima actividad de este encuentro fue una visita a la realidad y ubicaci\u00f3n del Proyecto Antonia, en Santo Amaro, S\u00e3o Paulo. Concluimos expresando nuestra gratitud por este encuentro, que nos recuerda a todos que cuando se comparte la fe, las experiencias y la esperanza, la comuni\u00f3n se hace a\u00fan m\u00e1s vibrante.<\/p>\n\n\n\n<figure class=\"wp-block-gallery columns-3 is-cropped\"><ul class=\"blocks-gallery-grid\"><li class=\"blocks-gallery-item\"><figure><a href=\"http:\/\/www.cssr.news\/spanish\/wp-content\/uploads\/sites\/3\/2025\/12\/sn2025_oblatas_dic_Momento-Formativo-Oblatas-Brasil02.jpg\"><img width=\"1024\" height=\"461\" src=\"http:\/\/www.cssr.news\/spanish\/wp-content\/uploads\/sites\/3\/2025\/12\/sn2025_oblatas_dic_Momento-Formativo-Oblatas-Brasil02.jpg\" alt=\"\" data-id=\"29478\" data-full-url=\"http:\/\/www.cssr.news\/spanish\/wp-content\/uploads\/sites\/3\/2025\/12\/sn2025_oblatas_dic_Momento-Formativo-Oblatas-Brasil02.jpg\" data-link=\"https:\/\/www.cssr.news\/spanish\/?attachment_id=29478\" class=\"wp-image-29478\" srcset=\"https:\/\/www.cssr.news\/spanish\/wp-content\/uploads\/sites\/3\/2025\/12\/sn2025_oblatas_dic_Momento-Formativo-Oblatas-Brasil02.jpg 1024w, https:\/\/www.cssr.news\/spanish\/wp-content\/uploads\/sites\/3\/2025\/12\/sn2025_oblatas_dic_Momento-Formativo-Oblatas-Brasil02-300x135.jpg 300w, https:\/\/www.cssr.news\/spanish\/wp-content\/uploads\/sites\/3\/2025\/12\/sn2025_oblatas_dic_Momento-Formativo-Oblatas-Brasil02-768x346.jpg 768w, https:\/\/www.cssr.news\/spanish\/wp-content\/uploads\/sites\/3\/2025\/12\/sn2025_oblatas_dic_Momento-Formativo-Oblatas-Brasil02-696x313.jpg 696w, https:\/\/www.cssr.news\/spanish\/wp-content\/uploads\/sites\/3\/2025\/12\/sn2025_oblatas_dic_Momento-Formativo-Oblatas-Brasil02-933x420.jpg 933w\" sizes=\"(max-width: 1024px) 100vw, 1024px\" \/><\/a><\/figure><\/li><li class=\"blocks-gallery-item\"><figure><a href=\"http:\/\/www.cssr.news\/spanish\/wp-content\/uploads\/sites\/3\/2025\/12\/sn2025_oblatas_dic_Momento-Formativo-Oblatas-Brasil03.jpg\"><img width=\"1024\" height=\"568\" src=\"http:\/\/www.cssr.news\/spanish\/wp-content\/uploads\/sites\/3\/2025\/12\/sn2025_oblatas_dic_Momento-Formativo-Oblatas-Brasil03.jpg\" alt=\"\" data-id=\"29477\" data-full-url=\"http:\/\/www.cssr.news\/spanish\/wp-content\/uploads\/sites\/3\/2025\/12\/sn2025_oblatas_dic_Momento-Formativo-Oblatas-Brasil03.jpg\" data-link=\"https:\/\/www.cssr.news\/spanish\/?attachment_id=29477\" class=\"wp-image-29477\" srcset=\"https:\/\/www.cssr.news\/spanish\/wp-content\/uploads\/sites\/3\/2025\/12\/sn2025_oblatas_dic_Momento-Formativo-Oblatas-Brasil03.jpg 1024w, https:\/\/www.cssr.news\/spanish\/wp-content\/uploads\/sites\/3\/2025\/12\/sn2025_oblatas_dic_Momento-Formativo-Oblatas-Brasil03-300x166.jpg 300w, https:\/\/www.cssr.news\/spanish\/wp-content\/uploads\/sites\/3\/2025\/12\/sn2025_oblatas_dic_Momento-Formativo-Oblatas-Brasil03-768x426.jpg 768w, https:\/\/www.cssr.news\/spanish\/wp-content\/uploads\/sites\/3\/2025\/12\/sn2025_oblatas_dic_Momento-Formativo-Oblatas-Brasil03-696x385.jpg 696w, https:\/\/www.cssr.news\/spanish\/wp-content\/uploads\/sites\/3\/2025\/12\/sn2025_oblatas_dic_Momento-Formativo-Oblatas-Brasil03-757x420.jpg 757w\" sizes=\"(max-width: 1024px) 100vw, 1024px\" \/><\/a><\/figure><\/li><li class=\"blocks-gallery-item\"><figure><a href=\"http:\/\/www.cssr.news\/spanish\/wp-content\/uploads\/sites\/3\/2025\/12\/obltas_provincia_ssredentor.jpg\"><img width=\"1024\" height=\"538\" src=\"http:\/\/www.cssr.news\/spanish\/wp-content\/uploads\/sites\/3\/2025\/12\/obltas_provincia_ssredentor-1024x538.jpg\" alt=\"\" data-id=\"29476\" data-full-url=\"http:\/\/www.cssr.news\/spanish\/wp-content\/uploads\/sites\/3\/2025\/12\/obltas_provincia_ssredentor.jpg\" data-link=\"https:\/\/www.cssr.news\/spanish\/?attachment_id=29476\" class=\"wp-image-29476\" srcset=\"https:\/\/www.cssr.news\/spanish\/wp-content\/uploads\/sites\/3\/2025\/12\/obltas_provincia_ssredentor-1024x538.jpg 1024w, https:\/\/www.cssr.news\/spanish\/wp-content\/uploads\/sites\/3\/2025\/12\/obltas_provincia_ssredentor-300x158.jpg 300w, https:\/\/www.cssr.news\/spanish\/wp-content\/uploads\/sites\/3\/2025\/12\/obltas_provincia_ssredentor-768x404.jpg 768w, https:\/\/www.cssr.news\/spanish\/wp-content\/uploads\/sites\/3\/2025\/12\/obltas_provincia_ssredentor-696x366.jpg 696w, https:\/\/www.cssr.news\/spanish\/wp-content\/uploads\/sites\/3\/2025\/12\/obltas_provincia_ssredentor-799x420.jpg 799w, https:\/\/www.cssr.news\/spanish\/wp-content\/uploads\/sites\/3\/2025\/12\/obltas_provincia_ssredentor.jpg 1062w\" sizes=\"(max-width: 1024px) 100vw, 1024px\" \/><\/a><\/figure><\/li><\/ul><\/figure>\n\n\n\n<p><em>Se puede leer m\u00e1s sobre la Oblatas de Brasil, en este link:<\/em> <a href=\"https:\/\/www.oblatassr.org\/\" data-type=\"URL\" data-id=\"https:\/\/www.oblatassr.org\/\" target=\"_blank\" rel=\"noreferrer noopener\"><strong>OBLATAS DEL SANTISIMO REDENTOR<\/strong><\/a><\/p>\n","protected":false},"excerpt":{"rendered":"<p>Del 25 al 27 de noviembre, se celebr\u00f3 en S\u00e3o Paulo, en la Casa de Encuentros Madre Antonia, el \u00abEncuentro de Coordinadoras y Administradoras de Proyectos Oblatos\u00bb. Hermanas Oblatas y laicas dedicaron estos d\u00edas a la formaci\u00f3n y reflexi\u00f3n sobre temas de gesti\u00f3n, misi\u00f3n y espiritualidad, en un ambiente de profunda comuni\u00f3n. El primer d\u00eda, [&hellip;]<\/p>\n","protected":false},"author":3,"featured_media":29479,"comment_status":"closed","ping_status":"closed","sticky":false,"template":"","format":"standard","meta":[],"categories":[22],"tags":[],"_links":{"self":[{"href":"https:\/\/www.cssr.news\/spanish\/wp-json\/wp\/v2\/posts\/29475"}],"collection":[{"href":"https:\/\/www.cssr.news\/spanish\/wp-json\/wp\/v2\/posts"}],"about":[{"href":"https:\/\/www.cssr.news\/spanish\/wp-json\/wp\/v2\/types\/post"}],"author":[{"embeddable":true,"href":"https:\/\/www.cssr.news\/spanish\/wp-json\/wp\/v2\/users\/3"}],"replies":[{"embeddable":true,"href":"https:\/\/www.cssr.news\/spanish\/wp-json\/wp\/v2\/comments?post=29475"}],"version-history":[{"count":2,"href":"https:\/\/www.cssr.news\/spanish\/wp-json\/wp\/v2\/posts\/29475\/revisions"}],"predecessor-version":[{"id":29482,"href":"https:\/\/www.cssr.news\/spanish\/wp-json\/wp\/v2\/posts\/29475\/revisions\/29482"}],"wp:featuredmedia":[{"embeddable":true,"href":"https:\/\/www.cssr.news\/spanish\/wp-json\/wp\/v2\/media\/29479"}],"wp:attachment":[{"href":"https:\/\/www.cssr.news\/spanish\/wp-json\/wp\/v2\/media?parent=29475"}],"wp:term":[{"taxonomy":"category","embeddable":true,"href":"https:\/\/www.cssr.news\/spanish\/wp-json\/wp\/v2\/categories?post=29475"},{"taxonomy":"post_tag","embeddable":true,"href":"https:\/\/www.cssr.news\/spanish\/wp-json\/wp\/v2\/tags?post=29475"}],"curies":[{"name":"wp","href":"https:\/\/api.w.org\/{rel}","templated":true}]}}