{"id":29504,"date":"2025-12-10T12:44:09","date_gmt":"2025-12-10T10:44:09","guid":{"rendered":"https:\/\/www.cssr.news\/spanish\/?p=29504"},"modified":"2025-12-10T12:44:10","modified_gmt":"2025-12-10T10:44:10","slug":"en-polonia-radio-maryja-celebra-su-34o-aniversario","status":"publish","type":"post","link":"https:\/\/www.cssr.news\/spanish\/2025\/12\/en-polonia-radio-maryja-celebra-su-34o-aniversario\/","title":{"rendered":"En Polonia, Radio Maryja celebra su 34\u00ba aniversario"},"content":{"rendered":"\n<p>El s\u00e1bado 6 de diciembre se celebr\u00f3 en Toru\u0144 el 34\u00ba aniversario de Radio Maryja, fundado por los Redentoristas de la Provincia de Varsovia. El momento culminante de las celebraciones fue la Santa Misa, presidida por el Cardenal Gerhard Ludwig M\u00fcller, ex Prefecto de la Congregaci\u00f3n para la Doctrina de la Fe, quien tambi\u00e9n pronunci\u00f3 la homil\u00eda.<\/p>\n\n\n\n<p>En su homil\u00eda, el Cardenal M\u00fcller record\u00f3 el ejemplo de San Juan Bautista, llam\u00e1ndolo &#8220;la voz que clama en el desierto&#8221; y enfatizando la necesidad de un mensaje de conversi\u00f3n en un mundo a menudo caracterizado por la confusi\u00f3n y el relativismo. Afirm\u00f3 que Radio Maryja se ha convertido en una voz en los &#8220;p\u00e1ramos&#8221; de hoy, sin transigir con el esp\u00edritu del mundo, sino expresando con fuerza y \u200b\u200bamor los principios del Evangelio y los valores perdurables.<\/p>\n\n\n\n<p>El Padre Dariusz Paszy\u0144ski, CSsR, Provincial de la Provincia de Varsovia de los Redentoristas, declar\u00f3 que Radio Maryja es un lugar donde el Evangelio se encuentra con la vida cotidiana y donde la verdad encuentra valent\u00eda para afrontar los desaf\u00edos del mundo actual. \u00abCada persona es tratada con libertad\u00bb, enfatiz\u00f3, a\u00f1adiendo que la emisora \u200b\u200bde Toru\u0144, fiel a su misi\u00f3n, \u00abnos da esperanza y nos hace sentir como peregrinos en camino hacia la eternidad\u00bb.<\/p>\n\n\n\n<p>El Obispo Arkadiusz Okroj de Toru\u0144 afirm\u00f3 que el 34\u00ba aniversario representa una oportunidad para reflexionar sobre el esp\u00edritu y la idea que guiaron la creaci\u00f3n de Radio Maryja. \u00abLa misi\u00f3n de la emisora \u200b\u200bes ser una voz cat\u00f3lica abierta a los valores universales y a la verdad objetiva. Es una voz que, al traer a Cristo a nuestras vidas, nos permite comprendernos a nosotros mismos y nuestra identidad\u00bb, afirm\u00f3. El presidente polaco, Karol Nawrocki, envi\u00f3 un mensaje a los participantes, expresando su gratitud a todos aquellos que, durante los \u00faltimos 34 a\u00f1os, han contribuido a la creaci\u00f3n y el desarrollo de esta obra \u00fanica.<\/p>\n\n\n\n<p>Las celebraciones se desarrollaron en el Pabell\u00f3n Deportivo de Toru\u0144, con la participaci\u00f3n entusiasta de miles de oyentes de toda Polonia.<\/p>\n\n\n\n<p>Basado en: redemptor.pl, radiomaryja.pl<\/p>\n","protected":false},"excerpt":{"rendered":"<p>El s\u00e1bado 6 de diciembre se celebr\u00f3 en Toru\u0144 el 34\u00ba aniversario de Radio Maryja, fundado por los Redentoristas de la Provincia de Varsovia. El momento culminante de las celebraciones fue la Santa Misa, presidida por el Cardenal Gerhard Ludwig M\u00fcller, ex Prefecto de la Congregaci\u00f3n para la Doctrina de la Fe, quien tambi\u00e9n pronunci\u00f3 [&hellip;]<\/p>\n","protected":false},"author":3,"featured_media":29505,"comment_status":"closed","ping_status":"closed","sticky":false,"template":"","format":"standard","meta":[],"categories":[2],"tags":[],"_links":{"self":[{"href":"https:\/\/www.cssr.news\/spanish\/wp-json\/wp\/v2\/posts\/29504"}],"collection":[{"href":"https:\/\/www.cssr.news\/spanish\/wp-json\/wp\/v2\/posts"}],"about":[{"href":"https:\/\/www.cssr.news\/spanish\/wp-json\/wp\/v2\/types\/post"}],"author":[{"embeddable":true,"href":"https:\/\/www.cssr.news\/spanish\/wp-json\/wp\/v2\/users\/3"}],"replies":[{"embeddable":true,"href":"https:\/\/www.cssr.news\/spanish\/wp-json\/wp\/v2\/comments?post=29504"}],"version-history":[{"count":1,"href":"https:\/\/www.cssr.news\/spanish\/wp-json\/wp\/v2\/posts\/29504\/revisions"}],"predecessor-version":[{"id":29506,"href":"https:\/\/www.cssr.news\/spanish\/wp-json\/wp\/v2\/posts\/29504\/revisions\/29506"}],"wp:featuredmedia":[{"embeddable":true,"href":"https:\/\/www.cssr.news\/spanish\/wp-json\/wp\/v2\/media\/29505"}],"wp:attachment":[{"href":"https:\/\/www.cssr.news\/spanish\/wp-json\/wp\/v2\/media?parent=29504"}],"wp:term":[{"taxonomy":"category","embeddable":true,"href":"https:\/\/www.cssr.news\/spanish\/wp-json\/wp\/v2\/categories?post=29504"},{"taxonomy":"post_tag","embeddable":true,"href":"https:\/\/www.cssr.news\/spanish\/wp-json\/wp\/v2\/tags?post=29504"}],"curies":[{"name":"wp","href":"https:\/\/api.w.org\/{rel}","templated":true}]}}