{"id":29507,"date":"2025-12-11T20:44:35","date_gmt":"2025-12-11T18:44:35","guid":{"rendered":"https:\/\/www.cssr.news\/spanish\/?p=29507"},"modified":"2025-12-11T20:48:30","modified_gmt":"2025-12-11T18:48:30","slug":"brasil-xiii-congreso-de-los-hermanos-redentoristas-de-la-conferencia-latinoamericana-clair-claher","status":"publish","type":"post","link":"https:\/\/www.cssr.news\/spanish\/2025\/12\/brasil-xiii-congreso-de-los-hermanos-redentoristas-de-la-conferencia-latinoamericana-clair-claher\/","title":{"rendered":"Brasil: XIII Congreso de los Hermanos Redentoristas de la Conferencia Latinoamericana (CLAIR\/CLAHER)"},"content":{"rendered":"\n<p><strong>Aparecida, 1-5 de diciembre de 2025<\/strong><br><strong>El XIII Congreso de los Hermanos Redentoristas de la Conferencia de Am\u00e9rica Latina y el Caribe (CLAIR\/CLAHER) se celebr\u00f3 en Aparecida, en el Seminario San Alfonso. El evento reuni\u00f3 a 57 participantes de diversas ramas de la Congregaci\u00f3n del Sant\u00edsimo Redentor, en representaci\u00f3n de las Provincias de Nossa Senhora Aparecida, Brasilia, Curitiba, Andino-Caribe, Pedro Donders y Centroam\u00e9rica y el Caribe.<\/strong><\/p>\n\n\n\n<p>Tras un largo per\u00edodo sin reuniones presenciales, este momento adquiri\u00f3 especial relevancia, propiciando el fortalecimiento de los lazos fraternos y la reanudaci\u00f3n de la convivencia directa. El encuentro tambi\u00e9n reflej\u00f3 una nueva realidad institucional: los participantes ya se reconoc\u00edan como fruto del proceso de reestructuraci\u00f3n de las unidades, signo de un tiempo que exige apertura, corresponsabilidad y nuevas formas de colaboraci\u00f3n en la misi\u00f3n redentorista.<\/p>\n\n\n\n<p>El 13\u00ba CLAIR\/CLAHER tuvo lugar en un contexto particularmente significativo, marcado por las celebraciones del 300\u00ba aniversario (1726-2026) del nacimiento de San Gerardo, nuestro hermano, cuya vida sencilla, confiada y plenamente entregada a Dios sigue siendo un referente inspirador para la espiritualidad y la labor misionera redentoristas. A la luz de este jubileo, el encuentro invit\u00f3 a renovar la esperanza, fortalecer los lazos de comuni\u00f3n y reafirmar el compromiso con la misi\u00f3n confiada a la Congregaci\u00f3n.<\/p>\n\n\n\n<p>Durante el evento, hubo momentos de oraci\u00f3n, intercambio fraterno y reflexi\u00f3n compartida, que propiciaron un clima de escucha, di\u00e1logo y corresponsabilidad. El encuentro reafirm\u00f3 la fraternidad como pilar esencial de la vida redentorista.<\/p>\n\n\n\n<p><strong>El evento cont\u00f3 con la presencia de:<\/strong><\/p>\n\n\n\n<ul><li>Hermano Larry Lujan, CSsR, Consultor General;<\/li><li>Padre C\u00e9sar Torres, CSsR, Coordinador de la Conferencia Latinoamericana y del Caribe;<\/li><li>Padre Marlos Aur\u00e9lio, CSsR, Superior Provincial de Aparecida.<\/li><\/ul>\n\n\n\n<p>Su cercan\u00eda y aportes enriquecieron significativamente el trabajo realizado. Un reconocimiento especial a los Hermanos <strong>Marco Lucas, CSsR, y Marcos Vin\u00edcius, CSsR<\/strong>, responsables de la organizaci\u00f3n del encuentro, cuya dedicaci\u00f3n fue crucial para el \u00e9xito de esta experiencia fraterna.<\/p>\n\n\n\n<figure class=\"wp-block-image size-large\"><a href=\"https:\/\/www.cssr.news\/spanish\/wp-content\/uploads\/sites\/3\/2025\/12\/sn251211-fratelli-aparecida.jpeg\"><img width=\"1024\" height=\"682\" src=\"https:\/\/www.cssr.news\/spanish\/wp-content\/uploads\/sites\/3\/2025\/12\/sn251211-fratelli-aparecida-1024x682.jpeg\" alt=\"\" class=\"wp-image-29508\" srcset=\"https:\/\/www.cssr.news\/spanish\/wp-content\/uploads\/sites\/3\/2025\/12\/sn251211-fratelli-aparecida-1024x682.jpeg 1024w, https:\/\/www.cssr.news\/spanish\/wp-content\/uploads\/sites\/3\/2025\/12\/sn251211-fratelli-aparecida-300x200.jpeg 300w, https:\/\/www.cssr.news\/spanish\/wp-content\/uploads\/sites\/3\/2025\/12\/sn251211-fratelli-aparecida-768x512.jpeg 768w, https:\/\/www.cssr.news\/spanish\/wp-content\/uploads\/sites\/3\/2025\/12\/sn251211-fratelli-aparecida-696x464.jpeg 696w, https:\/\/www.cssr.news\/spanish\/wp-content\/uploads\/sites\/3\/2025\/12\/sn251211-fratelli-aparecida-1068x712.jpeg 1068w, https:\/\/www.cssr.news\/spanish\/wp-content\/uploads\/sites\/3\/2025\/12\/sn251211-fratelli-aparecida-630x420.jpeg 630w, https:\/\/www.cssr.news\/spanish\/wp-content\/uploads\/sites\/3\/2025\/12\/sn251211-fratelli-aparecida.jpeg 1280w\" sizes=\"(max-width: 1024px) 100vw, 1024px\" \/><\/a><\/figure>\n\n\n\n<p>Al finalizar el Congreso, los participantes regresaron a sus comunidades fortalecidos por la experiencia compartida, inspirados por la esperanza y comprometidos con la construcci\u00f3n de caminos compartidos. Se enfatiz\u00f3 la valorizaci\u00f3n de la vocaci\u00f3n del Hermano Redentorista en la vida y misi\u00f3n de la Congregaci\u00f3n: su presencia no es complementaria ni secundaria, sino constitutiva de la identidad redentorista. Esto nos recuerda constantemente que la misi\u00f3n surge del seguimiento de Cristo y de la vida fraterna, y no del ministerio ordenado. En este sentido, la XIII CLAIR\/CLAHER reafirm\u00f3 la importancia de superar toda forma de clericalismo, promoviendo relaciones caracterizadas por la corresponsabilidad, el respeto mutuo y la pr\u00e1ctica de una aut\u00e9ntica fraternidad, en la que cada vocaci\u00f3n sea reconocida en su dignidad y contribuci\u00f3n espec\u00edfica.<\/p>\n\n\n\n<p>Los frutos de la XIII CLAIR\/CLAHER fueron confiados a la intercesi\u00f3n de Nuestra Se\u00f1ora de Aparecida y al ejemplo brillante de San Gerardo, con la certeza de que la misi\u00f3n redentorista sigue viva, relevante y necesaria ante los desaf\u00edos de la evangelizaci\u00f3n.<\/p>\n\n\n\n<p><strong>Hno. Diego Vinicio G. de Almeida, CSsR.<\/strong><\/p>\n","protected":false},"excerpt":{"rendered":"<p>Aparecida, 1-5 de diciembre de 2025El XIII Congreso de los Hermanos Redentoristas de la Conferencia de Am\u00e9rica Latina y el Caribe (CLAIR\/CLAHER) se celebr\u00f3 en Aparecida, en el Seminario San Alfonso. El evento reuni\u00f3 a 57 participantes de diversas ramas de la Congregaci\u00f3n del Sant\u00edsimo Redentor, en representaci\u00f3n de las Provincias de Nossa Senhora Aparecida, [&hellip;]<\/p>\n","protected":false},"author":3,"featured_media":29509,"comment_status":"closed","ping_status":"closed","sticky":false,"template":"","format":"standard","meta":[],"categories":[36],"tags":[],"_links":{"self":[{"href":"https:\/\/www.cssr.news\/spanish\/wp-json\/wp\/v2\/posts\/29507"}],"collection":[{"href":"https:\/\/www.cssr.news\/spanish\/wp-json\/wp\/v2\/posts"}],"about":[{"href":"https:\/\/www.cssr.news\/spanish\/wp-json\/wp\/v2\/types\/post"}],"author":[{"embeddable":true,"href":"https:\/\/www.cssr.news\/spanish\/wp-json\/wp\/v2\/users\/3"}],"replies":[{"embeddable":true,"href":"https:\/\/www.cssr.news\/spanish\/wp-json\/wp\/v2\/comments?post=29507"}],"version-history":[{"count":2,"href":"https:\/\/www.cssr.news\/spanish\/wp-json\/wp\/v2\/posts\/29507\/revisions"}],"predecessor-version":[{"id":29512,"href":"https:\/\/www.cssr.news\/spanish\/wp-json\/wp\/v2\/posts\/29507\/revisions\/29512"}],"wp:featuredmedia":[{"embeddable":true,"href":"https:\/\/www.cssr.news\/spanish\/wp-json\/wp\/v2\/media\/29509"}],"wp:attachment":[{"href":"https:\/\/www.cssr.news\/spanish\/wp-json\/wp\/v2\/media?parent=29507"}],"wp:term":[{"taxonomy":"category","embeddable":true,"href":"https:\/\/www.cssr.news\/spanish\/wp-json\/wp\/v2\/categories?post=29507"},{"taxonomy":"post_tag","embeddable":true,"href":"https:\/\/www.cssr.news\/spanish\/wp-json\/wp\/v2\/tags?post=29507"}],"curies":[{"name":"wp","href":"https:\/\/api.w.org\/{rel}","templated":true}]}}