{"id":29513,"date":"2025-12-09T10:49:00","date_gmt":"2025-12-09T08:49:00","guid":{"rendered":"https:\/\/www.cssr.news\/spanish\/?p=29513"},"modified":"2025-12-12T12:37:23","modified_gmt":"2025-12-12T10:37:23","slug":"roma-un-nuevo-oblato-para-la-congregacion-redentorista","status":"publish","type":"post","link":"https:\/\/www.cssr.news\/spanish\/2025\/12\/roma-un-nuevo-oblato-para-la-congregacion-redentorista\/","title":{"rendered":"Roma: Un nuevo Oblato para la Congregaci\u00f3n Redentorista"},"content":{"rendered":"\n<p>El pasado s\u00e1bado 6 de diciembre, el retiro espiritual de Adviento concluy\u00f3 en la capilla de la comunidad de San Alfonso en Roma con un momento especialmente significativo: el P. Rog\u00e9rio Gomes, CSsR, Superior General de la Congregaci\u00f3n del Sant\u00edsimo Redentor, entreg\u00f3 al Dr. Massimo Bottini el diploma de Oblato Redentorista. Fue una ceremonia emotiva que marc\u00f3 la entrada oficial del Dr. Bottini en la familia espiritual redentorista tras a\u00f1os de generoso y competente servicio como m\u00e9dico de contacto principal de la comunidad.<\/p>\n\n\n\n<p><strong>Un d\u00eda de reflexi\u00f3n y comuni\u00f3n<\/strong><br>El retiro, dirigido por el P. Mario Boies, CSsR, profesor de la Academia Alfonsiana, tuvo como tema <em>&#8220;La Encarnaci\u00f3n: La empat\u00eda de Dios por la humanidad&#8221;<\/em>, y cont\u00f3 con la participaci\u00f3n de las dos comunidades redentoristas romanas de San Alfonso y San Gioacchino. La jornada brind\u00f3 la oportunidad de profundizar en el camino de Adviento, prepar\u00e1ndonos para la Navidad con oraci\u00f3n, intercambio y reflexi\u00f3n, inspir\u00e1ndonos en las ense\u00f1anzas de San Alfonso Mar\u00eda de Ligorio.<\/p>\n\n\n\n<figure class=\"wp-block-gallery columns-3 is-cropped\"><ul class=\"blocks-gallery-grid\"><li class=\"blocks-gallery-item\"><figure><a href=\"https:\/\/www.cssr.news\/italian\/wp-content\/uploads\/sites\/2\/2025\/12\/A7400005-scaled.jpg\"><img src=\"https:\/\/www.cssr.news\/italian\/wp-content\/uploads\/sites\/2\/2025\/12\/A7400005-1024x683.jpg\" alt=\"\" data-id=\"31816\" data-full-url=\"https:\/\/www.cssr.news\/italian\/wp-content\/uploads\/sites\/2\/2025\/12\/A7400005-scaled.jpg\" data-link=\"https:\/\/www.cssr.news\/italian\/2025\/12\/roma-un-nuovo-oblato-per-la-congregazione-redentorista\/a7400005\/\" class=\"wp-image-31816\"\/><\/a><\/figure><\/li><li class=\"blocks-gallery-item\"><figure><a href=\"https:\/\/www.cssr.news\/italian\/wp-content\/uploads\/sites\/2\/2025\/12\/A7400010.jpg\"><img src=\"https:\/\/www.cssr.news\/italian\/wp-content\/uploads\/sites\/2\/2025\/12\/A7400010-1024x682.jpg\" alt=\"\" data-id=\"31818\" data-full-url=\"https:\/\/www.cssr.news\/italian\/wp-content\/uploads\/sites\/2\/2025\/12\/A7400010.jpg\" data-link=\"https:\/\/www.cssr.news\/italian\/2025\/12\/roma-un-nuovo-oblato-per-la-congregazione-redentorista\/a7400010\/\" class=\"wp-image-31818\"\/><\/a><\/figure><\/li><li class=\"blocks-gallery-item\"><figure><a href=\"https:\/\/www.cssr.news\/italian\/wp-content\/uploads\/sites\/2\/2025\/12\/A7400012-scaled.jpg\"><img src=\"https:\/\/www.cssr.news\/italian\/wp-content\/uploads\/sites\/2\/2025\/12\/A7400012-1024x683.jpg\" alt=\"\" data-id=\"31819\" data-full-url=\"https:\/\/www.cssr.news\/italian\/wp-content\/uploads\/sites\/2\/2025\/12\/A7400012-scaled.jpg\" data-link=\"https:\/\/www.cssr.news\/italian\/2025\/12\/roma-un-nuovo-oblato-per-la-congregazione-redentorista\/a7400012\/\" class=\"wp-image-31819\"\/><\/a><\/figure><\/li><li class=\"blocks-gallery-item\"><figure><a href=\"https:\/\/www.cssr.news\/italian\/wp-content\/uploads\/sites\/2\/2025\/12\/A7400015-scaled.jpg\"><img src=\"https:\/\/www.cssr.news\/italian\/wp-content\/uploads\/sites\/2\/2025\/12\/A7400015-1024x683.jpg\" alt=\"\" data-id=\"31820\" data-full-url=\"https:\/\/www.cssr.news\/italian\/wp-content\/uploads\/sites\/2\/2025\/12\/A7400015-scaled.jpg\" data-link=\"https:\/\/www.cssr.news\/italian\/2025\/12\/roma-un-nuovo-oblato-per-la-congregazione-redentorista\/a7400015\/\" class=\"wp-image-31820\"\/><\/a><\/figure><\/li><\/ul><\/figure>\n\n\n\n<p><strong>Una conexi\u00f3n espiritual con el carisma y la misi\u00f3n redentoristas<\/strong><br>El momento culminante fue la Eucarist\u00eda presidida por el Padre Rog\u00e9rio Gomes, durante la cual el Dr. Bottini fue recibido como Oblato de la Congregaci\u00f3n Redentorista.<\/p>\n\n\n\n<p>En su homil\u00eda, el Superior General enfatiz\u00f3 que ser Oblato no es una elecci\u00f3n marcada por votos religiosos, sino una comuni\u00f3n libre y generosa con el carisma redentorista: <em>\u00abLos Oblatos se inspiran en los cuatro pilares de la espiritualidad redentorista: la Encarnaci\u00f3n, la Cruz, la Eucarist\u00eda y la  devoci\u00f3n a la Virgen Mar\u00eda. Buscan ser signos vivos de la misericordia de Dios, especialmente entre los pobres y abandonados. En el mundo, en sus familias, en el trabajo y en la vida social, son una presencia evangelizadora y solidaria, testigos de la abundante redenci\u00f3n de Cristo\u00bb<\/em>, declar\u00f3 el Padre Rog\u00e9rio.<\/p>\n\n\n\n<p>Dirigi\u00e9ndose al nuevo Oblato, el Padre General a\u00f1adi\u00f3: \u00abEstimado Dr. Bottini, su trayectoria como m\u00e9dico ya demuestra un servicio a los dem\u00e1s marcado por la empat\u00eda, la escucha y la dedicaci\u00f3n, valores que en nuestra Congregaci\u00f3n llamamos compasi\u00f3n. El m\u00e9dico, en mi opini\u00f3n, encarna la figura del Buen Samaritano por excelencia: aquel que se detiene, ve, cuida y est\u00e1 cerca de los dem\u00e1s. El t\u00edtulo que recibe hoy no hace m\u00e1s que confirmar, con alegr\u00eda y gratitud, lo que su vida ya manifiesta: un compromiso con la fe vivido con inteligencia, sensibilidad y compasi\u00f3n\u00bb.<\/p>\n\n\n\n<p><strong>Ceremonia de Entrega del Diploma<\/strong><br>Antes de la bendici\u00f3n final, el P. Rog\u00e9rio Gomes entreg\u00f3 el diploma oblato al Dr. Bottini, asistido por el P. Gianni Congiu, CSsR, rector de la comunidad de San Alfonso. Ante la comunidad y su familia, el Dr. Bottini expres\u00f3 su gratitud por este reconocimiento, calific\u00e1ndolo de \u00abinmenso honor\u00bb, que le permite compartir m\u00e1s profundamente el carisma redentorista. &#8220;Me comprometo a acoger este don y a contribuir, bajo la protecci\u00f3n maternal de Nuestra Se\u00f1ora del Perpetuo Socorro, al bien que su misi\u00f3n promueve en el mundo, llevando el amor y la esperanza del Redentor a todas partes&#8221;, declar\u00f3.<\/p>\n\n\n\n<p><strong>Un ejemplo de servicio y fe<\/strong><br>El Dr. Bottini encarna la uni\u00f3n entre profesionalismo y espiritualidad, demostrando c\u00f3mo la vocaci\u00f3n laica puede ser un signo concreto de la misericordia de Dios en el mundo. La Congregaci\u00f3n del Sant\u00edsimo Redentor da la bienvenida con alegr\u00eda a este nuevo oblato, con la esperanza de que su testimonio sea un signo de esperanza para todos los que encuentre en su camino.<\/p>\n\n\n\n<p>Que Mar\u00eda, Madre del Perpetuo Socorro, acompa\u00f1e al Dr. Bottini y a su familia en este nuevo camino de fe y misi\u00f3n.<\/p>\n\n\n\n<p><em>Scala News<\/em><\/p>\n","protected":false},"excerpt":{"rendered":"<p>El pasado s\u00e1bado 6 de diciembre, el retiro espiritual de Adviento concluy\u00f3 en la capilla de la comunidad de San Alfonso en Roma con un momento especialmente significativo: el P. Rog\u00e9rio Gomes, CSsR, Superior General de la Congregaci\u00f3n del Sant\u00edsimo Redentor, entreg\u00f3 al Dr. Massimo Bottini el diploma de Oblato Redentorista. Fue una ceremonia emotiva [&hellip;]<\/p>\n","protected":false},"author":3,"featured_media":29514,"comment_status":"closed","ping_status":"closed","sticky":false,"template":"","format":"standard","meta":[],"categories":[32],"tags":[],"_links":{"self":[{"href":"https:\/\/www.cssr.news\/spanish\/wp-json\/wp\/v2\/posts\/29513"}],"collection":[{"href":"https:\/\/www.cssr.news\/spanish\/wp-json\/wp\/v2\/posts"}],"about":[{"href":"https:\/\/www.cssr.news\/spanish\/wp-json\/wp\/v2\/types\/post"}],"author":[{"embeddable":true,"href":"https:\/\/www.cssr.news\/spanish\/wp-json\/wp\/v2\/users\/3"}],"replies":[{"embeddable":true,"href":"https:\/\/www.cssr.news\/spanish\/wp-json\/wp\/v2\/comments?post=29513"}],"version-history":[{"count":5,"href":"https:\/\/www.cssr.news\/spanish\/wp-json\/wp\/v2\/posts\/29513\/revisions"}],"predecessor-version":[{"id":29522,"href":"https:\/\/www.cssr.news\/spanish\/wp-json\/wp\/v2\/posts\/29513\/revisions\/29522"}],"wp:featuredmedia":[{"embeddable":true,"href":"https:\/\/www.cssr.news\/spanish\/wp-json\/wp\/v2\/media\/29514"}],"wp:attachment":[{"href":"https:\/\/www.cssr.news\/spanish\/wp-json\/wp\/v2\/media?parent=29513"}],"wp:term":[{"taxonomy":"category","embeddable":true,"href":"https:\/\/www.cssr.news\/spanish\/wp-json\/wp\/v2\/categories?post=29513"},{"taxonomy":"post_tag","embeddable":true,"href":"https:\/\/www.cssr.news\/spanish\/wp-json\/wp\/v2\/tags?post=29513"}],"curies":[{"name":"wp","href":"https:\/\/api.w.org\/{rel}","templated":true}]}}