{"id":29530,"date":"2025-12-14T20:18:00","date_gmt":"2025-12-14T18:18:00","guid":{"rendered":"https:\/\/www.cssr.news\/spanish\/?p=29530"},"modified":"2025-12-15T08:35:55","modified_gmt":"2025-12-15T06:35:55","slug":"los-redentoristas-recibidos-por-el-papa-leon-xiv-en-el-vaticano","status":"publish","type":"post","link":"https:\/\/www.cssr.news\/spanish\/2025\/12\/los-redentoristas-recibidos-por-el-papa-leon-xiv-en-el-vaticano\/","title":{"rendered":"Los Redentoristas recibidos por el Papa Le\u00f3n XIV en el Vaticano"},"content":{"rendered":"\n<p class=\"has-text-align-center\"><strong>La delegaci\u00f3n de la Provincia de Nuestra Se\u00f1ora de Aparecida presenta la misi\u00f3n de TV Aparecida y entrega ofrendas simb\u00f3licas al Sucesor de Pedro.<\/strong><\/p>\n\n\n\n<p>El s\u00e1bado 13 de diciembre por la ma\u00f1ana, el Papa Le\u00f3n XIV recibi\u00f3 a los Redentoristas de la Provincia de Nuestra Se\u00f1ora de Aparecida en una audiencia privada en el Vaticano.<\/p>\n\n\n\n<p>La delegaci\u00f3n estuvo compuesta por el<strong> Arzobispo Orlando Brandes<\/strong> de Aparecida; los misioneros redentoristas Padre <strong>Marlos Aur\u00e9lio da Silva<\/strong>, Superior de la Provincia de Nuestra Se\u00f1ora de Aparecida; Padre <strong>Eduardo Catalfo<\/strong>, Rector del Santuario Nacional de Aparecida; el <strong>Hermano Alan Patrick Zuccherato<\/strong>, Director Art\u00edstico y Pastoral de TV Aparecida; y la periodista y presentadora <strong>Camila Morais<\/strong>.<\/p>\n\n\n\n<p>El prop\u00f3sito de la audiencia fue compartir la misi\u00f3n evangelizadora de TV Aparecida con los devotos de Nuestra Se\u00f1ora de Aparecida y el pueblo brasile\u00f1o.<\/p>\n\n\n\n<p>En este importante momento, los Redentoristas fueron bendecidos por el Papa, lo que hizo el encuentro a\u00fan m\u00e1s edificante para la provincia.<\/p>\n\n\n\n<p>En una entrevista exclusiva con Portale A12 tras la audiencia, el Padre Marlos destac\u00f3 la profundidad y la trascendencia del encuentro, destacando la importancia del momento y la renovaci\u00f3n del compromiso misionero de la Iglesia en Brasil.<\/p>\n\n\n\n<p><strong>La hist\u00f3rica bienvenida y sencillez del Santo Padre<\/strong><\/p>\n\n\n\n<p>El Superior Provincial describi\u00f3 el <strong>d\u00eda como &#8220;muy significativo&#8221; e &#8220;hist\u00f3rico&#8221;<\/strong>, destacando la emoci\u00f3n de estar en presencia del Sucesor de Pedro.<\/p>\n\n\n\n<p>La actitud del Papa \u2014mostrando inter\u00e9s en escuchar, formulando preguntas y dando la bienvenida a los presentes, como la imagen de Nuestra Se\u00f1ora de Aparecida\u2014 fue lo que m\u00e1s impresion\u00f3 a la delegaci\u00f3n. La sencillez del Pont\u00edfice cre\u00f3 un ambiente de acogida familiar y di\u00e1logo abierto.<\/p>\n\n\n\n<p>Esta cordialidad y sencillez en su bienvenida se presentaron como el sello distintivo del encuentro. El Papa demostr\u00f3 un genuino inter\u00e9s por el contexto brasile\u00f1o, abordando cuestiones sociales, pol\u00edticas y religiosas, lo que reforz\u00f3 la atenci\u00f3n de la Santa Sede a las realidades locales.<\/p>\n\n\n\n<p><em>&#8220;Hoy fue un d\u00eda muy significativo, hist\u00f3rico y emotivo, porque esta delegaci\u00f3n, en representaci\u00f3n de TV Aparecida, el Santuario Nacional, los medios de comunicaci\u00f3n y la Red de Comunicaci\u00f3n de Aparecida, nos reunimos con el Papa Le\u00f3n XIV. Nos dio la bienvenida, se interes\u00f3 en escucharnos, nos hizo preguntas y acept\u00f3 los regalos que le ofrecimos. En particular, la imagen de Nuestra Se\u00f1ora de Aparecida, y con mucha espontaneidad, dijo: \u00abEstuve all\u00ed cuando fui general de los Agustinos. [\u2026] Lo m\u00e1s impactante es la bienvenida amable y sencilla del Papa Le\u00f3n XIV, quien nos hizo sentir c\u00f3modos, escuch\u00e1ndonos y haci\u00e9ndonos preguntas sobre Brasil, su contexto social, pol\u00edtico y religioso\u00bb<\/em>, dijo el Superior Provincial.<\/p>\n\n\n\n<p><strong>El rol de los medios de comunicaci\u00f3n en la evangelizaci\u00f3n y la conexi\u00f3n con el Santuario<\/strong><\/p>\n\n\n\n<p>Esta audiencia sirvi\u00f3 para destacar la importancia estrat\u00e9gica de los medios de comunicaci\u00f3n vinculados al Santuario Nacional, en particular TV Aparecida, que celebra su 20.\u00ba aniversario.<\/p>\n\n\n\n<p>El Padre Marlos recuerda que, durante la audiencia, el Arzobispo Orlando destac\u00f3 al Santo Padre c\u00f3mo la Red de Comunicaciones de Aparecida mantiene la conexi\u00f3n entre el Santuario y los fieles, siendo fundamental para el proceso de evangelizaci\u00f3n del pa\u00eds. El Papa Le\u00f3n comprendi\u00f3 muy bien que est\u00e1bamos all\u00ed para celebrar el 20.\u00ba aniversario de TV Aparecida. El Arzobispo Orlando destac\u00f3 as\u00ed la importancia del Santuario, de estos medios de comunicaci\u00f3n, lo que representaron durante la pandemia y c\u00f3mo mantienen una fuerte conexi\u00f3n con el Santuario, TV Aparecida y los medios de comunicaci\u00f3n en general. C\u00f3mo esto fomenta y contribuye al proceso de evangelizaci\u00f3n. El Padre Catalfo tambi\u00e9n enfatiz\u00f3 que el santuario tambi\u00e9n destaca por destacar la Palabra de Dios dentro de este proceso de evangelizaci\u00f3n.<\/p>\n\n\n\n<p><strong>El Carisma Redentorista y la Opci\u00f3n Preferencial por los Pobres<\/strong><\/p>\n\n\n\n<p>Los misioneros redentoristas tienen como carisma la opci\u00f3n por los m\u00e1s pobres y abandonados. En este contexto, el Padre Marlos record\u00f3 la referencia del Papa a San Alfonso, fundador de los Redentoristas, el mi\u00e9rcoles pasado durante la audiencia general, lo cual evoc\u00f3 un sentimiento de reconocimiento y alegr\u00eda.<\/p>\n\n\n\n<p>La misi\u00f3n redentorista, manifestada en la cercan\u00eda a la gente, fue reafirmada como la labor central que se realiza en el Santuario Nacional, con una labor de la evangelizaci\u00f3n en el contexto de la lucha por una sociedad m\u00e1s justa y fraterna.<\/p>\n\n\n\n<p><em>&#8220;Recordamos que el mi\u00e9rcoles usted mencion\u00f3 a San Alfonso. Somos hijos de San Alfonso, y \u00e9l agradeci\u00f3 que record\u00e1ramos la cita, la menci\u00f3n que hizo en la catequesis sobre San Alfonso. As\u00ed, los Redentoristas le expresamos nuestra plena comuni\u00f3n, nuestro afecto por \u00e9l, pero tambi\u00e9n nuestro apoyo a \u00e9l, deseando cada vez m\u00e1s que la Iglesia contin\u00fae la misi\u00f3n de Jesucristo, este hermoso legado que nuestro difunto Papa Francisco dej\u00f3 a la Iglesia y que el Papa Le\u00f3n XIV contin\u00faa. [\u2026] Veo que todo esto nos pone en sinton\u00eda, cada vez m\u00e1s, con los llamamientos que la Iglesia nos dirige para seguir trabajando por una sociedad m\u00e1s justa y fraterna, y de manera especial, con nuestro carisma redentorista, de cercan\u00eda, de importancia en la labor de evangelizaci\u00f3n de todos, pero considerando en ello una preferencia por los m\u00e1s pobres, los m\u00e1s abandonados.&#8221;<\/em><\/p>\n\n\n\n<p>R<strong>enovado celo misionero y continuidad del legado<\/strong><\/p>\n\n\n\n<p>Interpretado como un signo de comuni\u00f3n, el encuentro con el Papa es tambi\u00e9n una invitaci\u00f3n a renovar el compromiso misionero. El P. Marlos expresa su deseo de &#8220;remar juntos&#8221; con el Papa, buscando una Iglesia que contin\u00fae fielmente a Jesucristo.<\/p>\n\n\n\n<p>La sensaci\u00f3n es que este encuentro alinear\u00e1 a\u00fan m\u00e1s a los Redentoristas con los llamados de la Iglesia, inspir\u00e1ndolos a continuar la labor que se realiza en Brasil.<\/p>\n\n\n\n<p>Creo que este momento marca para nosotros esta comuni\u00f3n, este signo de expresi\u00f3n, con la Iglesia universal, la persona del Papa Francisco, y nos ayuda a tener un compromiso a\u00fan mayor, esta responsabilidad por la continuidad de la hermosa misi\u00f3n del Santuario Nacional, de los medios de comunicaci\u00f3n en la evangelizaci\u00f3n. Creo que esto siempre nos hace pensar en la relevancia, en la importancia. [\u2026] En resumen, fue un d\u00eda muy interesante y significativo. Creo que representa para nosotros, misioneros redentoristas, un esp\u00edritu de renovado celo misionero con esta labor que realiza la congregaci\u00f3n. Le dije que llevamos m\u00e1s de 130 a\u00f1os en el santuario. Se asombr\u00f3 al escuchar cu\u00e1nto tiempo llevamos con esta hermosa misi\u00f3n y c\u00f3mo queremos continuarla.<\/p>\n\n\n\n<p>En un video publicado en las redes sociales de los Misioneros Redentoristas, el Padre Marlos tambi\u00e9n explic\u00f3 que el Santo Padre ya conoc\u00eda la labor de TV Aparecida y record\u00f3 su visita a la ciudad de Aparecida:<\/p>\n\n\n\n<p><em>&#8220;El Papa sabe que TV Aparecida existe y que hay muchos devotos de Nuestra Se\u00f1ora de Aparecida, y lo record\u00f3 dici\u00e9ndonos: &#8216;Ya estuve all\u00ed (en Aparecida), pero no como Papa. Nos da la esperanza de volver, ahora como el Papa Le\u00f3n XIV'&#8221;.<\/em><\/p>\n\n\n\n<p>Natan Gomes, a12.com<\/p>\n","protected":false},"excerpt":{"rendered":"<p>La delegaci\u00f3n de la Provincia de Nuestra Se\u00f1ora de Aparecida presenta la misi\u00f3n de TV Aparecida y entrega ofrendas simb\u00f3licas al Sucesor de Pedro. El s\u00e1bado 13 de diciembre por la ma\u00f1ana, el Papa Le\u00f3n XIV recibi\u00f3 a los Redentoristas de la Provincia de Nuestra Se\u00f1ora de Aparecida en una audiencia privada en el Vaticano. [&hellip;]<\/p>\n","protected":false},"author":3,"featured_media":29531,"comment_status":"closed","ping_status":"closed","sticky":false,"template":"","format":"standard","meta":[],"categories":[2],"tags":[],"_links":{"self":[{"href":"https:\/\/www.cssr.news\/spanish\/wp-json\/wp\/v2\/posts\/29530"}],"collection":[{"href":"https:\/\/www.cssr.news\/spanish\/wp-json\/wp\/v2\/posts"}],"about":[{"href":"https:\/\/www.cssr.news\/spanish\/wp-json\/wp\/v2\/types\/post"}],"author":[{"embeddable":true,"href":"https:\/\/www.cssr.news\/spanish\/wp-json\/wp\/v2\/users\/3"}],"replies":[{"embeddable":true,"href":"https:\/\/www.cssr.news\/spanish\/wp-json\/wp\/v2\/comments?post=29530"}],"version-history":[{"count":1,"href":"https:\/\/www.cssr.news\/spanish\/wp-json\/wp\/v2\/posts\/29530\/revisions"}],"predecessor-version":[{"id":29532,"href":"https:\/\/www.cssr.news\/spanish\/wp-json\/wp\/v2\/posts\/29530\/revisions\/29532"}],"wp:featuredmedia":[{"embeddable":true,"href":"https:\/\/www.cssr.news\/spanish\/wp-json\/wp\/v2\/media\/29531"}],"wp:attachment":[{"href":"https:\/\/www.cssr.news\/spanish\/wp-json\/wp\/v2\/media?parent=29530"}],"wp:term":[{"taxonomy":"category","embeddable":true,"href":"https:\/\/www.cssr.news\/spanish\/wp-json\/wp\/v2\/categories?post=29530"},{"taxonomy":"post_tag","embeddable":true,"href":"https:\/\/www.cssr.news\/spanish\/wp-json\/wp\/v2\/tags?post=29530"}],"curies":[{"name":"wp","href":"https:\/\/api.w.org\/{rel}","templated":true}]}}