{"id":2954,"date":"2016-11-17T10:51:07","date_gmt":"2016-11-17T10:51:07","guid":{"rendered":"http:\/\/www.cssr.news\/spanish\/?p=2954"},"modified":"2016-11-17T14:56:47","modified_gmt":"2016-11-17T14:56:47","slug":"comunicado-de-la-congregacion-del-santisimo-redentor-en-paraguay","status":"publish","type":"post","link":"https:\/\/www.cssr.news\/spanish\/2016\/11\/comunicado-de-la-congregacion-del-santisimo-redentor-en-paraguay\/","title":{"rendered":"Comunicado de la Congregaci\u00f3n del Sant\u00edsimo Redentor en Paraguay"},"content":{"rendered":"<p>Viendo la necesidad de aclarar la posici\u00f3n de la Congregaci\u00f3n del Sant\u00edsimo Redentor en Paraguay, debido a la sentencia del Tribunal Colegiado con fecha 15 de noviembre, el Provincial del Paraguay ha publicado un comunicado a la opini\u00f3n p\u00fablica.<\/p>\n<p>En este documento, la Congregaci\u00f3n informa que ha seguido las normas vigentes de la Conferencia de religiosos del Paraguay en lo que respecta la situaci\u00f3n di un exmiembro de la Congregaci\u00f3n acusado ante el Tribunal.<\/p>\n<p>&#8220;La Congregaci\u00f3n del Sant\u00edsimo Redentor ratifica su rechazo a cualquier acto lesivo a menores y su compromiso con su protecci\u00f3n, la verdad y la justicia&#8221;, si lee en el comunicado.<\/p>\n<p>&#8220;Los Misioneros Redentoristas del Paraguay se encuentran trabajando en el pa\u00eds desde hace 86 a\u00f1os, en favor de la evangelizaci\u00f3n de nuestro pueblo. Esta situaci\u00f3n afecta negativamente la credibilidad de la Misi\u00f3n que desempe\u00f1a la Congregaci\u00f3n. Pese a ello la Provincia del Paraguay de la Congregaci\u00f3n del Sant\u00edsimo Redentor sigue con su compromiso de proclamar expl\u00edcitamente el Evangelio, solidariz\u00e1ndose con los pobres y promoviendo sus derechos fundamentales de justicia y de libertad&#8221;, concluye il comunicado firmado por el padre Vicente Soria Fleitas CSsR, Superior Provincial.<\/p>\n<p><a href=\"http:\/\/www.cssr.news\/spanish\/wp-content\/uploads\/sites\/3\/2016\/11\/comunicado_paraguay_nov2016.jpg\"><img class=\"aligncenter wp-image-2956 size-full\" src=\"http:\/\/www.cssr.news\/spanish\/wp-content\/uploads\/sites\/3\/2016\/11\/comunicado_paraguay_nov2016.jpg\" alt=\"comunicado_paraguay_nov2016\" width=\"708\" height=\"960\" srcset=\"https:\/\/www.cssr.news\/spanish\/wp-content\/uploads\/sites\/3\/2016\/11\/comunicado_paraguay_nov2016.jpg 708w, https:\/\/www.cssr.news\/spanish\/wp-content\/uploads\/sites\/3\/2016\/11\/comunicado_paraguay_nov2016-221x300.jpg 221w, https:\/\/www.cssr.news\/spanish\/wp-content\/uploads\/sites\/3\/2016\/11\/comunicado_paraguay_nov2016-696x944.jpg 696w, https:\/\/www.cssr.news\/spanish\/wp-content\/uploads\/sites\/3\/2016\/11\/comunicado_paraguay_nov2016-310x420.jpg 310w\" sizes=\"(max-width: 708px) 100vw, 708px\" \/><\/a><\/p>\n","protected":false},"excerpt":{"rendered":"<p>Viendo la necesidad de aclarar la posici\u00f3n de la Congregaci\u00f3n del Sant\u00edsimo Redentor en Paraguay, debido a la sentencia del Tribunal Colegiado con fecha 15 de noviembre, el Provincial del Paraguay ha publicado un comunicado a la opini\u00f3n p\u00fablica. En este documento, la Congregaci\u00f3n informa que ha seguido las normas vigentes de la Conferencia de [&hellip;]<\/p>\n","protected":false},"author":3,"featured_media":2955,"comment_status":"closed","ping_status":"closed","sticky":false,"template":"","format":"standard","meta":[],"categories":[11],"tags":[],"_links":{"self":[{"href":"https:\/\/www.cssr.news\/spanish\/wp-json\/wp\/v2\/posts\/2954"}],"collection":[{"href":"https:\/\/www.cssr.news\/spanish\/wp-json\/wp\/v2\/posts"}],"about":[{"href":"https:\/\/www.cssr.news\/spanish\/wp-json\/wp\/v2\/types\/post"}],"author":[{"embeddable":true,"href":"https:\/\/www.cssr.news\/spanish\/wp-json\/wp\/v2\/users\/3"}],"replies":[{"embeddable":true,"href":"https:\/\/www.cssr.news\/spanish\/wp-json\/wp\/v2\/comments?post=2954"}],"version-history":[{"count":1,"href":"https:\/\/www.cssr.news\/spanish\/wp-json\/wp\/v2\/posts\/2954\/revisions"}],"predecessor-version":[{"id":2957,"href":"https:\/\/www.cssr.news\/spanish\/wp-json\/wp\/v2\/posts\/2954\/revisions\/2957"}],"wp:featuredmedia":[{"embeddable":true,"href":"https:\/\/www.cssr.news\/spanish\/wp-json\/wp\/v2\/media\/2955"}],"wp:attachment":[{"href":"https:\/\/www.cssr.news\/spanish\/wp-json\/wp\/v2\/media?parent=2954"}],"wp:term":[{"taxonomy":"category","embeddable":true,"href":"https:\/\/www.cssr.news\/spanish\/wp-json\/wp\/v2\/categories?post=2954"},{"taxonomy":"post_tag","embeddable":true,"href":"https:\/\/www.cssr.news\/spanish\/wp-json\/wp\/v2\/tags?post=2954"}],"curies":[{"name":"wp","href":"https:\/\/api.w.org\/{rel}","templated":true}]}}