{"id":29552,"date":"2025-12-17T12:08:24","date_gmt":"2025-12-17T10:08:24","guid":{"rendered":"https:\/\/www.cssr.news\/spanish\/?p=29552"},"modified":"2025-12-17T12:08:57","modified_gmt":"2025-12-17T10:08:57","slug":"niger-65o-aniversario-de-la-parroquia-de-san-agustin-y-de-la-presencia-de-los-redentoristas-en-agadez","status":"publish","type":"post","link":"https:\/\/www.cssr.news\/spanish\/2025\/12\/niger-65o-aniversario-de-la-parroquia-de-san-agustin-y-de-la-presencia-de-los-redentoristas-en-agadez\/","title":{"rendered":"N\u00edger: 65\u00ba aniversario de la parroquia de San Agust\u00edn y de la presencia de los Redentoristas en Agadez"},"content":{"rendered":"\n<p>El domingo 14 de diciembre de 2025, la comunidad parroquial de la Iglesia Cat\u00f3lica de Agadez celebr\u00f3 con alegr\u00eda su Jubileo de Palo de Rosa (Palisandro), conmemorando los 65 a\u00f1os de existencia de la Parroquia de San Agust\u00edn de Agadez.<\/p>\n\n\n\n<p>La celebraci\u00f3n tuvo lugar en la Iglesia Cat\u00f3lica de Agadez y comenz\u00f3 a las 9:00 h con una solemne Misa de Acci\u00f3n de Gracias, presidida por Su Excelencia, Monse\u00f1or Ignatius Kanmurum Anipu, Obispo de la Di\u00f3cesis de Maradi. La celebraci\u00f3n jubilar se vio enriquecida por la participaci\u00f3n fraternal de los cohermanos de la Di\u00f3cesis de Niamey, junto con sacerdotes, religiosos y una numerosa congregaci\u00f3n de fieles.<\/p>\n\n\n\n<p>Los momentos m\u00e1s destacados de la celebraci\u00f3n incluyeron: la Misa de Acci\u00f3n de Gracias del Jubileo, la investidura del nuevo p\u00e1rroco, la dedicaci\u00f3n de la nueva iglesia parroquial y una recepci\u00f3n fraternal que foment\u00f3 la comuni\u00f3n y la fraternidad.<\/p>\n\n\n\n<figure class=\"wp-block-gallery columns-3 is-cropped\"><ul class=\"blocks-gallery-grid\"><li class=\"blocks-gallery-item\"><figure><a href=\"http:\/\/www.cssr.news\/wp-content\/uploads\/2025\/12\/IMG-20251215-WA0010.jpg\"><img src=\"http:\/\/www.cssr.news\/wp-content\/uploads\/2025\/12\/IMG-20251215-WA0010-683x1024.jpg\" alt=\"\" data-id=\"39784\" data-full-url=\"http:\/\/www.cssr.news\/wp-content\/uploads\/2025\/12\/IMG-20251215-WA0010.jpg\" data-link=\"https:\/\/www.cssr.news\/?attachment_id=39784\" class=\"wp-image-39784\"\/><\/a><\/figure><\/li><li class=\"blocks-gallery-item\"><figure><a href=\"http:\/\/www.cssr.news\/wp-content\/uploads\/2025\/12\/IMG-20251215-WA0012.jpg\"><img src=\"http:\/\/www.cssr.news\/wp-content\/uploads\/2025\/12\/IMG-20251215-WA0012-683x1024.jpg\" alt=\"\" data-id=\"39782\" data-full-url=\"http:\/\/www.cssr.news\/wp-content\/uploads\/2025\/12\/IMG-20251215-WA0012.jpg\" data-link=\"https:\/\/www.cssr.news\/?attachment_id=39782\" class=\"wp-image-39782\"\/><\/a><\/figure><\/li><li class=\"blocks-gallery-item\"><figure><a href=\"http:\/\/www.cssr.news\/wp-content\/uploads\/2025\/12\/IMG-20251215-WA0011.jpg\"><img src=\"http:\/\/www.cssr.news\/wp-content\/uploads\/2025\/12\/IMG-20251215-WA0011-683x1024.jpg\" alt=\"\" data-id=\"39780\" data-full-url=\"http:\/\/www.cssr.news\/wp-content\/uploads\/2025\/12\/IMG-20251215-WA0011.jpg\" data-link=\"https:\/\/www.cssr.news\/?attachment_id=39780\" class=\"wp-image-39780\"\/><\/a><\/figure><\/li><li class=\"blocks-gallery-item\"><figure><a href=\"http:\/\/www.cssr.news\/wp-content\/uploads\/2025\/12\/IMG-20251215-WA0023.jpg\"><img src=\"http:\/\/www.cssr.news\/wp-content\/uploads\/2025\/12\/IMG-20251215-WA0023-683x1024.jpg\" alt=\"\" data-id=\"39779\" data-full-url=\"http:\/\/www.cssr.news\/wp-content\/uploads\/2025\/12\/IMG-20251215-WA0023.jpg\" data-link=\"https:\/\/www.cssr.news\/?attachment_id=39779\" class=\"wp-image-39779\"\/><\/a><\/figure><\/li><li class=\"blocks-gallery-item\"><figure><a href=\"http:\/\/www.cssr.news\/wp-content\/uploads\/2025\/12\/IMG-20251215-WA0020.jpg\"><img src=\"http:\/\/www.cssr.news\/wp-content\/uploads\/2025\/12\/IMG-20251215-WA0020.jpg\" alt=\"\" data-id=\"39778\" data-full-url=\"http:\/\/www.cssr.news\/wp-content\/uploads\/2025\/12\/IMG-20251215-WA0020.jpg\" data-link=\"https:\/\/www.cssr.news\/?attachment_id=39778\" class=\"wp-image-39778\"\/><\/a><\/figure><\/li><li class=\"blocks-gallery-item\"><figure><a href=\"http:\/\/www.cssr.news\/wp-content\/uploads\/2025\/12\/IMG-20251215-WA0022.jpg\"><img src=\"http:\/\/www.cssr.news\/wp-content\/uploads\/2025\/12\/IMG-20251215-WA0022-1024x683.jpg\" alt=\"\" data-id=\"39777\" data-full-url=\"http:\/\/www.cssr.news\/wp-content\/uploads\/2025\/12\/IMG-20251215-WA0022.jpg\" data-link=\"https:\/\/www.cssr.news\/?attachment_id=39777\" class=\"wp-image-39777\"\/><\/a><\/figure><\/li><li class=\"blocks-gallery-item\"><figure><a href=\"http:\/\/www.cssr.news\/wp-content\/uploads\/2025\/12\/IMG-20251215-WA0021.jpg\"><img src=\"http:\/\/www.cssr.news\/wp-content\/uploads\/2025\/12\/IMG-20251215-WA0021-1024x682.jpg\" alt=\"\" data-id=\"39781\" data-full-url=\"http:\/\/www.cssr.news\/wp-content\/uploads\/2025\/12\/IMG-20251215-WA0021.jpg\" data-link=\"https:\/\/www.cssr.news\/?attachment_id=39781\" class=\"wp-image-39781\"\/><\/a><\/figure><\/li><\/ul><\/figure>\n\n\n\n<p>Este jubileo hist\u00f3rico fue un momento de profunda gratitud a Dios por sus bendiciones durante 65 a\u00f1os de vida pastoral, as\u00ed como un renovado compromiso de continuar la misi\u00f3n de la Iglesia en la fe, la esperanza y el servicio. La celebraci\u00f3n marc\u00f3 tanto el 65.\u00ba aniversario de la parroquia como los 65 a\u00f1os de la presencia redentorista en Agadez.<\/p>\n\n\n\n<p>Recordemos que los Redentoristas llegaron a Agadez en 1960 y, desde entonces, han trabajado por el crecimiento del Reino de Dios en esta zona de N\u00edger, con especial atenci\u00f3n a los pobres, entre los que se encuentran migrantes y ciudadanos de pa\u00edses lim\u00edtrofes con N\u00edger.<\/p>\n\n\n\n<p>Agradecemos a Dios por los 65 a\u00f1os de fe, servicio y testimonio cristiano de los feligreses de la Parroquia de San Agust\u00edn, en Agadez, en la Viceprovincia de \u00c1frica Occidental.<\/p>\n\n\n\n<p>P. Denis OPOKU, C.Ss.R.<\/p>\n","protected":false},"excerpt":{"rendered":"<p>El domingo 14 de diciembre de 2025, la comunidad parroquial de la Iglesia Cat\u00f3lica de Agadez celebr\u00f3 con alegr\u00eda su Jubileo de Palo de Rosa (Palisandro), conmemorando los 65 a\u00f1os de existencia de la Parroquia de San Agust\u00edn de Agadez. La celebraci\u00f3n tuvo lugar en la Iglesia Cat\u00f3lica de Agadez y comenz\u00f3 a las 9:00 [&hellip;]<\/p>\n","protected":false},"author":3,"featured_media":29553,"comment_status":"closed","ping_status":"closed","sticky":false,"template":"","format":"standard","meta":[],"categories":[2],"tags":[],"_links":{"self":[{"href":"https:\/\/www.cssr.news\/spanish\/wp-json\/wp\/v2\/posts\/29552"}],"collection":[{"href":"https:\/\/www.cssr.news\/spanish\/wp-json\/wp\/v2\/posts"}],"about":[{"href":"https:\/\/www.cssr.news\/spanish\/wp-json\/wp\/v2\/types\/post"}],"author":[{"embeddable":true,"href":"https:\/\/www.cssr.news\/spanish\/wp-json\/wp\/v2\/users\/3"}],"replies":[{"embeddable":true,"href":"https:\/\/www.cssr.news\/spanish\/wp-json\/wp\/v2\/comments?post=29552"}],"version-history":[{"count":2,"href":"https:\/\/www.cssr.news\/spanish\/wp-json\/wp\/v2\/posts\/29552\/revisions"}],"predecessor-version":[{"id":29555,"href":"https:\/\/www.cssr.news\/spanish\/wp-json\/wp\/v2\/posts\/29552\/revisions\/29555"}],"wp:featuredmedia":[{"embeddable":true,"href":"https:\/\/www.cssr.news\/spanish\/wp-json\/wp\/v2\/media\/29553"}],"wp:attachment":[{"href":"https:\/\/www.cssr.news\/spanish\/wp-json\/wp\/v2\/media?parent=29552"}],"wp:term":[{"taxonomy":"category","embeddable":true,"href":"https:\/\/www.cssr.news\/spanish\/wp-json\/wp\/v2\/categories?post=29552"},{"taxonomy":"post_tag","embeddable":true,"href":"https:\/\/www.cssr.news\/spanish\/wp-json\/wp\/v2\/tags?post=29552"}],"curies":[{"name":"wp","href":"https:\/\/api.w.org\/{rel}","templated":true}]}}