{"id":29562,"date":"2025-12-19T10:46:39","date_gmt":"2025-12-19T08:46:39","guid":{"rendered":"https:\/\/www.cssr.news\/spanish\/?p=29562"},"modified":"2025-12-19T10:51:30","modified_gmt":"2025-12-19T08:51:30","slug":"provincia-madre-del-perpetuo-socorro-renovacion-de-votos-de-12-juniores","status":"publish","type":"post","link":"https:\/\/www.cssr.news\/spanish\/2025\/12\/provincia-madre-del-perpetuo-socorro-renovacion-de-votos-de-12-juniores\/","title":{"rendered":"Provincia Madre del Perpetuo Socorro: Renovaci\u00f3n de votos de 12 juniores"},"content":{"rendered":"\n<p><strong>El 7 de diciembre, el padre Raph\u00e4el Thierry, provincial de la provincia Madre del Perpetuo Socorro, presidi\u00f3 la Eucarist\u00eda de Renovaci\u00f3n de votos de los 12 juniores.<\/strong><\/p>\n\n\n\n<p>En <strong>Am\u00e9rica Central y El Caribe<\/strong>, cada a\u00f1o, nuestra casa de formaci\u00f3n del Juniorado San Alfonso, en San Salvador, El Salvador, se llena de j\u00fabilo al celebrar las renovaciones de votos de pobreza, castidad y obediencia de cada uno de los juniores. Dicha celebraci\u00f3n se lleva a cada en nuestra parroquia Perpetuo Socorro. Estas renovaciones nos recuerdan que <em>\u201cbajo la acci\u00f3n y la fuerza del Esp\u00edritu Santo los redentoristas se esfuerzan en llegar a la donaci\u00f3n total de su ser para hacerse ellos mismos, por Cristo, respuesta de amor al Se\u00f1or \u201cque los am\u00f3 primero\u201d<\/em> (1Jn 4,10). Esta respuesta la expresan por la profesi\u00f3n de los votos de castidad, pobreza y obediencia\u201d (C.56).&nbsp; &nbsp;<\/p>\n\n\n\n<p>El domingo 7 de diciembre, el padre Raph\u00e4el Thierry, actual provincial de la provincia de Am\u00e9rica Central y El Caribe, presidi\u00f3 la Eucarist\u00eda de Renovaci\u00f3n de votos de los juniores a las 10:00 a. m., en la parroquia Nuestra Se\u00f1ora del Perpetuo Socorro, en San Salvador. Fueron 12 los j\u00f3venes religiosos, de diferente nacionalidad, que hicieron dicha renovaci\u00f3n. Estos son: Jarel y Wilmer de Honduras; Ervin, Lenny y Stanley de Nicaragua; Jacqueson, Jean, Fran\u00e7ois, Djordeen y James de Hait\u00ed; Saturnino y \u00d3scar de Guatemala.<\/p>\n\n\n\n<p>En dicha celebraci\u00f3n participaron muchos laicos que son parte de nuestra parroquia, amigos, familiares y bienhechores. Una eucarist\u00eda bastante concurrida. Estuvo presente la comunidad formativa del Juniorado: <strong>los PP. Henry Alfonso Soto Navarrete (Superior de la comunidad y formador), Manuel Alejandro Guti\u00e9rrez Guardado (ec\u00f3nomo y socio de formaci\u00f3n) y Hairo Edmundo Escobar Cartagena (P\u00e1rroco).<\/strong><\/p>\n\n\n\n<p>Junto a ellos, tambi\u00e9n se hicieron presentes los 5 postulantes de la casaque vienen de Nicaragua y El Savador.<\/p>\n\n\n\n<p>La celebraci\u00f3n estuvo marcada por un ambiente de alegr\u00eda, gratitud y esperanza en el futuro de la Congregaci\u00f3n Redentorista, que peregrina en la Provincia de &nbsp;Am\u00e9rica Central y El Caribe, bajo el amparo de Nuestra Se\u00f1ora del Perpetuo Socorro.<\/p>\n\n\n\n<figure class=\"wp-block-gallery columns-3 is-cropped\"><ul class=\"blocks-gallery-grid\"><li class=\"blocks-gallery-item\"><figure><a href=\"http:\/\/www.cssr.news\/spanish\/wp-content\/uploads\/sites\/3\/2025\/12\/sn2025_america_central03.jpg\"><img width=\"1024\" height=\"768\" src=\"http:\/\/www.cssr.news\/spanish\/wp-content\/uploads\/sites\/3\/2025\/12\/sn2025_america_central03-1024x768.jpg\" alt=\"\" data-id=\"29565\" data-full-url=\"http:\/\/www.cssr.news\/spanish\/wp-content\/uploads\/sites\/3\/2025\/12\/sn2025_america_central03.jpg\" data-link=\"https:\/\/www.cssr.news\/spanish\/?attachment_id=29565\" class=\"wp-image-29565\" srcset=\"https:\/\/www.cssr.news\/spanish\/wp-content\/uploads\/sites\/3\/2025\/12\/sn2025_america_central03-1024x768.jpg 1024w, https:\/\/www.cssr.news\/spanish\/wp-content\/uploads\/sites\/3\/2025\/12\/sn2025_america_central03-300x225.jpg 300w, https:\/\/www.cssr.news\/spanish\/wp-content\/uploads\/sites\/3\/2025\/12\/sn2025_america_central03-768x576.jpg 768w, https:\/\/www.cssr.news\/spanish\/wp-content\/uploads\/sites\/3\/2025\/12\/sn2025_america_central03-1536x1152.jpg 1536w, https:\/\/www.cssr.news\/spanish\/wp-content\/uploads\/sites\/3\/2025\/12\/sn2025_america_central03-80x60.jpg 80w, https:\/\/www.cssr.news\/spanish\/wp-content\/uploads\/sites\/3\/2025\/12\/sn2025_america_central03-265x198.jpg 265w, https:\/\/www.cssr.news\/spanish\/wp-content\/uploads\/sites\/3\/2025\/12\/sn2025_america_central03-696x522.jpg 696w, https:\/\/www.cssr.news\/spanish\/wp-content\/uploads\/sites\/3\/2025\/12\/sn2025_america_central03-1068x801.jpg 1068w, https:\/\/www.cssr.news\/spanish\/wp-content\/uploads\/sites\/3\/2025\/12\/sn2025_america_central03-560x420.jpg 560w, https:\/\/www.cssr.news\/spanish\/wp-content\/uploads\/sites\/3\/2025\/12\/sn2025_america_central03.jpg 1600w\" sizes=\"(max-width: 1024px) 100vw, 1024px\" \/><\/a><\/figure><\/li><li class=\"blocks-gallery-item\"><figure><a href=\"http:\/\/www.cssr.news\/spanish\/wp-content\/uploads\/sites\/3\/2025\/12\/sn2025_america_central04.jpg\"><img width=\"1024\" height=\"768\" src=\"http:\/\/www.cssr.news\/spanish\/wp-content\/uploads\/sites\/3\/2025\/12\/sn2025_america_central04-1024x768.jpg\" alt=\"\" data-id=\"29564\" data-full-url=\"http:\/\/www.cssr.news\/spanish\/wp-content\/uploads\/sites\/3\/2025\/12\/sn2025_america_central04.jpg\" data-link=\"https:\/\/www.cssr.news\/spanish\/?attachment_id=29564\" class=\"wp-image-29564\" srcset=\"https:\/\/www.cssr.news\/spanish\/wp-content\/uploads\/sites\/3\/2025\/12\/sn2025_america_central04-1024x768.jpg 1024w, https:\/\/www.cssr.news\/spanish\/wp-content\/uploads\/sites\/3\/2025\/12\/sn2025_america_central04-300x225.jpg 300w, https:\/\/www.cssr.news\/spanish\/wp-content\/uploads\/sites\/3\/2025\/12\/sn2025_america_central04-768x576.jpg 768w, https:\/\/www.cssr.news\/spanish\/wp-content\/uploads\/sites\/3\/2025\/12\/sn2025_america_central04-1536x1152.jpg 1536w, https:\/\/www.cssr.news\/spanish\/wp-content\/uploads\/sites\/3\/2025\/12\/sn2025_america_central04-80x60.jpg 80w, https:\/\/www.cssr.news\/spanish\/wp-content\/uploads\/sites\/3\/2025\/12\/sn2025_america_central04-265x198.jpg 265w, https:\/\/www.cssr.news\/spanish\/wp-content\/uploads\/sites\/3\/2025\/12\/sn2025_america_central04-696x522.jpg 696w, https:\/\/www.cssr.news\/spanish\/wp-content\/uploads\/sites\/3\/2025\/12\/sn2025_america_central04-1068x801.jpg 1068w, https:\/\/www.cssr.news\/spanish\/wp-content\/uploads\/sites\/3\/2025\/12\/sn2025_america_central04-560x420.jpg 560w, https:\/\/www.cssr.news\/spanish\/wp-content\/uploads\/sites\/3\/2025\/12\/sn2025_america_central04.jpg 1600w\" sizes=\"(max-width: 1024px) 100vw, 1024px\" \/><\/a><\/figure><\/li><li class=\"blocks-gallery-item\"><figure><a href=\"http:\/\/www.cssr.news\/spanish\/wp-content\/uploads\/sites\/3\/2025\/12\/sn2025_america_central05.jpg\"><img width=\"1024\" height=\"768\" src=\"http:\/\/www.cssr.news\/spanish\/wp-content\/uploads\/sites\/3\/2025\/12\/sn2025_america_central05-1024x768.jpg\" alt=\"\" data-id=\"29563\" data-full-url=\"http:\/\/www.cssr.news\/spanish\/wp-content\/uploads\/sites\/3\/2025\/12\/sn2025_america_central05.jpg\" data-link=\"https:\/\/www.cssr.news\/spanish\/?attachment_id=29563\" class=\"wp-image-29563\" srcset=\"https:\/\/www.cssr.news\/spanish\/wp-content\/uploads\/sites\/3\/2025\/12\/sn2025_america_central05-1024x768.jpg 1024w, https:\/\/www.cssr.news\/spanish\/wp-content\/uploads\/sites\/3\/2025\/12\/sn2025_america_central05-300x225.jpg 300w, https:\/\/www.cssr.news\/spanish\/wp-content\/uploads\/sites\/3\/2025\/12\/sn2025_america_central05-768x576.jpg 768w, https:\/\/www.cssr.news\/spanish\/wp-content\/uploads\/sites\/3\/2025\/12\/sn2025_america_central05-1536x1152.jpg 1536w, https:\/\/www.cssr.news\/spanish\/wp-content\/uploads\/sites\/3\/2025\/12\/sn2025_america_central05-80x60.jpg 80w, https:\/\/www.cssr.news\/spanish\/wp-content\/uploads\/sites\/3\/2025\/12\/sn2025_america_central05-265x198.jpg 265w, https:\/\/www.cssr.news\/spanish\/wp-content\/uploads\/sites\/3\/2025\/12\/sn2025_america_central05-696x522.jpg 696w, https:\/\/www.cssr.news\/spanish\/wp-content\/uploads\/sites\/3\/2025\/12\/sn2025_america_central05-1068x801.jpg 1068w, https:\/\/www.cssr.news\/spanish\/wp-content\/uploads\/sites\/3\/2025\/12\/sn2025_america_central05-560x420.jpg 560w, https:\/\/www.cssr.news\/spanish\/wp-content\/uploads\/sites\/3\/2025\/12\/sn2025_america_central05.jpg 1600w\" sizes=\"(max-width: 1024px) 100vw, 1024px\" \/><\/a><\/figure><\/li><li class=\"blocks-gallery-item\"><figure><a href=\"http:\/\/www.cssr.news\/spanish\/wp-content\/uploads\/sites\/3\/2025\/12\/sn2025_america_central01.jpg\"><img width=\"1024\" height=\"576\" src=\"http:\/\/www.cssr.news\/spanish\/wp-content\/uploads\/sites\/3\/2025\/12\/sn2025_america_central01-1024x576.jpg\" alt=\"\" data-id=\"29567\" data-full-url=\"http:\/\/www.cssr.news\/spanish\/wp-content\/uploads\/sites\/3\/2025\/12\/sn2025_america_central01.jpg\" data-link=\"https:\/\/www.cssr.news\/spanish\/?attachment_id=29567\" class=\"wp-image-29567\" srcset=\"https:\/\/www.cssr.news\/spanish\/wp-content\/uploads\/sites\/3\/2025\/12\/sn2025_america_central01-1024x576.jpg 1024w, https:\/\/www.cssr.news\/spanish\/wp-content\/uploads\/sites\/3\/2025\/12\/sn2025_america_central01-300x169.jpg 300w, https:\/\/www.cssr.news\/spanish\/wp-content\/uploads\/sites\/3\/2025\/12\/sn2025_america_central01-768x432.jpg 768w, https:\/\/www.cssr.news\/spanish\/wp-content\/uploads\/sites\/3\/2025\/12\/sn2025_america_central01-696x392.jpg 696w, https:\/\/www.cssr.news\/spanish\/wp-content\/uploads\/sites\/3\/2025\/12\/sn2025_america_central01-1068x601.jpg 1068w, https:\/\/www.cssr.news\/spanish\/wp-content\/uploads\/sites\/3\/2025\/12\/sn2025_america_central01-747x420.jpg 747w, https:\/\/www.cssr.news\/spanish\/wp-content\/uploads\/sites\/3\/2025\/12\/sn2025_america_central01.jpg 1280w\" sizes=\"(max-width: 1024px) 100vw, 1024px\" \/><\/a><\/figure><\/li><\/ul><\/figure>\n\n\n\n<p>Durante la homil\u00eda, el padre provincial record\u00f3 a la comunidad parroquial la necesidad de permanecer preparados desde un sentido de conversi\u00f3n continua. Adem\u00e1s, reflexion\u00f3 sobre la vivencia de los votos de castidad, pobreza, obediencia y la perseverancia en la misi\u00f3n.<\/p>\n\n\n\n<p>En sus palabras, tambi\u00e9n destac\u00f3 que la vida religiosa es exigente y, por ello, necesita de la solidez de la fe, as\u00ed como de una madurez humana y afectiva; porque solo as\u00ed se podr\u00e1 servir verdaderamente a los dem\u00e1s; \u201cnadie da lo que no tiene\u201d afirm\u00f3. Les advert\u00eda a cada uno de los j\u00f3venes sobre el peligro de dejarse atrapar por grupos o supuestos \u201cpadrinos vocacionales\u201d que se sienten due\u00f1os de sus vocaciones, creando guetos que limitan la libertad y el discernimiento constante.<\/p>\n\n\n\n<p>Reiter\u00f3 su cari\u00f1o y afecto por cada uno de los juniores y les exhort\u00f3 a&nbsp; que siempre \u201cconf\u00eden en el Se\u00f1or y hagan las cosas bien\u201d. Brind\u00f3 sus agradecimientos a los formadores y les pidi\u00f3 trabajar por un acompa\u00f1amiento que sea en libertad, humildad y comuni\u00f3n con un solo coraz\u00f3n y un solo deseo: servir a Dios desde la formaci\u00f3n.<\/p>\n\n\n\n<p>Dicha homil\u00eda la cerr\u00f3 con el caracter\u00edstico y popular grito: \u201c\u00bfQui\u00e9n causa tanta alegr\u00eda? \u00a1La Concepci\u00f3n de Mar\u00eda!\u201d<\/p>\n\n\n\n<p>Al finalizar la misa, los fieles laicos expresaron su cari\u00f1o y gratitud hacia los j\u00f3venes religiosos con sencillos gestos de afecto y \u00e1nimo. Agradecemos a Dios por la vida de cada uno de estos j\u00f3venes que siguen respondiendo al llamado de Dios con libertad y conciencia dentro de nuestra Congregaci\u00f3n. Dios les d\u00e9 siempre la fidelidad y la perseverancia.<\/p>\n\n\n\n<p>P. Javier Taylor, Comisi\u00f3n de Comunicaciones.<\/p>\n","protected":false},"excerpt":{"rendered":"<p>El 7 de diciembre, el padre Raph\u00e4el Thierry, provincial de la provincia Madre del Perpetuo Socorro, presidi\u00f3 la Eucarist\u00eda de Renovaci\u00f3n de votos de los 12 juniores. En Am\u00e9rica Central y El Caribe, cada a\u00f1o, nuestra casa de formaci\u00f3n del Juniorado San Alfonso, en San Salvador, El Salvador, se llena de j\u00fabilo al celebrar las [&hellip;]<\/p>\n","protected":false},"author":3,"featured_media":29570,"comment_status":"closed","ping_status":"closed","sticky":false,"template":"","format":"standard","meta":[],"categories":[16],"tags":[],"_links":{"self":[{"href":"https:\/\/www.cssr.news\/spanish\/wp-json\/wp\/v2\/posts\/29562"}],"collection":[{"href":"https:\/\/www.cssr.news\/spanish\/wp-json\/wp\/v2\/posts"}],"about":[{"href":"https:\/\/www.cssr.news\/spanish\/wp-json\/wp\/v2\/types\/post"}],"author":[{"embeddable":true,"href":"https:\/\/www.cssr.news\/spanish\/wp-json\/wp\/v2\/users\/3"}],"replies":[{"embeddable":true,"href":"https:\/\/www.cssr.news\/spanish\/wp-json\/wp\/v2\/comments?post=29562"}],"version-history":[{"count":2,"href":"https:\/\/www.cssr.news\/spanish\/wp-json\/wp\/v2\/posts\/29562\/revisions"}],"predecessor-version":[{"id":29571,"href":"https:\/\/www.cssr.news\/spanish\/wp-json\/wp\/v2\/posts\/29562\/revisions\/29571"}],"wp:featuredmedia":[{"embeddable":true,"href":"https:\/\/www.cssr.news\/spanish\/wp-json\/wp\/v2\/media\/29570"}],"wp:attachment":[{"href":"https:\/\/www.cssr.news\/spanish\/wp-json\/wp\/v2\/media?parent=29562"}],"wp:term":[{"taxonomy":"category","embeddable":true,"href":"https:\/\/www.cssr.news\/spanish\/wp-json\/wp\/v2\/categories?post=29562"},{"taxonomy":"post_tag","embeddable":true,"href":"https:\/\/www.cssr.news\/spanish\/wp-json\/wp\/v2\/tags?post=29562"}],"curies":[{"name":"wp","href":"https:\/\/api.w.org\/{rel}","templated":true}]}}