{"id":29569,"date":"2025-12-19T11:06:33","date_gmt":"2025-12-19T09:06:33","guid":{"rendered":"https:\/\/www.cssr.news\/spanish\/?p=29569"},"modified":"2025-12-19T11:06:35","modified_gmt":"2025-12-19T09:06:35","slug":"indonesia-cuando-la-luz-atrae-a-los-jovenes-eucaristia-de-adviento-a-la-luz-de-las-velas","status":"publish","type":"post","link":"https:\/\/www.cssr.news\/spanish\/2025\/12\/indonesia-cuando-la-luz-atrae-a-los-jovenes-eucaristia-de-adviento-a-la-luz-de-las-velas\/","title":{"rendered":"Indonesia: Cuando la luz atrae a los j\u00f3venes \u2013 Eucarist\u00eda de Adviento a la luz de las velas"},"content":{"rendered":"\n<p>Al atardecer del jueves 18 de diciembre de 2025, con la suave puesta del sol, los j\u00f3venes comenzaron a llegar uno a uno al patio de la Iglesia de San Luis Gonzaga, en Cijantung. A las 18:00, el ambiente se hab\u00eda vuelto discretamente especial. Esa noche se celebr\u00f3 la \u00faltima <strong>Eucarist\u00eda de la Juventud de 2025<\/strong>, de forma sencilla pero significativa mediante una Misa a la Luz de las Velas.<\/p>\n\n\n\n<p>Sentados en el suelo, rodeados por la suave luz de las velas, la comunidad, especialmente los j\u00f3venes, fue invitada a un espacio de silencio, oraci\u00f3n y reflexi\u00f3n. El lema, <em>&#8220;Ven, tu luz, gu\u00edanos&#8221;<\/em>, reflej\u00f3 con belleza el esp\u00edritu del Adviento: un tiempo de espera, anhelo y esperanza en la verdadera Luz que viene en Cristo.<\/p>\n\n\n\n<p>Antes de la Eucarist\u00eda, la celebraci\u00f3n fue precedida por el Sacramento de la Reconciliaci\u00f3n. Muchos j\u00f3venes formaron fila pacientemente, creando un ambiente de oraci\u00f3n, lleno de sinceridad y confianza. Este momento mostr\u00f3 claramente que el Adviento se viv\u00eda no s\u00f3lo como un tiempo en el calendario, sino como un verdadero camino de renovaci\u00f3n del coraz\u00f3n y de la fe.<\/p>\n\n\n\n<figure class=\"wp-block-gallery columns-2 is-cropped\"><ul class=\"blocks-gallery-grid\"><li class=\"blocks-gallery-item\"><figure><a href=\"http:\/\/www.cssr.news\/wp-content\/uploads\/2025\/12\/IMG-20251219-WA0001.jpg\"><img src=\"http:\/\/www.cssr.news\/wp-content\/uploads\/2025\/12\/IMG-20251219-WA0001-1024x683.jpg\" alt=\"\" data-id=\"39807\" data-full-url=\"http:\/\/www.cssr.news\/wp-content\/uploads\/2025\/12\/IMG-20251219-WA0001.jpg\" data-link=\"https:\/\/www.cssr.news\/?attachment_id=39807\" class=\"wp-image-39807\"\/><\/a><\/figure><\/li><li class=\"blocks-gallery-item\"><figure><a href=\"http:\/\/www.cssr.news\/wp-content\/uploads\/2025\/12\/IMG-20251219-WA0000-1.jpg\"><img src=\"http:\/\/www.cssr.news\/wp-content\/uploads\/2025\/12\/IMG-20251219-WA0000-1-683x1024.jpg\" alt=\"\" data-id=\"39806\" data-full-url=\"http:\/\/www.cssr.news\/wp-content\/uploads\/2025\/12\/IMG-20251219-WA0000-1.jpg\" data-link=\"https:\/\/www.cssr.news\/?attachment_id=39806\" class=\"wp-image-39806\"\/><\/a><\/figure><\/li><\/ul><\/figure>\n\n\n\n<p>En su reflexi\u00f3n, el P. Willy, CSsR, invit\u00f3 a todos a detenerse y reflexionar: \u00bfD\u00f3nde nos encontramos hoy: caminando en la luz o a\u00fan luchando en la oscuridad? Refiri\u00e9ndose a las palabras del profeta Isa\u00edas, record\u00f3 a la comunidad que \u00abel pueblo que caminaba en tinieblas vio una gran luz\u00bb. Este mensaje conmovi\u00f3 no solo a quienes se sienten fuertes en la fe, sino tambi\u00e9n a quienes est\u00e1n cansados, confundidos, heridos o que silenciosamente pierden el rumbo.<\/p>\n\n\n\n<p>El P. Willy enfatiz\u00f3 que Dios no espera a que las personas escapen de la oscuridad para venir a ellas. Al contrario, la luz de Cristo brilla precisamente en medio de la oscuridad. Esa oscuridad puede manifestarse como fatiga interior, oraci\u00f3n seca, una fe enfriada o ansiedad oculta tras agendas apretadas y rostros sonrientes.<\/p>\n\n\n\n<p>El llamado de San Pablo tambi\u00e9n reson\u00f3 con fuerza: \u00abDespierten, porque la salvaci\u00f3n est\u00e1 cerca\u00bb. El Adviento, entonces, se convierte en un momento para detenerse, despertar de la distracci\u00f3n espiritual y dejar que la luz de Cristo gu\u00ede nuestros pasos diarios.<\/p>\n\n\n\n<p>Jes\u00fas, la verdadera Luz, llega con sencillez. Del mismo modo, la luz que se nos invita a compartir comienza con decisiones peque\u00f1as pero reales: volver a la oraci\u00f3n, reconocer honestamente nuestras debilidades, aprender a perdonar y elegir la fidelidad en la vida cotidiana. Desde all\u00ed, esta luz debe brillar hacia el exterior: en las familias, las amistades, la comunidad juvenil en general e incluso en los espacios digitales donde la oscuridad a menudo encuentra espacio para crecer.<\/p>\n\n\n\n<p>En el silencio despu\u00e9s de la Comuni\u00f3n, mientras las velas segu\u00edan parpadeando suavemente, la comunidad elev\u00f3 una oraci\u00f3n compartida: que el Se\u00f1or venga como luz, despierte los corazones, gu\u00ede cada paso y transforme a cada persona en una llama peque\u00f1a pero fiel, para que la Navidad nazca verdaderamente en nuestras vidas y a trav\u00e9s de ellas.<\/p>\n\n\n\n<p>La celebraci\u00f3n termin\u00f3 con gratitud y una alegr\u00eda silenciosa. Los himnos llenaron la iglesia, un sentimiento de uni\u00f3n calent\u00f3 la noche y la esperanza se apoder\u00f3 de muchos corazones.<\/p>\n\n\n\n<p>La \u00faltima Eucarist\u00eda Juvenil del a\u00f1o se convirti\u00f3 as\u00ed en un hermoso regalo espiritual, ayudando a los j\u00f3venes a prepararse para la Navidad con vidas iluminadas por la presencia de Cristo.<\/p>\n\n\n\n<p>P. Willy Ng Pala, CSsR.<\/p>\n","protected":false},"excerpt":{"rendered":"<p>Al atardecer del jueves 18 de diciembre de 2025, con la suave puesta del sol, los j\u00f3venes comenzaron a llegar uno a uno al patio de la Iglesia de San Luis Gonzaga, en Cijantung. A las 18:00, el ambiente se hab\u00eda vuelto discretamente especial. Esa noche se celebr\u00f3 la \u00faltima Eucarist\u00eda de la Juventud de [&hellip;]<\/p>\n","protected":false},"author":3,"featured_media":29572,"comment_status":"closed","ping_status":"closed","sticky":false,"template":"","format":"standard","meta":[],"categories":[2],"tags":[],"_links":{"self":[{"href":"https:\/\/www.cssr.news\/spanish\/wp-json\/wp\/v2\/posts\/29569"}],"collection":[{"href":"https:\/\/www.cssr.news\/spanish\/wp-json\/wp\/v2\/posts"}],"about":[{"href":"https:\/\/www.cssr.news\/spanish\/wp-json\/wp\/v2\/types\/post"}],"author":[{"embeddable":true,"href":"https:\/\/www.cssr.news\/spanish\/wp-json\/wp\/v2\/users\/3"}],"replies":[{"embeddable":true,"href":"https:\/\/www.cssr.news\/spanish\/wp-json\/wp\/v2\/comments?post=29569"}],"version-history":[{"count":1,"href":"https:\/\/www.cssr.news\/spanish\/wp-json\/wp\/v2\/posts\/29569\/revisions"}],"predecessor-version":[{"id":29573,"href":"https:\/\/www.cssr.news\/spanish\/wp-json\/wp\/v2\/posts\/29569\/revisions\/29573"}],"wp:featuredmedia":[{"embeddable":true,"href":"https:\/\/www.cssr.news\/spanish\/wp-json\/wp\/v2\/media\/29572"}],"wp:attachment":[{"href":"https:\/\/www.cssr.news\/spanish\/wp-json\/wp\/v2\/media?parent=29569"}],"wp:term":[{"taxonomy":"category","embeddable":true,"href":"https:\/\/www.cssr.news\/spanish\/wp-json\/wp\/v2\/categories?post=29569"},{"taxonomy":"post_tag","embeddable":true,"href":"https:\/\/www.cssr.news\/spanish\/wp-json\/wp\/v2\/tags?post=29569"}],"curies":[{"name":"wp","href":"https:\/\/api.w.org\/{rel}","templated":true}]}}