{"id":29579,"date":"2025-12-19T17:09:45","date_gmt":"2025-12-19T15:09:45","guid":{"rendered":"https:\/\/www.cssr.news\/spanish\/?p=29579"},"modified":"2025-12-19T17:22:39","modified_gmt":"2025-12-19T15:22:39","slug":"servir-a-la-formacion-de-la-conciencia-personal-conversacion-con-el-padre-ercilio-nuevo-doctorado-en-teologia-moral","status":"publish","type":"post","link":"https:\/\/www.cssr.news\/spanish\/2025\/12\/servir-a-la-formacion-de-la-conciencia-personal-conversacion-con-el-padre-ercilio-nuevo-doctorado-en-teologia-moral\/","title":{"rendered":"Servir a la formaci\u00f3n de la conciencia \u2013 conversaci\u00f3n con el padre Ercilio, nuevo doctor en teolog\u00eda moral"},"content":{"rendered":"\n<p><strong>El pasado s\u00e1bado 13 de diciembre, en la Academia Alfonsiana de Roma, el P. Ercilio Duarte Cabrera CSsR, membro de la Provincia Pedro Donders, defendi\u00f3 con \u00e9xito su tesis doctoral en teolog\u00eda moral titulada: &#8220;Diaconia del confesor en la formaci\u00f3n de la conciencia para la solidaridad. El significado de algunos elementos alfonsianos para nuestro tiempo a la luz del magisterio del Papa Francisco&#8221;.<\/strong><\/p>\n\n\n\n<p>El p. Ercilio naci\u00f3 en Yataity del Norte (Paraguay), entr\u00f3 en el seminario en el 2002, hizo sus votos perpetuos en marzo del 2010, fue ordenado sacerdote en setiembre del 2011. Su primer servicio misionero fue en Pedro Juan Caballero (frontera con Brasil), despu\u00e9s por 5 a\u00f1os y 4 meses estuvo como misionero en la Provincia redentorista de Roma. Despu\u00e9s de eso volvi\u00f3 por 3 a\u00f1os a Paraguay, en Pilar, hasta que en setiembre del 2022 volvi\u00f3 en Roma para hacer el doctorado en teolog\u00eda moral.<\/p>\n\n\n\n<figure class=\"wp-block-gallery columns-3 is-cropped\"><ul class=\"blocks-gallery-grid\"><li class=\"blocks-gallery-item\"><figure><a href=\"http:\/\/www.cssr.news\/spanish\/wp-content\/uploads\/sites\/3\/2025\/12\/sn25129-p-ercilio-dottore5-1024x682.jpg\"><img width=\"1024\" height=\"682\" src=\"http:\/\/www.cssr.news\/spanish\/wp-content\/uploads\/sites\/3\/2025\/12\/sn25129-p-ercilio-dottore5-1024x682.jpg\" alt=\"\" data-id=\"29584\" data-link=\"https:\/\/www.cssr.news\/spanish\/?attachment_id=29584\" class=\"wp-image-29584\" srcset=\"https:\/\/www.cssr.news\/spanish\/wp-content\/uploads\/sites\/3\/2025\/12\/sn25129-p-ercilio-dottore5-1024x682.jpg 1024w, https:\/\/www.cssr.news\/spanish\/wp-content\/uploads\/sites\/3\/2025\/12\/sn25129-p-ercilio-dottore5-300x200.jpg 300w, https:\/\/www.cssr.news\/spanish\/wp-content\/uploads\/sites\/3\/2025\/12\/sn25129-p-ercilio-dottore5-768x512.jpg 768w, https:\/\/www.cssr.news\/spanish\/wp-content\/uploads\/sites\/3\/2025\/12\/sn25129-p-ercilio-dottore5-1536x1023.jpg 1536w, https:\/\/www.cssr.news\/spanish\/wp-content\/uploads\/sites\/3\/2025\/12\/sn25129-p-ercilio-dottore5-696x464.jpg 696w, https:\/\/www.cssr.news\/spanish\/wp-content\/uploads\/sites\/3\/2025\/12\/sn25129-p-ercilio-dottore5-1068x712.jpg 1068w, https:\/\/www.cssr.news\/spanish\/wp-content\/uploads\/sites\/3\/2025\/12\/sn25129-p-ercilio-dottore5-630x420.jpg 630w, https:\/\/www.cssr.news\/spanish\/wp-content\/uploads\/sites\/3\/2025\/12\/sn25129-p-ercilio-dottore5.jpg 1600w\" sizes=\"(max-width: 1024px) 100vw, 1024px\" \/><\/a><\/figure><\/li><li class=\"blocks-gallery-item\"><figure><a href=\"http:\/\/www.cssr.news\/spanish\/wp-content\/uploads\/sites\/3\/2025\/12\/sn25129-p-ercilio-dottore6-1024x683.jpg\"><img width=\"1024\" height=\"683\" src=\"http:\/\/www.cssr.news\/spanish\/wp-content\/uploads\/sites\/3\/2025\/12\/sn25129-p-ercilio-dottore6-1024x683.jpg\" alt=\"\" data-id=\"29585\" data-link=\"https:\/\/www.cssr.news\/spanish\/?attachment_id=29585\" class=\"wp-image-29585\" srcset=\"https:\/\/www.cssr.news\/spanish\/wp-content\/uploads\/sites\/3\/2025\/12\/sn25129-p-ercilio-dottore6-1024x683.jpg 1024w, https:\/\/www.cssr.news\/spanish\/wp-content\/uploads\/sites\/3\/2025\/12\/sn25129-p-ercilio-dottore6-300x200.jpg 300w, https:\/\/www.cssr.news\/spanish\/wp-content\/uploads\/sites\/3\/2025\/12\/sn25129-p-ercilio-dottore6-768x512.jpg 768w, https:\/\/www.cssr.news\/spanish\/wp-content\/uploads\/sites\/3\/2025\/12\/sn25129-p-ercilio-dottore6-696x464.jpg 696w, https:\/\/www.cssr.news\/spanish\/wp-content\/uploads\/sites\/3\/2025\/12\/sn25129-p-ercilio-dottore6-1068x712.jpg 1068w, https:\/\/www.cssr.news\/spanish\/wp-content\/uploads\/sites\/3\/2025\/12\/sn25129-p-ercilio-dottore6-630x420.jpg 630w, https:\/\/www.cssr.news\/spanish\/wp-content\/uploads\/sites\/3\/2025\/12\/sn25129-p-ercilio-dottore6.jpg 1523w\" sizes=\"(max-width: 1024px) 100vw, 1024px\" \/><\/a><\/figure><\/li><li class=\"blocks-gallery-item\"><figure><a href=\"http:\/\/www.cssr.news\/spanish\/wp-content\/uploads\/sites\/3\/2025\/12\/sn25129-p-ercilio-dottore8-1024x683.jpg\"><img width=\"1024\" height=\"683\" src=\"http:\/\/www.cssr.news\/spanish\/wp-content\/uploads\/sites\/3\/2025\/12\/sn25129-p-ercilio-dottore8-1024x683.jpg\" alt=\"\" data-id=\"29587\" data-link=\"https:\/\/www.cssr.news\/spanish\/?attachment_id=29587\" class=\"wp-image-29587\" srcset=\"https:\/\/www.cssr.news\/spanish\/wp-content\/uploads\/sites\/3\/2025\/12\/sn25129-p-ercilio-dottore8-1024x683.jpg 1024w, https:\/\/www.cssr.news\/spanish\/wp-content\/uploads\/sites\/3\/2025\/12\/sn25129-p-ercilio-dottore8-300x200.jpg 300w, https:\/\/www.cssr.news\/spanish\/wp-content\/uploads\/sites\/3\/2025\/12\/sn25129-p-ercilio-dottore8-768x512.jpg 768w, https:\/\/www.cssr.news\/spanish\/wp-content\/uploads\/sites\/3\/2025\/12\/sn25129-p-ercilio-dottore8-696x464.jpg 696w, https:\/\/www.cssr.news\/spanish\/wp-content\/uploads\/sites\/3\/2025\/12\/sn25129-p-ercilio-dottore8-1068x712.jpg 1068w, https:\/\/www.cssr.news\/spanish\/wp-content\/uploads\/sites\/3\/2025\/12\/sn25129-p-ercilio-dottore8-630x420.jpg 630w, https:\/\/www.cssr.news\/spanish\/wp-content\/uploads\/sites\/3\/2025\/12\/sn25129-p-ercilio-dottore8.jpg 1523w\" sizes=\"(max-width: 1024px) 100vw, 1024px\" \/><\/a><\/figure><\/li><li class=\"blocks-gallery-item\"><figure><a href=\"http:\/\/www.cssr.news\/spanish\/wp-content\/uploads\/sites\/3\/2025\/12\/sn25129-p-ercilio-dottore3-1024x682.jpg\"><img width=\"1024\" height=\"682\" src=\"http:\/\/www.cssr.news\/spanish\/wp-content\/uploads\/sites\/3\/2025\/12\/sn25129-p-ercilio-dottore3-1024x682.jpg\" alt=\"\" data-id=\"29582\" data-link=\"https:\/\/www.cssr.news\/spanish\/?attachment_id=29582\" class=\"wp-image-29582\" srcset=\"https:\/\/www.cssr.news\/spanish\/wp-content\/uploads\/sites\/3\/2025\/12\/sn25129-p-ercilio-dottore3-1024x682.jpg 1024w, https:\/\/www.cssr.news\/spanish\/wp-content\/uploads\/sites\/3\/2025\/12\/sn25129-p-ercilio-dottore3-300x200.jpg 300w, https:\/\/www.cssr.news\/spanish\/wp-content\/uploads\/sites\/3\/2025\/12\/sn25129-p-ercilio-dottore3-768x512.jpg 768w, https:\/\/www.cssr.news\/spanish\/wp-content\/uploads\/sites\/3\/2025\/12\/sn25129-p-ercilio-dottore3-1536x1023.jpg 1536w, https:\/\/www.cssr.news\/spanish\/wp-content\/uploads\/sites\/3\/2025\/12\/sn25129-p-ercilio-dottore3-696x464.jpg 696w, https:\/\/www.cssr.news\/spanish\/wp-content\/uploads\/sites\/3\/2025\/12\/sn25129-p-ercilio-dottore3-1068x712.jpg 1068w, https:\/\/www.cssr.news\/spanish\/wp-content\/uploads\/sites\/3\/2025\/12\/sn25129-p-ercilio-dottore3-630x420.jpg 630w, https:\/\/www.cssr.news\/spanish\/wp-content\/uploads\/sites\/3\/2025\/12\/sn25129-p-ercilio-dottore3.jpg 1600w\" sizes=\"(max-width: 1024px) 100vw, 1024px\" \/><\/a><\/figure><\/li><li class=\"blocks-gallery-item\"><figure><a href=\"http:\/\/www.cssr.news\/spanish\/wp-content\/uploads\/sites\/3\/2025\/12\/sn25129-p-ercilio-dottore1-1024x682.jpg\"><img width=\"1024\" height=\"682\" src=\"http:\/\/www.cssr.news\/spanish\/wp-content\/uploads\/sites\/3\/2025\/12\/sn25129-p-ercilio-dottore1-1024x682.jpg\" alt=\"\" data-id=\"29580\" data-link=\"https:\/\/www.cssr.news\/spanish\/?attachment_id=29580\" class=\"wp-image-29580\" srcset=\"https:\/\/www.cssr.news\/spanish\/wp-content\/uploads\/sites\/3\/2025\/12\/sn25129-p-ercilio-dottore1-1024x682.jpg 1024w, https:\/\/www.cssr.news\/spanish\/wp-content\/uploads\/sites\/3\/2025\/12\/sn25129-p-ercilio-dottore1-300x200.jpg 300w, https:\/\/www.cssr.news\/spanish\/wp-content\/uploads\/sites\/3\/2025\/12\/sn25129-p-ercilio-dottore1-768x512.jpg 768w, https:\/\/www.cssr.news\/spanish\/wp-content\/uploads\/sites\/3\/2025\/12\/sn25129-p-ercilio-dottore1-1536x1023.jpg 1536w, https:\/\/www.cssr.news\/spanish\/wp-content\/uploads\/sites\/3\/2025\/12\/sn25129-p-ercilio-dottore1-696x464.jpg 696w, https:\/\/www.cssr.news\/spanish\/wp-content\/uploads\/sites\/3\/2025\/12\/sn25129-p-ercilio-dottore1-1068x712.jpg 1068w, https:\/\/www.cssr.news\/spanish\/wp-content\/uploads\/sites\/3\/2025\/12\/sn25129-p-ercilio-dottore1-630x420.jpg 630w, https:\/\/www.cssr.news\/spanish\/wp-content\/uploads\/sites\/3\/2025\/12\/sn25129-p-ercilio-dottore1.jpg 1600w\" sizes=\"(max-width: 1024px) 100vw, 1024px\" \/><\/a><\/figure><\/li><li class=\"blocks-gallery-item\"><figure><a href=\"https:\/\/www.cssr.news\/spanish\/wp-content\/uploads\/sites\/3\/2025\/12\/sn25129-p-ercilio-dottore2-1.jpg\"><img width=\"1024\" height=\"682\" src=\"https:\/\/www.cssr.news\/spanish\/wp-content\/uploads\/sites\/3\/2025\/12\/sn25129-p-ercilio-dottore2-1-1024x682.jpg\" alt=\"\" data-id=\"29588\" data-full-url=\"https:\/\/www.cssr.news\/spanish\/wp-content\/uploads\/sites\/3\/2025\/12\/sn25129-p-ercilio-dottore2-1.jpg\" data-link=\"https:\/\/www.cssr.news\/spanish\/?attachment_id=29588\" class=\"wp-image-29588\" srcset=\"https:\/\/www.cssr.news\/spanish\/wp-content\/uploads\/sites\/3\/2025\/12\/sn25129-p-ercilio-dottore2-1-1024x682.jpg 1024w, https:\/\/www.cssr.news\/spanish\/wp-content\/uploads\/sites\/3\/2025\/12\/sn25129-p-ercilio-dottore2-1-300x200.jpg 300w, https:\/\/www.cssr.news\/spanish\/wp-content\/uploads\/sites\/3\/2025\/12\/sn25129-p-ercilio-dottore2-1-768x512.jpg 768w, https:\/\/www.cssr.news\/spanish\/wp-content\/uploads\/sites\/3\/2025\/12\/sn25129-p-ercilio-dottore2-1-1536x1023.jpg 1536w, https:\/\/www.cssr.news\/spanish\/wp-content\/uploads\/sites\/3\/2025\/12\/sn25129-p-ercilio-dottore2-1-696x464.jpg 696w, https:\/\/www.cssr.news\/spanish\/wp-content\/uploads\/sites\/3\/2025\/12\/sn25129-p-ercilio-dottore2-1-1068x712.jpg 1068w, https:\/\/www.cssr.news\/spanish\/wp-content\/uploads\/sites\/3\/2025\/12\/sn25129-p-ercilio-dottore2-1-630x420.jpg 630w, https:\/\/www.cssr.news\/spanish\/wp-content\/uploads\/sites\/3\/2025\/12\/sn25129-p-ercilio-dottore2-1.jpg 1600w\" sizes=\"(max-width: 1024px) 100vw, 1024px\" \/><\/a><\/figure><\/li><\/ul><\/figure>\n\n\n\n<p><strong>Felicitamos a nuestro hermano por su \u00e9xito acad\u00e9mico. Al compartir esta alegre noticia con toda la familia redentorista, queremos presentarles una breve entrevista con el nuevo doctor en teolog\u00eda.<\/strong><\/p>\n\n\n\n<p><em>Padre Ercilio, felicidades por haber obtenido el doctorado en la Academia Alfonsiana. Por favor, cu\u00e9ntenos un poco sobre ti. \u00bfC\u00f3mo te presentar\u00edas? \u00bfRedentorista, misionero, te\u00f3logo?<\/em><\/p>\n\n\n\n<p>Pienso que aquello con que m\u00e1s me identifico es en el hecho de ser misionero redentorista. Es mi carnet de presentaci\u00f3n. El ser sacerdote o te\u00f3logo viene posteriormente. Soy misionero redentorista y me gusta ser llamado de tal manera.<\/p>\n\n\n\n<p><em>\u00bfCu\u00e1les han sido los momentos m\u00e1s significativos de tu vida religiosa en la Congregaci\u00f3n?<\/em><\/p>\n\n\n\n<p>Muchos fueron los momentos significativos de mi vida en la Congregaci\u00f3n. Queriendo nombrar algunos de los m\u00e1s significativos, me referir\u00eda al Noviciado y los primeros votos. Esos fueron momentos de profundizaci\u00f3n en la espiritualidad redentorista y de convivencia comunitaria intensa. Adem\u00e1s, el a\u00f1o en que hemos hecho los votos perpetuos fue un momento hist\u00f3rico muy especial. Otros momentos importantes de mi vida como redentorista fueron mi experiencia como misionero en la entonces Provincia redentorista de Roma, Italia, desde julio del 2014 a noviembre del 2019. Por \u00faltimo, puedo decir que estos a\u00f1os de doctorado viviendo en la casa general fueron preciosos, pues me dieron una visi\u00f3n amplia e internacional de la vida de la Congregaci\u00f3n y de su misi\u00f3n en la Iglesia.<\/p>\n\n\n\n<p><em>\u00bfQu\u00e9 te motiv\u00f3 a elegir el tema de tu tesis sobre la diacon\u00eda del confesor y la formaci\u00f3n de la conciencia para la solidaridad?<\/em><\/p>\n\n\n\n<p>Desde que comenc\u00e9 a estudiar la Teologia Moral, mi gran inspirador fue San Alfonso: su vida, su servicio misionero y su propuesta moral. Ya la tesina de Licenciatura en Moral hab\u00eda hecho sobre san Alfonso. En la tesis doctoral quise continuar sobre su propuesta a la luz del Magisterio del papa Francisco. Aparte de esto, me motiv\u00f3 el mensaje que el papa dirigi\u00f3 a los participantes del XXVI Cap\u00edtulo General de la Congregaci\u00f3n del Sant\u00edsimo Redentor (01.10.2022), diciendo que los redentoristas son maestros de moral y formadores de la conciencia; lo son especialmente en el catecismo y en el confesionario. Por otro lado, en muchos de sus discursos el papa insisti\u00f3 sobre la necesidad actual de ser solidarios y practicar la solidaridad, especialmente en tiempos de la Pandemia del Covid 19. De esta manera surgi\u00f3 la clave para el tema de la Tesis sobre&nbsp;<em>la diacon\u00eda del confesor en la formaci\u00f3n de la conciencia para la solidaridad<\/em>, poniendo en di\u00e1logo las ense\u00f1anzas de san Alfonso con las del papa Francisco. Estoy convencido de que el servicio del confesor sigue siendo muy importante en la formaci\u00f3n de la conciencia de los fieles.<\/p>\n\n\n\n<p><em>\u00bfQu\u00e9 descubrimientos o aprendizajes le sorprendieron m\u00e1s durante su investigaci\u00f3n?<\/em><\/p>\n\n\n\n<p>Me sorprendi\u00f3 gratamente la gran actualidad de las intuiciones de san Alfonso, su propuesta sobre el servicio del confesor, servicio de caridad a trav\u00e9s de los cuatro oficios: padre, m\u00e9dico, doctor y juez. Adem\u00e1s, su gran sinton\u00eda con la propuesta del papa Francisco con relaci\u00f3n al servicio del confesor en la formaci\u00f3n de conciencias verdaderamente cristianas, maduras y solidarias.<\/p>\n\n\n\n<p><em>\u00bfC\u00f3mo cree que los conceptos que ha tratado en su tesis pueden aplicarse en la pr\u00e1ctica pastoral?<\/em><\/p>\n\n\n\n<p>Pienso la Tesis sin la puesta en pr\u00e1ctica de los descubrimientos hechos, de los aprendizajes adquiridos, se quedar\u00eda solo en elucubraciones mentales. El tema que investigu\u00e9 es eminentemente pr\u00e1ctico. Se puede poner en pr\u00e1ctica a trav\u00e9s del servicio concreto y perseverante del confesionario a tantos fieles que necesitan ser escuchados, acompa\u00f1ados en el camino de la fe y en el encuentro constante con la gracia del amor misericordioso y solidario de Dios, que acoge, sana, libera e integra a la comunidad.<\/p>\n\n\n\n<p><em>\u00bfQu\u00e9 consejos dar\u00edas a otros sacerdotes o laicos sobre la formaci\u00f3n de la conciencia en sus comunidades?<\/em><\/p>\n\n\n\n<p>El consejo fundamental ser\u00eda a que se tome en serio la formaci\u00f3n de la conciencia personal, pues es deber de cada uno y eso dura toda la vida. Que el sacerdote persevere en la formaci\u00f3n permanente, sea acad\u00e9mica que espiritual, en uni\u00f3n y comuni\u00f3n con Cristo y con la Iglesia. Que no olvide que \u00e9l en primer lugar necesita formar su conciencia continuamente, hasta el final de su vida. El hecho de llegar al sacerdocio no significa que no necesite formarse m\u00e1s, no significa que ya es perfecto, que ya no tiene nada que cambiar o transformar en su vida. A los laicos dir\u00eda que se dejen acompa\u00f1ar y acompa\u00f1en a sus sacerdotes en el proceso de formaci\u00f3n. La formaci\u00f3n es mutua, rec\u00edproca.<\/p>\n\n\n\n<p><em>\u00bfCu\u00e1les son sus pr\u00f3ximos pasos tras finalizar su doctorado?<\/em><\/p>\n\n\n\n<p>En primer lugar, es la publicaci\u00f3n de la Tesis, de tal manera que pueda cerrar este ciclo de mi vida como corresponde. En segundo lugar, volver a mi Provincia de origen, ponerme a disposici\u00f3n para prestar el servicio que los superiores me indiquen.<\/p>\n\n\n\n<p><em>Muchas gracias, Padre Ercilio.\u00a0\u00a1Que Dios siga bendiciendo su ministerio y su camino de estudio y evangelizaci\u00f3n!<\/em><\/p>\n\n\n\n<p><em>Scala News<\/em><\/p>\n","protected":false},"excerpt":{"rendered":"<p>El pasado s\u00e1bado 13 de diciembre, en la Academia Alfonsiana de Roma, el P. Ercilio Duarte Cabrera CSsR, membro de la Provincia Pedro Donders, defendi\u00f3 con \u00e9xito su tesis doctoral en teolog\u00eda moral titulada: &#8220;Diaconia del confesor en la formaci\u00f3n de la conciencia para la solidaridad. El significado de algunos elementos alfonsianos para nuestro tiempo [&hellip;]<\/p>\n","protected":false},"author":23,"featured_media":29583,"comment_status":"closed","ping_status":"closed","sticky":false,"template":"","format":"standard","meta":[],"categories":[15],"tags":[],"_links":{"self":[{"href":"https:\/\/www.cssr.news\/spanish\/wp-json\/wp\/v2\/posts\/29579"}],"collection":[{"href":"https:\/\/www.cssr.news\/spanish\/wp-json\/wp\/v2\/posts"}],"about":[{"href":"https:\/\/www.cssr.news\/spanish\/wp-json\/wp\/v2\/types\/post"}],"author":[{"embeddable":true,"href":"https:\/\/www.cssr.news\/spanish\/wp-json\/wp\/v2\/users\/23"}],"replies":[{"embeddable":true,"href":"https:\/\/www.cssr.news\/spanish\/wp-json\/wp\/v2\/comments?post=29579"}],"version-history":[{"count":5,"href":"https:\/\/www.cssr.news\/spanish\/wp-json\/wp\/v2\/posts\/29579\/revisions"}],"predecessor-version":[{"id":29595,"href":"https:\/\/www.cssr.news\/spanish\/wp-json\/wp\/v2\/posts\/29579\/revisions\/29595"}],"wp:featuredmedia":[{"embeddable":true,"href":"https:\/\/www.cssr.news\/spanish\/wp-json\/wp\/v2\/media\/29583"}],"wp:attachment":[{"href":"https:\/\/www.cssr.news\/spanish\/wp-json\/wp\/v2\/media?parent=29579"}],"wp:term":[{"taxonomy":"category","embeddable":true,"href":"https:\/\/www.cssr.news\/spanish\/wp-json\/wp\/v2\/categories?post=29579"},{"taxonomy":"post_tag","embeddable":true,"href":"https:\/\/www.cssr.news\/spanish\/wp-json\/wp\/v2\/tags?post=29579"}],"curies":[{"name":"wp","href":"https:\/\/api.w.org\/{rel}","templated":true}]}}