{"id":29597,"date":"2025-12-20T12:51:00","date_gmt":"2025-12-20T10:51:00","guid":{"rendered":"https:\/\/www.cssr.news\/spanish\/?p=29597"},"modified":"2025-12-21T12:56:48","modified_gmt":"2025-12-21T10:56:48","slug":"italia-formacion-preparando-la-navidad-para-los-asociados-laicos-de-los-redentoristas","status":"publish","type":"post","link":"https:\/\/www.cssr.news\/spanish\/2025\/12\/italia-formacion-preparando-la-navidad-para-los-asociados-laicos-de-los-redentoristas\/","title":{"rendered":"Italia: formaci\u00f3n preparando la Navidad para los Asociados Laicos de los Redentoristas"},"content":{"rendered":"\n<p>Durante la reuni\u00f3n de formaci\u00f3n celebrada el 13 de diciembre en Pagani, los Asociados Laicos de los Redentoristas (LAR) de la zona de N\u00e1poles exploraron el significado de la Navidad en el pensamiento de San Alfonso Mar\u00eda de Ligorio, guiados por las reflexiones del Padre Ivel Mendanha.<\/p>\n\n\n\n<p>La presentaci\u00f3n destac\u00f3 c\u00f3mo San Alfonso, gran maestro de la espiritualidad navide\u00f1a, supo combinar el rigor teol\u00f3gico con el lenguaje popular, haciendo accesible a todos el misterio de la Encarnaci\u00f3n a trav\u00e9s de su predicaci\u00f3n, el bel\u00e9n y, especialmente, su famoso villancico, \u00abTu scendi dalle stelle\u00bb.<\/p>\n\n\n\n<figure class=\"wp-block-gallery columns-3 is-cropped\"><ul class=\"blocks-gallery-grid\"><li class=\"blocks-gallery-item\"><figure><a href=\"http:\/\/www.cssr.news\/italian\/wp-content\/uploads\/sites\/2\/2025\/12\/WhatsApp-Image-2025-12-20-at-03.16.15.jpeg\"><img src=\"http:\/\/www.cssr.news\/italian\/wp-content\/uploads\/sites\/2\/2025\/12\/WhatsApp-Image-2025-12-20-at-03.16.15-682x1024.jpeg\" alt=\"\" data-id=\"31916\" data-full-url=\"http:\/\/www.cssr.news\/italian\/wp-content\/uploads\/sites\/2\/2025\/12\/WhatsApp-Image-2025-12-20-at-03.16.15.jpeg\" data-link=\"https:\/\/www.cssr.news\/italian\/?attachment_id=31916\" class=\"wp-image-31916\"\/><\/a><\/figure><\/li><li class=\"blocks-gallery-item\"><figure><a href=\"http:\/\/www.cssr.news\/italian\/wp-content\/uploads\/sites\/2\/2025\/12\/WhatsApp-Image-2025-12-20-at-03.16.17.jpeg\"><img src=\"http:\/\/www.cssr.news\/italian\/wp-content\/uploads\/sites\/2\/2025\/12\/WhatsApp-Image-2025-12-20-at-03.16.17-1024x598.jpeg\" alt=\"\" data-id=\"31918\" data-full-url=\"http:\/\/www.cssr.news\/italian\/wp-content\/uploads\/sites\/2\/2025\/12\/WhatsApp-Image-2025-12-20-at-03.16.17.jpeg\" data-link=\"https:\/\/www.cssr.news\/italian\/?attachment_id=31918\" class=\"wp-image-31918\"\/><\/a><\/figure><\/li><li class=\"blocks-gallery-item\"><figure><a href=\"http:\/\/www.cssr.news\/italian\/wp-content\/uploads\/sites\/2\/2025\/12\/WhatsApp-Image-2025-12-20-at-03.15.29.jpeg\"><img src=\"http:\/\/www.cssr.news\/italian\/wp-content\/uploads\/sites\/2\/2025\/12\/WhatsApp-Image-2025-12-20-at-03.15.29-1024x683.jpeg\" alt=\"\" data-id=\"31915\" data-full-url=\"http:\/\/www.cssr.news\/italian\/wp-content\/uploads\/sites\/2\/2025\/12\/WhatsApp-Image-2025-12-20-at-03.15.29.jpeg\" data-link=\"https:\/\/www.cssr.news\/italian\/?attachment_id=31915\" class=\"wp-image-31915\"\/><\/a><\/figure><\/li><li class=\"blocks-gallery-item\"><figure><a href=\"http:\/\/www.cssr.news\/italian\/wp-content\/uploads\/sites\/2\/2025\/12\/WhatsApp-Image-2025-12-20-at-03.16.16.jpeg\"><img src=\"http:\/\/www.cssr.news\/italian\/wp-content\/uploads\/sites\/2\/2025\/12\/WhatsApp-Image-2025-12-20-at-03.16.16-1024x597.jpeg\" alt=\"\" data-id=\"31917\" data-full-url=\"http:\/\/www.cssr.news\/italian\/wp-content\/uploads\/sites\/2\/2025\/12\/WhatsApp-Image-2025-12-20-at-03.16.16.jpeg\" data-link=\"https:\/\/www.cssr.news\/italian\/?attachment_id=31917\" class=\"wp-image-31917\"\/><\/a><\/figure><\/li><\/ul><\/figure>\n\n\n\n<p>Fue contundentemente evidente que, en la visi\u00f3n de Alfonso, la Navidad no es solo una expresi\u00f3n de ternura, sino un anticipo de la Cruz: Dios se hace pobre y fr\u00e1gil por amor a la humanidad, restaurando su dignidad de hijos e hijas. Se prest\u00f3 especial atenci\u00f3n al significado de la virginidad de Mar\u00eda, entendida no solo en el sentido f\u00edsico, sino tambi\u00e9n como pobreza radical y total disponibilidad al plan de Dios. Mar\u00eda se convierte as\u00ed en el modelo de una humanidad capaz de acoger a Cristo solo en la medida en que se vuelve humilde, libre y confiada. Desde esta perspectiva, el mensaje navide\u00f1o de Alfonso sigue siendo muy relevante: nos invita a redescubrir el valor de la inocencia, la caridad concreta y la esperanza, especialmente ante las heridas del mundo contempor\u00e1neo.<\/p>\n\n\n\n<p>La reflexi\u00f3n anim\u00f3 a los participantes a vivir la Navidad como un tiempo de adoraci\u00f3n, caridad concreta y esperanza, en el aut\u00e9ntico esp\u00edritu de la tradici\u00f3n redentorista.<\/p>\n\n\n\n<p>Assunta La Rocca<br>Coordinadora de LAR (\u00c1rea Napolitana)<\/p>\n","protected":false},"excerpt":{"rendered":"<p>Durante la reuni\u00f3n de formaci\u00f3n celebrada el 13 de diciembre en Pagani, los Asociados Laicos de los Redentoristas (LAR) de la zona de N\u00e1poles exploraron el significado de la Navidad en el pensamiento de San Alfonso Mar\u00eda de Ligorio, guiados por las reflexiones del Padre Ivel Mendanha. La presentaci\u00f3n destac\u00f3 c\u00f3mo San Alfonso, gran maestro [&hellip;]<\/p>\n","protected":false},"author":3,"featured_media":29598,"comment_status":"closed","ping_status":"closed","sticky":false,"template":"","format":"standard","meta":[],"categories":[32],"tags":[],"_links":{"self":[{"href":"https:\/\/www.cssr.news\/spanish\/wp-json\/wp\/v2\/posts\/29597"}],"collection":[{"href":"https:\/\/www.cssr.news\/spanish\/wp-json\/wp\/v2\/posts"}],"about":[{"href":"https:\/\/www.cssr.news\/spanish\/wp-json\/wp\/v2\/types\/post"}],"author":[{"embeddable":true,"href":"https:\/\/www.cssr.news\/spanish\/wp-json\/wp\/v2\/users\/3"}],"replies":[{"embeddable":true,"href":"https:\/\/www.cssr.news\/spanish\/wp-json\/wp\/v2\/comments?post=29597"}],"version-history":[{"count":1,"href":"https:\/\/www.cssr.news\/spanish\/wp-json\/wp\/v2\/posts\/29597\/revisions"}],"predecessor-version":[{"id":29599,"href":"https:\/\/www.cssr.news\/spanish\/wp-json\/wp\/v2\/posts\/29597\/revisions\/29599"}],"wp:featuredmedia":[{"embeddable":true,"href":"https:\/\/www.cssr.news\/spanish\/wp-json\/wp\/v2\/media\/29598"}],"wp:attachment":[{"href":"https:\/\/www.cssr.news\/spanish\/wp-json\/wp\/v2\/media?parent=29597"}],"wp:term":[{"taxonomy":"category","embeddable":true,"href":"https:\/\/www.cssr.news\/spanish\/wp-json\/wp\/v2\/categories?post=29597"},{"taxonomy":"post_tag","embeddable":true,"href":"https:\/\/www.cssr.news\/spanish\/wp-json\/wp\/v2\/tags?post=29597"}],"curies":[{"name":"wp","href":"https:\/\/api.w.org\/{rel}","templated":true}]}}