{"id":29614,"date":"2025-12-25T02:43:37","date_gmt":"2025-12-25T00:43:37","guid":{"rendered":"https:\/\/www.cssr.news\/spanish\/?p=29614"},"modified":"2025-12-25T02:43:39","modified_gmt":"2025-12-25T00:43:39","slug":"navidad-de-2025-en-el-santuario-del-perpetuo-socorro-en-roma","status":"publish","type":"post","link":"https:\/\/www.cssr.news\/spanish\/2025\/12\/navidad-de-2025-en-el-santuario-del-perpetuo-socorro-en-roma\/","title":{"rendered":"Navidad de 2025 en el Santuario del Perpetuo Socorro en Roma"},"content":{"rendered":"\n<p>Roma, 25 de diciembre de 2025 \u2014 La comunidad redentorista de la Curia General celebr\u00f3 con alegr\u00eda la solemnidad de la Navidad del Se\u00f1or. En el santuario del Perpetuo Socorro, el P. Ivel Mendanha, CSsR, consultor general, presidi\u00f3 la Misa de Nochebuena.<\/p>\n\n\n\n<p>En su homil\u00eda, el P. Ivel llam\u00f3 la atenci\u00f3n sobre el poder transformador de la Navidad como s\u00edmbolo de paz y fraternidad. A trav\u00e9s del emotivo recuerdo de la tregua navide\u00f1a de 1914, cuando soldados enemigos depusieron las armas para reunirse como hermanos, subray\u00f3 que la paz no es una utop\u00eda, sino una elecci\u00f3n concreta que nace del coraz\u00f3n del hombre. La Navidad, con el nacimiento de Jes\u00fas, nos recuerda que Dios se entrega a s\u00ed mismo para ense\u00f1arnos a superar el odio y construir un mundo de justicia, amor y armon\u00eda.<\/p>\n\n\n\n<p>El P. Ivel invit\u00f3 a los participantes a vivir esta paz cada d\u00eda, a trav\u00e9s de gestos de perd\u00f3n, amabilidad y solidaridad, convirti\u00e9ndose as\u00ed en instrumentos del Reino de Dios en la tierra. La paz, afirm\u00f3, no es simplemente la ausencia de conflicto, sino la plenitud de la vida, un don que cada uno puede compartir con el pr\u00f3jimo.<\/p>\n\n\n\n<p>La celebraci\u00f3n fue un momento de profunda espiritualidad y reflexi\u00f3n, en el que la comunidad redentorista renov\u00f3 su compromiso de ser testigos de la esperanza y constructores de paz en el mundo.<\/p>\n\n\n\n<p>A continuaci\u00f3n, el texto completo de la homil\u00eda del P. Ivel.<\/p>\n\n\n\n<figure class=\"wp-block-embed is-type-video is-provider-youtube wp-block-embed-youtube wp-embed-aspect-16-9 wp-has-aspect-ratio\"><div class=\"wp-block-embed__wrapper\">\n<iframe title=\"Natale 2025: Messa della notte\" width=\"696\" height=\"392\" src=\"https:\/\/www.youtube.com\/embed\/zmiJ6bo-Khs?feature=oembed\" frameborder=\"0\" allow=\"accelerometer; autoplay; clipboard-write; encrypted-media; gyroscope; picture-in-picture; web-share\" referrerpolicy=\"strict-origin-when-cross-origin\" allowfullscreen><\/iframe>\n<\/div><\/figure>\n\n\n\n<hr class=\"wp-block-separator\"\/>\n\n\n\n<p><strong>Homil\u00eda: Misa de medianoche de Navidad 2025<\/strong><\/p>\n\n\n\n<p>Era Nochebuena, el a\u00f1o 1914, la \u00e9poca: la Primera Guerra Mundial. Los alemanes y los ingleses se enfrentaban desde las trincheras llenas de barro y ratas. En las trincheras inglesas llegaban cartas y tarjetas desde los hogares de los soldados, lo que les animaba un poco. A medianoche, algunos soldados comenzaron a cantar villancicos y canciones populares navide\u00f1as con sus voces cansadas y agotadas. De repente, un centinela grit\u00f3 emocionado: \u00ab\u00a1Escuchad!\u00bb. Escucharon y oyeron que los alemanes tambi\u00e9n estaban cantando. Poco despu\u00e9s, dos valientes soldados, uno de cada bando, se reunieron al aire libre. Otros se unieron a ellos. Desde un punto de vista militar, no ten\u00eda sentido. Como soldados, se supon\u00eda que deb\u00edan luchar entre ellos, matarse unos a otros, se les hab\u00eda ense\u00f1ado a odiar y odiaban. Dejar de hacerlo de repente y hacerse amigos no ten\u00eda ning\u00fan sentido. Y, sin embargo, lo ten\u00eda, porque esa noche hab\u00eda una fuerza mayor que los ej\u00e9rcitos actuando en el frente de guerra.<\/p>\n\n\n\n<p>Cuando amaneci\u00f3 el d\u00eda de Navidad, los soldados paseaban con sonrisas en sus rostros por la tierra de nadie. No hab\u00eda ni rastro de odio. Intercambiaron comida, recuerdos y cigarrillos. Hacia el mediod\u00eda, cuando la amistad estaba creciendo, comenz\u00f3 un partido de f\u00fatbol entre los dos bandos. Pero no dur\u00f3 mucho. La noticia de esta camarader\u00eda lleg\u00f3 a los generales, y se dieron \u00f3rdenes estrictas para poner fin a todo aquello. Los oficiales, de mala gana, reunieron a los hombres y los llevaron de vuelta a sus trincheras. Todo hab\u00eda terminado. En la noche de Navidad, la guerra hab\u00eda comenzado de nuevo.<\/p>\n\n\n\n<p>Si esto no prueba nada m\u00e1s, prueba el poder de la Navidad.<\/p>\n\n\n\n<p>El poder de la Navidad: es el poder de la paz, el poder que se obtiene cuando uno est\u00e1 dispuesto a ir m\u00e1s all\u00e1 de s\u00ed mismo, a trascender. Es el poder que transforma, cambia y da vida. Es el poder que todos compartimos, que todos tenemos, con el que todos hemos sido bendecidos. Es el poder que celebramos esta noche. Es el poder de Dios.&nbsp;<\/p>\n\n\n\n<p>Esta era la paz que los profetas predijeron, como hemos escuchado a lo largo del Adviento. El profeta del Adviento es Isa\u00edas. Los tres profetas que componen el Libro del Profeta Isa\u00edas forman un todo. Isa\u00edas es considerado el m\u00e1s grande de los profetas, y sus escritos merecen ser una de las principales fuentes de reflexi\u00f3n durante el Adviento. El profeta ofrece esperanza en medio de la tragedia, la desesperaci\u00f3n y la destrucci\u00f3n. \u00c9l puede prever el d\u00eda de una nueva ciudad, una nueva vida, una nueva alianza y la presencia renovada de Dios. Isa\u00edas exhorta a todos a permanecer fieles al Se\u00f1or y a vigilar, esperar y anticipar su venida para compartir plenamente su reino que se acerca. No hay raz\u00f3n para vivir con miedo, proclama el profeta. Lo mejor es anhelar la nueva era, desearla con ansia, permanecer alegres y regocijarse por la llegada diaria del Se\u00f1or a la vida cotidiana.<\/p>\n\n\n\n<p>El profeta Isa\u00edas vivi\u00f3 en un mundo real y estaba tan consternado por sus horrores e injusticias como lo estamos nosotros. Sin embargo, los tres profetas so\u00f1aban con un mundo nuevo, un mundo libre de injusticias y guerras. A trav\u00e9s de la fe en Dios, fueron capaces de superar su consternaci\u00f3n. Lo que los salv\u00f3 de la desesperaci\u00f3n fue su visi\u00f3n mesi\u00e1nica y su sentido de nuestra capacidad de arrepentimiento. La historia no es un callej\u00f3n sin salida. Siempre hay una salida: a trav\u00e9s del arrepentimiento, a trav\u00e9s de volverse hacia Dios.<\/p>\n\n\n\n<p>La maravillosa visi\u00f3n del reino pac\u00edfico, en el que toda violencia ha sido superada y todas las personas viven en amorosa unidad con la naturaleza, exige su realizaci\u00f3n en nuestra vida cotidiana. En lugar de ser un sue\u00f1o escapista, nos desaf\u00eda a anticipar lo que promete. Cada vez que perdonamos a un vecino, cada vez que hacemos sonre\u00edr a un ni\u00f1o, cada vez que mostramos compasi\u00f3n a una persona que sufre, cuidamos de los animales, evitamos la contaminaci\u00f3n y trabajamos por la paz y la justicia entre los pueblos y las naciones, estamos haciendo realidad esa visi\u00f3n.<\/p>\n\n\n\n<p>Debemos abrir nuestros corazones al sue\u00f1o que los profetas acariciaban de un mundo libre del mal gracias al esfuerzo humano y la gracia de Dios. Jes\u00fas ten\u00eda una palabra para el nuevo mundo. Lo llam\u00f3 \u00abel Reino de Dios\u00bb. \u00c9l inaugur\u00f3 ese mismo Reino. Quiere que sus seguidores se dediquen a la construcci\u00f3n de ese reino.<\/p>\n\n\n\n<p>La gente com\u00fan ayuda a difundir ese Reino siendo amable, sincera, honesta, justa, etc. Aunque es una lucha que nunca ganaremos por completo, la lucha es buena para nosotros. Despierta todo lo mejor y m\u00e1s preciado que hay en nosotros.<\/p>\n\n\n\n<p>La visi\u00f3n de Isa\u00edas sigue viva entre nosotros como una tarea para hoy y una promesa para ma\u00f1ana.<\/p>\n\n\n\n<p>Volvemos a aquella primera noche de Navidad. Israel se marchitaba bajo el dominio de los romanos, anhelando la paz, la libertad, la vida. El pueblo, quebrantado bajo el dominio cruel y asfixiante de los sacerdotes y l\u00edderes religiosos jud\u00edos, anhelaba y esperaba que Dios actuara, que Dios los salvara.&nbsp;<\/p>\n\n\n\n<p>Era un mundo muy similar al nuestro, un mundo de intolerancia y discriminaci\u00f3n, un mundo desgarrado por la guerra y los conflictos, un mundo en el que unos pocos disfrutaban de mucho mientras que la gran mayor\u00eda sufr\u00eda con muy poco, pobreza y analfabetismo&#8230; S\u00ed, un mundo que clamaba por la paz, por Shalom.<\/p>\n\n\n\n<p>Shalom significa \u00abpaz\u00bb en hebreo, pero es una palabra mucho m\u00e1s rica que nuestra palabra \u00abpaz\u00bb. Shalom no es simplemente la ausencia de guerra o discordia. Es algo m\u00e1s profundo y rico. Significa plenitud, un estado de bienestar, un estado de relaci\u00f3n correcta con Dios, con los dem\u00e1s y con la creaci\u00f3n. Un estado de calma interior. \u00bfEs posible este estado de calma interior, de Shalom, de paz? S\u00ed, de hecho, ese es precisamente el mensaje de la Navidad.<\/p>\n\n\n\n<p>Dios, en Jes\u00fas, vino entre nosotros como un fr\u00e1gil beb\u00e9 para mostrarnos el camino hacia la paz, nos dio el poder de alcanzar la paz. S\u00ed, nos dio el poder de traer la paz, de disfrutar de la paz, de compartir la paz y de vivir en plenitud y integridad.<\/p>\n\n\n\n<p>El mensaje de la Navidad es precisamente este: que Dios se entreg\u00f3 a s\u00ed mismo, que Dios comparti\u00f3 su vida, en Jes\u00fas, con nosotros. La historia de la Navidad trata sobre la entrega de uno mismo, la superaci\u00f3n de los deseos ego\u00edstas y la entrega de uno mismo al otro. Mar\u00eda se entreg\u00f3 al Esp\u00edritu de Dios. Jos\u00e9 super\u00f3 sus miedos y se entreg\u00f3 al plan de Dios, y Jes\u00fas se entreg\u00f3 a s\u00ed mismo, despoj\u00e1ndose de su dignidad divina y abrazando nuestra vida, nuestra fragilidad, nuestro dolor y nuestro sufrimiento en el peque\u00f1o beb\u00e9 de Bel\u00e9n. Esto es lo que trajo la paz. Esto es lo que hace que la medianoche de Navidad sea tan m\u00e1gica, esto es lo que hace que el d\u00eda de Navidad en todo el mundo sea tan especial, tan encantador, tan emocionante, que esperamos y esperamos el d\u00eda de Navidad. Estamos dispuestos a compartir, a re\u00edr, a abrazarnos, a celebrar, a s\u00ed, a entregarnos, a superar nuestros intereses ego\u00edstas en este d\u00eda tan especial del a\u00f1o.<\/p>\n\n\n\n<p>Pero entonces, \u00bfes posible esta paz cuando hay tanta guerra, odio, ira y amargura en la escena mundial, en nuestro pa\u00eds, en nuestro estado, en nuestra ciudad, en nuestra parroquia, en nuestra calle y quiz\u00e1s incluso en algunas de nuestras familias? \u00bfEs posible esta paz? S\u00ed, lo es. Este es precisamente el mensaje de la Navidad. Tenemos el poder de la Navidad con nosotros. El poder de la paz, el poder del Se\u00f1or, el poder de traer la paz y hacer la paz. Aunque sea por unos minutos, hemos sido empoderados por el mismo Se\u00f1or Jes\u00fas. San Atanasio dice: Dios en Jes\u00fas se hizo uno de nosotros, para que podamos llegar a ser como \u00e9l. El Dios divino se hizo humano para que nosotros, los humanos, pudi\u00e9ramos ser divinizados. El significado pr\u00e1ctico es sencillo: que en la encarnaci\u00f3n, Dios se hizo uno de nosotros, un peque\u00f1o beb\u00e9, y desde aquella primera Navidad toda la raza humana ha sido empoderada para hacer lo que Dios hace, para traer la paz, para compartir la paz, para hacer la paz y para disfrutar de los frutos de la paz: el bienestar y la felicidad.<\/p>\n\n\n\n<p>As\u00ed que, queridos amigos, esta noche, hoy, d\u00eda de Navidad, tomemos conciencia de la divinidad que hay en nosotros. Liberemos el poder de la Navidad que hay en nosotros, el poder que disfrutaron los soldados en medio del calor y la sangre de la batalla aquel d\u00eda de Navidad de 1914. Seamos realistas, puede que no dure toda la semana, pero al menos hoy, hagamos la paz, compartamos la paz y traigamos la paz entre nosotros. Preg\u00fantense a s\u00ed mismos: \u00bfcon qui\u00e9n les resulta m\u00e1s dif\u00edcil estar, compartir, a qui\u00e9n odian m\u00e1s, a \u00e9l o a ella? Dejen que el poder de la Navidad se apodere de ustedes, sorprendanse a s\u00ed mismos, esta es la oportunidad para hacerlo, ll\u00e1menlos, vayan a verlos y des\u00e9enles lo mejor, sean cuales sean las consecuencias. Ser\u00e1s mejor por ello, ser\u00e1s m\u00e1s feliz por ello, experimentar\u00e1s el poder de la Navidad, el poder del Se\u00f1or, el poder del Pr\u00edncipe de la Paz mismo.<\/p>\n\n\n\n<p>Mientras nos inclinamos ante el Pr\u00edncipe de la Paz esta noche, Jes\u00fas en su pesebre, que nuestra \u00fanica oraci\u00f3n sea: \u00abSe\u00f1or, que pueda estar lleno de tu paz, Se\u00f1or, que pueda ser un instrumento de tu paz, Se\u00f1or, que pueda ser tu paz, Se\u00f1or, Pr\u00edncipe de la Paz, dame tu paz\u00bb.<\/p>\n\n\n\n<p>Am\u00e9n.<\/p>\n","protected":false},"excerpt":{"rendered":"<p>Roma, 25 de diciembre de 2025 \u2014 La comunidad redentorista de la Curia General celebr\u00f3 con alegr\u00eda la solemnidad de la Navidad del Se\u00f1or. En el santuario del Perpetuo Socorro, el P. Ivel Mendanha, CSsR, consultor general, presidi\u00f3 la Misa de Nochebuena. En su homil\u00eda, el P. Ivel llam\u00f3 la atenci\u00f3n sobre el poder transformador [&hellip;]<\/p>\n","protected":false},"author":23,"featured_media":29615,"comment_status":"closed","ping_status":"closed","sticky":false,"template":"","format":"standard","meta":[],"categories":[2],"tags":[],"_links":{"self":[{"href":"https:\/\/www.cssr.news\/spanish\/wp-json\/wp\/v2\/posts\/29614"}],"collection":[{"href":"https:\/\/www.cssr.news\/spanish\/wp-json\/wp\/v2\/posts"}],"about":[{"href":"https:\/\/www.cssr.news\/spanish\/wp-json\/wp\/v2\/types\/post"}],"author":[{"embeddable":true,"href":"https:\/\/www.cssr.news\/spanish\/wp-json\/wp\/v2\/users\/23"}],"replies":[{"embeddable":true,"href":"https:\/\/www.cssr.news\/spanish\/wp-json\/wp\/v2\/comments?post=29614"}],"version-history":[{"count":1,"href":"https:\/\/www.cssr.news\/spanish\/wp-json\/wp\/v2\/posts\/29614\/revisions"}],"predecessor-version":[{"id":29616,"href":"https:\/\/www.cssr.news\/spanish\/wp-json\/wp\/v2\/posts\/29614\/revisions\/29616"}],"wp:featuredmedia":[{"embeddable":true,"href":"https:\/\/www.cssr.news\/spanish\/wp-json\/wp\/v2\/media\/29615"}],"wp:attachment":[{"href":"https:\/\/www.cssr.news\/spanish\/wp-json\/wp\/v2\/media?parent=29614"}],"wp:term":[{"taxonomy":"category","embeddable":true,"href":"https:\/\/www.cssr.news\/spanish\/wp-json\/wp\/v2\/categories?post=29614"},{"taxonomy":"post_tag","embeddable":true,"href":"https:\/\/www.cssr.news\/spanish\/wp-json\/wp\/v2\/tags?post=29614"}],"curies":[{"name":"wp","href":"https:\/\/api.w.org\/{rel}","templated":true}]}}