{"id":29619,"date":"2025-12-27T06:50:00","date_gmt":"2025-12-27T04:50:00","guid":{"rendered":"https:\/\/www.cssr.news\/spanish\/?p=29619"},"modified":"2025-12-27T11:08:46","modified_gmt":"2025-12-27T09:08:46","slug":"paraguay-culmina-con-exito-el-curso-integral-de-formacion-pastoral-2025","status":"publish","type":"post","link":"https:\/\/www.cssr.news\/spanish\/2025\/12\/paraguay-culmina-con-exito-el-curso-integral-de-formacion-pastoral-2025\/","title":{"rendered":"Paraguay: Culmina con \u00e9xito el Curso Integral de Formaci\u00f3n Pastoral 2025"},"content":{"rendered":"\n<p>En un clima de profunda alegr\u00eda y espiritualidad, la Parroquia Nuestra Se\u00f1ora del Perpetuo Socorro de Pedro Juan Caballero celebr\u00f3 el cierre de un ciclo transformador. Tras seis meses de dedicaci\u00f3n, el pasado martes 23 de diciembre, nuestros laicos recibieron sus certificados de finalizaci\u00f3n del&nbsp;<strong><em>&#8220;Curso Integral de Formaci\u00f3n Pastoral&#8221;<\/em><\/strong>durante una solemne Celebraci\u00f3n Eucar\u00edstica. Este trayecto, que inici\u00f3 en julio de este a\u00f1o, ha sido un camino de encuentro, aprendizaje y fortalecimiento de nuestra identidad cristiana.<\/p>\n\n\n\n<p><strong>Un camino de fe y compromiso misionero<\/strong><\/p>\n\n\n\n<p>Bajo el lema del Jubileo 2025,&nbsp;<strong><em>\u201cPeregrinos de la esperanza\u201d,<\/em><\/strong>&nbsp;y en sinton\u00eda con el esp\u00edritu de los Misioneros Redentoristas, este curso naci\u00f3 con un prop\u00f3sito claro: brindar a nuestra comunidad las herramientas necesarias para una participaci\u00f3n activa y consciente en la misi\u00f3n de la Iglesia.<\/p>\n\n\n\n<p>A lo largo de 120 horas de formaci\u00f3n presencial, los participantes recorrieron seis m\u00f3dulos fundamentales:<\/p>\n\n\n\n<ul><li><strong>M\u00f3dulo I:<\/strong>&nbsp;Introducci\u00f3n y Fundamentos de la Fe.<\/li><li><strong>M\u00f3dulo II:<\/strong>&nbsp;Sagradas Escrituras y Teolog\u00eda B\u00edblica.<\/li><li><strong>M\u00f3dulo III:<\/strong>&nbsp;Liturgia y Sacramentos.<\/li><li><strong>M\u00f3dulo IV:<\/strong>&nbsp;Moral y \u00c9tica Cristiana.<\/li><li><strong>M\u00f3dulo V:<\/strong>&nbsp;Doctrina Social de la Iglesia.<\/li><li><strong>M\u00f3dulo VI:<\/strong>&nbsp;Misioneros Redentoristas y Misi\u00f3n Compartida.<\/li><\/ul>\n\n\n\n<p>No se trat\u00f3 solo de adquirir conocimientos te\u00f3ricos, sino de preparar el coraz\u00f3n para ser\u00a0<em>\u201cMisioneros de la esperanza, tras las huellas del Redentor\u201d.<\/em><\/p>\n\n\n\n<figure class=\"wp-block-gallery columns-3 is-cropped\"><ul class=\"blocks-gallery-grid\"><li class=\"blocks-gallery-item\"><figure><a href=\"https:\/\/www.cssr.news\/italian\/wp-content\/uploads\/sites\/2\/2025\/12\/Foto-4.jpeg\"><img src=\"https:\/\/www.cssr.news\/italian\/wp-content\/uploads\/sites\/2\/2025\/12\/Foto-4-768x1024.jpeg\" alt=\"\" data-id=\"31954\" data-full-url=\"https:\/\/www.cssr.news\/italian\/wp-content\/uploads\/sites\/2\/2025\/12\/Foto-4.jpeg\" data-link=\"https:\/\/www.cssr.news\/italian\/2025\/12\/paraguay-si-conclude-con-successo-il-corso-integrale-di-formazione-pastorale-2025\/foto-4-3\/\" class=\"wp-image-31954\"\/><\/a><\/figure><\/li><li class=\"blocks-gallery-item\"><figure><a href=\"https:\/\/www.cssr.news\/italian\/wp-content\/uploads\/sites\/2\/2025\/12\/Foto-2.jpeg\"><img src=\"https:\/\/www.cssr.news\/italian\/wp-content\/uploads\/sites\/2\/2025\/12\/Foto-2-1024x576.jpeg\" alt=\"\" data-id=\"31955\" data-full-url=\"https:\/\/www.cssr.news\/italian\/wp-content\/uploads\/sites\/2\/2025\/12\/Foto-2.jpeg\" data-link=\"https:\/\/www.cssr.news\/italian\/2025\/12\/paraguay-si-conclude-con-successo-il-corso-integrale-di-formazione-pastorale-2025\/foto-2-3\/\" class=\"wp-image-31955\"\/><\/a><\/figure><\/li><li class=\"blocks-gallery-item\"><figure><a href=\"https:\/\/www.cssr.news\/italian\/wp-content\/uploads\/sites\/2\/2025\/12\/Foto-1.jpeg\"><img src=\"https:\/\/www.cssr.news\/italian\/wp-content\/uploads\/sites\/2\/2025\/12\/Foto-1-1024x1015.jpeg\" alt=\"\" data-id=\"31957\" data-full-url=\"https:\/\/www.cssr.news\/italian\/wp-content\/uploads\/sites\/2\/2025\/12\/Foto-1.jpeg\" data-link=\"https:\/\/www.cssr.news\/italian\/2025\/12\/paraguay-si-conclude-con-successo-il-corso-integrale-di-formazione-pastorale-2025\/foto-1-3\/\" class=\"wp-image-31957\"\/><\/a><\/figure><\/li><\/ul><\/figure>\n\n\n\n<p><strong>Momentos que dejan huella<\/strong><\/p>\n\n\n\n<p>La entrega de certificados no fue solo un acto protocolar, sino un testimonio de perseverancia. Ver a familias acompa\u00f1ando a los graduados y a la comunidad unida en oraci\u00f3n reafirma el valor de la formaci\u00f3n compartida. Los nuevos egresados ahora cuentan con:<\/p>\n\n\n\n<ul><li>Una comprensi\u00f3n s\u00f3lida de la liturgia y la moral cristiana.<\/li><li>Capacitaci\u00f3n para liderar \u00e1reas de evangelizaci\u00f3n y acci\u00f3n social.<\/li><li>Habilitaci\u00f3n para participar en los Concursos P\u00fablicos de Oposici\u00f3n (CPO) de instituciones educativas dependientes de la CEP. (Conferencia Episcopal Paraguaya) abriendo nuevas puertas para el servicio profesional y misionero.<\/li><li>Felicitamos a cada uno de los graduados por su perseverancia y amor a la Iglesia. Que este sea solo el inicio de una vida de servicio m\u00e1s comprometida y fecunda.<\/li><\/ul>\n\n\n\n<p><em>&#8220;La formaci\u00f3n es el cimiento de una Iglesia viva. Estos nuevos l\u00edderes est\u00e1n preparados para enfrentar los desaf\u00edos del siglo XXI con justicia, solidaridad y una fe inquebrantable.&#8221;<\/em><\/p>\n\n\n\n<p><strong>Mirando hacia el futuro con esperanza<\/strong><\/p>\n\n\n\n<p>Queremos expresar nuestro m\u00e1s sincero agradecimiento a los docentes, a los coordinadores y, de manera especial, a cada laico que asumi\u00f3 este desaf\u00edo con valent\u00eda. Su compromiso es el motor que dinamiza nuestra parroquia y fortalece nuestro impacto en la sociedad.&nbsp;<\/p>\n\n\n\n<p>El \u00e9xito de este curso no habr\u00eda sido posible sin la visi\u00f3n y el acompa\u00f1amiento constante de nuestra gu\u00eda espiritual. Expresamos un especial reconocimiento y profunda gratitud a nuestro P\u00e1rroco, el&nbsp;<strong>Padre Ronaldo Ocampos, CSsR<\/strong>, cuyo liderazgo y compromiso han sido el motor de este proyecto. Su dedicaci\u00f3n para fomentar una&nbsp;<strong><em>&#8220;misi\u00f3n compartida&#8221;<\/em><\/strong>&nbsp;ha inspirado a los laicos a seguir las huellas del Redentor con valent\u00eda y conocimiento.<\/p>\n\n\n\n<p><em>&#8220;Formar laicos es fortalecer el cuerpo de la Iglesia. Hoy, nuestra parroquia cuenta con l\u00edderes capaces de evangelizar con fundamentos s\u00f3lidos y un coraz\u00f3n lleno de esperanza.&#8221;<\/em><\/p>\n\n\n\n<p>Este cierre es solo el comienzo de una nueva etapa de servicio y entrega. Sigamos caminando juntos como una comunidad que crece en sabidur\u00eda y amor.<\/p>\n\n\n\n<p><strong>Fabio Morales&nbsp;<br><\/strong>Laico Redentorista<\/p>\n","protected":false},"excerpt":{"rendered":"<p>En un clima de profunda alegr\u00eda y espiritualidad, la Parroquia Nuestra Se\u00f1ora del Perpetuo Socorro de Pedro Juan Caballero celebr\u00f3 el cierre de un ciclo transformador. Tras seis meses de dedicaci\u00f3n, el pasado martes 23 de diciembre, nuestros laicos recibieron sus certificados de finalizaci\u00f3n del&nbsp;&#8220;Curso Integral de Formaci\u00f3n Pastoral&#8221;durante una solemne Celebraci\u00f3n Eucar\u00edstica. Este trayecto, [&hellip;]<\/p>\n","protected":false},"author":23,"featured_media":29620,"comment_status":"closed","ping_status":"closed","sticky":false,"template":"","format":"standard","meta":[],"categories":[32],"tags":[],"_links":{"self":[{"href":"https:\/\/www.cssr.news\/spanish\/wp-json\/wp\/v2\/posts\/29619"}],"collection":[{"href":"https:\/\/www.cssr.news\/spanish\/wp-json\/wp\/v2\/posts"}],"about":[{"href":"https:\/\/www.cssr.news\/spanish\/wp-json\/wp\/v2\/types\/post"}],"author":[{"embeddable":true,"href":"https:\/\/www.cssr.news\/spanish\/wp-json\/wp\/v2\/users\/23"}],"replies":[{"embeddable":true,"href":"https:\/\/www.cssr.news\/spanish\/wp-json\/wp\/v2\/comments?post=29619"}],"version-history":[{"count":2,"href":"https:\/\/www.cssr.news\/spanish\/wp-json\/wp\/v2\/posts\/29619\/revisions"}],"predecessor-version":[{"id":29623,"href":"https:\/\/www.cssr.news\/spanish\/wp-json\/wp\/v2\/posts\/29619\/revisions\/29623"}],"wp:featuredmedia":[{"embeddable":true,"href":"https:\/\/www.cssr.news\/spanish\/wp-json\/wp\/v2\/media\/29620"}],"wp:attachment":[{"href":"https:\/\/www.cssr.news\/spanish\/wp-json\/wp\/v2\/media?parent=29619"}],"wp:term":[{"taxonomy":"category","embeddable":true,"href":"https:\/\/www.cssr.news\/spanish\/wp-json\/wp\/v2\/categories?post=29619"},{"taxonomy":"post_tag","embeddable":true,"href":"https:\/\/www.cssr.news\/spanish\/wp-json\/wp\/v2\/tags?post=29619"}],"curies":[{"name":"wp","href":"https:\/\/api.w.org\/{rel}","templated":true}]}}