{"id":29680,"date":"2026-01-09T17:23:31","date_gmt":"2026-01-09T15:23:31","guid":{"rendered":"https:\/\/www.cssr.news\/spanish\/?p=29680"},"modified":"2026-01-09T22:18:21","modified_gmt":"2026-01-09T20:18:21","slug":"colombia-alegria-interprovincial-siete-novicios-emiten-su-primera-profesion-religiosa","status":"publish","type":"post","link":"https:\/\/www.cssr.news\/spanish\/2026\/01\/colombia-alegria-interprovincial-siete-novicios-emiten-su-primera-profesion-religiosa\/","title":{"rendered":"Colombia: Alegr\u00eda Interprovincial, Siete Novicios emiten su primera Profesi\u00f3n Religiosa"},"content":{"rendered":"\n<p><strong>Piedecuesta, Santander \u2014<\/strong> En un ambiente de profunda gratitud y esperanza para la Congregaci\u00f3n del Sant\u00edsimo Redentor, el Noviciado San Alfonso, ubicado en Piedecuesta, Colombia, se visti\u00f3 de fiesta el pasado domingo 4 de enero de 2026. Siete j\u00f3venes novicios, provenientes de diversas Unidades de Am\u00e9rica Latina y el Caribe, profesaron sus votos temporales de pobreza, castidad y obediencia por un periodo de un a\u00f1o.<\/p>\n\n\n\n<p>La solemne Eucarist\u00eda fue presidida por el <strong>P. Mauricio Monroy C\u00e1ceres, Superior Provincial <\/strong>de la Provincia Andino Caribe\u00f1a. El P. Monroy recibi\u00f3 los votos de los neoprofesos en nombre del Superior General y por leg\u00edtima delegaci\u00f3n de los respectivos Superiores Provinciales de Brasilia, Curitiba, Madre del Perpetuo Socorro, Nossa Senhora Aparecida y Pedro Donders.<\/p>\n\n\n\n<p><strong>Los Nuevos Profesos<\/strong><\/p>\n\n\n\n<p>&nbsp;Este grupo de cohermanos refleja la riqueza multicultural y la unidad de la Conferencia de Am\u00e9rica Latina y el Caribe. Los nuevos profesos son:<\/p>\n\n\n\n<ul><li>Provincia de Brasilia: Bruno de Mesquita Alves.<\/li><li>Provincia de Curitiba: Bruno Aparecido Catachi Moreno y Nilceu Conradi.<\/li><li>Provincia Nossa Senhora Aparecida: Jo\u00e3o Marcelo Guedes Pereira.<\/li><li>Provincia Pedro Donders: Nicol\u00e1s Jos\u00e9 Alegre.<\/li><li>Provincia Madre del Perpetuo Socorro (Am\u00e9rica Central y el Caribe): Juan Felipe S\u00e1nchez Cort\u00e9s y Yeuris Antonio Quezada Batista.<\/li><\/ul>\n\n\n\n<figure class=\"wp-block-gallery columns-3 is-cropped\"><ul class=\"blocks-gallery-grid\"><li class=\"blocks-gallery-item\"><figure><a href=\"http:\/\/www.cssr.news\/spanish\/wp-content\/uploads\/sites\/3\/2026\/01\/sn202601_colombia01.jpg\"><img width=\"1024\" height=\"677\" src=\"http:\/\/www.cssr.news\/spanish\/wp-content\/uploads\/sites\/3\/2026\/01\/sn202601_colombia01-1024x677.jpg\" alt=\"\" data-id=\"29684\" data-full-url=\"http:\/\/www.cssr.news\/spanish\/wp-content\/uploads\/sites\/3\/2026\/01\/sn202601_colombia01.jpg\" data-link=\"https:\/\/www.cssr.news\/spanish\/?attachment_id=29684\" class=\"wp-image-29684\" srcset=\"https:\/\/www.cssr.news\/spanish\/wp-content\/uploads\/sites\/3\/2026\/01\/sn202601_colombia01-1024x677.jpg 1024w, https:\/\/www.cssr.news\/spanish\/wp-content\/uploads\/sites\/3\/2026\/01\/sn202601_colombia01-300x198.jpg 300w, https:\/\/www.cssr.news\/spanish\/wp-content\/uploads\/sites\/3\/2026\/01\/sn202601_colombia01-768x508.jpg 768w, https:\/\/www.cssr.news\/spanish\/wp-content\/uploads\/sites\/3\/2026\/01\/sn202601_colombia01-696x460.jpg 696w, https:\/\/www.cssr.news\/spanish\/wp-content\/uploads\/sites\/3\/2026\/01\/sn202601_colombia01-635x420.jpg 635w, https:\/\/www.cssr.news\/spanish\/wp-content\/uploads\/sites\/3\/2026\/01\/sn202601_colombia01.jpg 1059w\" sizes=\"(max-width: 1024px) 100vw, 1024px\" \/><\/a><\/figure><\/li><li class=\"blocks-gallery-item\"><figure><a href=\"http:\/\/www.cssr.news\/spanish\/wp-content\/uploads\/sites\/3\/2026\/01\/sn202601_colombia03.jpg\"><img width=\"1024\" height=\"677\" src=\"http:\/\/www.cssr.news\/spanish\/wp-content\/uploads\/sites\/3\/2026\/01\/sn202601_colombia03-1024x677.jpg\" alt=\"\" data-id=\"29682\" data-full-url=\"http:\/\/www.cssr.news\/spanish\/wp-content\/uploads\/sites\/3\/2026\/01\/sn202601_colombia03.jpg\" data-link=\"https:\/\/www.cssr.news\/spanish\/?attachment_id=29682\" class=\"wp-image-29682\" srcset=\"https:\/\/www.cssr.news\/spanish\/wp-content\/uploads\/sites\/3\/2026\/01\/sn202601_colombia03-1024x677.jpg 1024w, https:\/\/www.cssr.news\/spanish\/wp-content\/uploads\/sites\/3\/2026\/01\/sn202601_colombia03-300x198.jpg 300w, https:\/\/www.cssr.news\/spanish\/wp-content\/uploads\/sites\/3\/2026\/01\/sn202601_colombia03-768x508.jpg 768w, https:\/\/www.cssr.news\/spanish\/wp-content\/uploads\/sites\/3\/2026\/01\/sn202601_colombia03-696x460.jpg 696w, https:\/\/www.cssr.news\/spanish\/wp-content\/uploads\/sites\/3\/2026\/01\/sn202601_colombia03-635x420.jpg 635w, https:\/\/www.cssr.news\/spanish\/wp-content\/uploads\/sites\/3\/2026\/01\/sn202601_colombia03.jpg 1059w\" sizes=\"(max-width: 1024px) 100vw, 1024px\" \/><\/a><\/figure><\/li><li class=\"blocks-gallery-item\"><figure><a href=\"http:\/\/www.cssr.news\/spanish\/wp-content\/uploads\/sites\/3\/2026\/01\/sn202601_colombia04.jpg\"><img width=\"1024\" height=\"677\" src=\"http:\/\/www.cssr.news\/spanish\/wp-content\/uploads\/sites\/3\/2026\/01\/sn202601_colombia04-1024x677.jpg\" alt=\"\" data-id=\"29681\" data-full-url=\"http:\/\/www.cssr.news\/spanish\/wp-content\/uploads\/sites\/3\/2026\/01\/sn202601_colombia04.jpg\" data-link=\"https:\/\/www.cssr.news\/spanish\/?attachment_id=29681\" class=\"wp-image-29681\" srcset=\"https:\/\/www.cssr.news\/spanish\/wp-content\/uploads\/sites\/3\/2026\/01\/sn202601_colombia04-1024x677.jpg 1024w, https:\/\/www.cssr.news\/spanish\/wp-content\/uploads\/sites\/3\/2026\/01\/sn202601_colombia04-300x198.jpg 300w, https:\/\/www.cssr.news\/spanish\/wp-content\/uploads\/sites\/3\/2026\/01\/sn202601_colombia04-768x508.jpg 768w, https:\/\/www.cssr.news\/spanish\/wp-content\/uploads\/sites\/3\/2026\/01\/sn202601_colombia04-696x460.jpg 696w, https:\/\/www.cssr.news\/spanish\/wp-content\/uploads\/sites\/3\/2026\/01\/sn202601_colombia04-635x420.jpg 635w, https:\/\/www.cssr.news\/spanish\/wp-content\/uploads\/sites\/3\/2026\/01\/sn202601_colombia04.jpg 1059w\" sizes=\"(max-width: 1024px) 100vw, 1024px\" \/><\/a><\/figure><\/li><\/ul><\/figure>\n\n\n\n<p><strong>Comunidad y Testigos<\/strong><\/p>\n\n\n\n<p>La ceremonia cont\u00f3 con la presencia significativa de la comunidad formativa, encabezada por el Maestro de Novicios, P. Jes\u00fas Mar\u00eda Ortiz Orozco, y su socio en la formaci\u00f3n, P. Orlando Gonz\u00e1lez Herrera, quienes fungieron como testigos oficiales de las actas de profesi\u00f3n.<\/p>\n\n\n\n<p>A la celebraci\u00f3n se unieron diversos cohermanos de las comunidades redentoristas de Colombia, religiosas de otras congregaciones y fieles laicos de las comunidades pastorales cercanas, quienes han acompa\u00f1ado el proceso de discernimiento de estos j\u00f3venes.<\/p>\n\n\n\n<p>La Familia Redentorista eleva una oraci\u00f3n de acci\u00f3n de gracias por la generosidad de estos cohermanos, pidiendo al Sant\u00edsimo Redentor que les conceda perseverancia y fidelidad en esta nueva etapa de su vida consagrada, para que sean aut\u00e9nticos &#8220;Misioneros de la esperanza tras las huellas del Redentor&#8221;.<\/p>\n\n\n\n<p>P. Oscar David Tarazona Trujillo CSsR<\/p>\n","protected":false},"excerpt":{"rendered":"<p>Piedecuesta, Santander \u2014 En un ambiente de profunda gratitud y esperanza para la Congregaci\u00f3n del Sant\u00edsimo Redentor, el Noviciado San Alfonso, ubicado en Piedecuesta, Colombia, se visti\u00f3 de fiesta el pasado domingo 4 de enero de 2026. Siete j\u00f3venes novicios, provenientes de diversas Unidades de Am\u00e9rica Latina y el Caribe, profesaron sus votos temporales de [&hellip;]<\/p>\n","protected":false},"author":3,"featured_media":29683,"comment_status":"closed","ping_status":"closed","sticky":false,"template":"","format":"standard","meta":[],"categories":[16],"tags":[],"_links":{"self":[{"href":"https:\/\/www.cssr.news\/spanish\/wp-json\/wp\/v2\/posts\/29680"}],"collection":[{"href":"https:\/\/www.cssr.news\/spanish\/wp-json\/wp\/v2\/posts"}],"about":[{"href":"https:\/\/www.cssr.news\/spanish\/wp-json\/wp\/v2\/types\/post"}],"author":[{"embeddable":true,"href":"https:\/\/www.cssr.news\/spanish\/wp-json\/wp\/v2\/users\/3"}],"replies":[{"embeddable":true,"href":"https:\/\/www.cssr.news\/spanish\/wp-json\/wp\/v2\/comments?post=29680"}],"version-history":[{"count":1,"href":"https:\/\/www.cssr.news\/spanish\/wp-json\/wp\/v2\/posts\/29680\/revisions"}],"predecessor-version":[{"id":29685,"href":"https:\/\/www.cssr.news\/spanish\/wp-json\/wp\/v2\/posts\/29680\/revisions\/29685"}],"wp:featuredmedia":[{"embeddable":true,"href":"https:\/\/www.cssr.news\/spanish\/wp-json\/wp\/v2\/media\/29683"}],"wp:attachment":[{"href":"https:\/\/www.cssr.news\/spanish\/wp-json\/wp\/v2\/media?parent=29680"}],"wp:term":[{"taxonomy":"category","embeddable":true,"href":"https:\/\/www.cssr.news\/spanish\/wp-json\/wp\/v2\/categories?post=29680"},{"taxonomy":"post_tag","embeddable":true,"href":"https:\/\/www.cssr.news\/spanish\/wp-json\/wp\/v2\/tags?post=29680"}],"curies":[{"name":"wp","href":"https:\/\/api.w.org\/{rel}","templated":true}]}}