{"id":29747,"date":"2026-01-14T08:37:00","date_gmt":"2026-01-14T06:37:00","guid":{"rendered":"https:\/\/www.cssr.news\/spanish\/?p=29747"},"modified":"2026-01-16T08:42:05","modified_gmt":"2026-01-16T06:42:05","slug":"madagascar-eucaristia-para-iniciar-el-2026-de-los-lar-laicos-y-redentoristas-asociados","status":"publish","type":"post","link":"https:\/\/www.cssr.news\/spanish\/2026\/01\/madagascar-eucaristia-para-iniciar-el-2026-de-los-lar-laicos-y-redentoristas-asociados\/","title":{"rendered":"Madagascar: Eucarist\u00eda para iniciar el 2026 de los LAR (Laicos y Redentoristas Asociados)"},"content":{"rendered":"\n<p>El domingo 11 de enero, festividad del Bautismo del Se\u00f1or, los Laicos y Asociados Redentoristas (LAR) de Antananarivo celebraron su tradicional A\u00f1o Nuevo en el Foyer Saint Alphonse.<\/p>\n\n\n\n<p>Las actividades comenzaron con la celebraci\u00f3n de la Eucarist\u00eda, presidida por el P. Jean-R\u00e9mi, CSsR, capell\u00e1n de los LAR de la Viceprovincia de Madagascar, y copresidida por el P. Lu\u00eds Armando, CSsR, capell\u00e1n de los LAR de Antananarivo.<\/p>\n\n\n\n<p>Al mediod\u00eda, se disfrut\u00f3 de un almuerzo compartido entre los LAR y los cohermanos residentes en Antananarivo, seguido de eventos culturales.<\/p>\n\n\n\n<p>El P. Th\u00e9ophile, Viceprovincial de Madagascar, aprovech\u00f3 la oportunidad para informar sobre el proceso de reestructuraci\u00f3n de la Congregaci\u00f3n y anim\u00f3 a los laicos que comparten nuestra espiritualidad a no permanecer indiferentes ante esta nueva realidad de la Congregaci\u00f3n.<\/p>\n\n\n\n<p>M\u00e1s de 50 laicos y asociados redentoristas participaron en esta actividad para iniciar el 2026, que tambi\u00e9n sirvi\u00f3 para planificar la pr\u00f3xima actividad de los LAR en la capital: reforestaci\u00f3n en Imeritiantosika.<\/p>\n\n\n\n<p>Hermano Baltazar Baptista, CSsR.<\/p>\n","protected":false},"excerpt":{"rendered":"<p>El domingo 11 de enero, festividad del Bautismo del Se\u00f1or, los Laicos y Asociados Redentoristas (LAR) de Antananarivo celebraron su tradicional A\u00f1o Nuevo en el Foyer Saint Alphonse. Las actividades comenzaron con la celebraci\u00f3n de la Eucarist\u00eda, presidida por el P. Jean-R\u00e9mi, CSsR, capell\u00e1n de los LAR de la Viceprovincia de Madagascar, y copresidida por [&hellip;]<\/p>\n","protected":false},"author":3,"featured_media":29748,"comment_status":"closed","ping_status":"closed","sticky":false,"template":"","format":"standard","meta":[],"categories":[32],"tags":[],"_links":{"self":[{"href":"https:\/\/www.cssr.news\/spanish\/wp-json\/wp\/v2\/posts\/29747"}],"collection":[{"href":"https:\/\/www.cssr.news\/spanish\/wp-json\/wp\/v2\/posts"}],"about":[{"href":"https:\/\/www.cssr.news\/spanish\/wp-json\/wp\/v2\/types\/post"}],"author":[{"embeddable":true,"href":"https:\/\/www.cssr.news\/spanish\/wp-json\/wp\/v2\/users\/3"}],"replies":[{"embeddable":true,"href":"https:\/\/www.cssr.news\/spanish\/wp-json\/wp\/v2\/comments?post=29747"}],"version-history":[{"count":1,"href":"https:\/\/www.cssr.news\/spanish\/wp-json\/wp\/v2\/posts\/29747\/revisions"}],"predecessor-version":[{"id":29749,"href":"https:\/\/www.cssr.news\/spanish\/wp-json\/wp\/v2\/posts\/29747\/revisions\/29749"}],"wp:featuredmedia":[{"embeddable":true,"href":"https:\/\/www.cssr.news\/spanish\/wp-json\/wp\/v2\/media\/29748"}],"wp:attachment":[{"href":"https:\/\/www.cssr.news\/spanish\/wp-json\/wp\/v2\/media?parent=29747"}],"wp:term":[{"taxonomy":"category","embeddable":true,"href":"https:\/\/www.cssr.news\/spanish\/wp-json\/wp\/v2\/categories?post=29747"},{"taxonomy":"post_tag","embeddable":true,"href":"https:\/\/www.cssr.news\/spanish\/wp-json\/wp\/v2\/tags?post=29747"}],"curies":[{"name":"wp","href":"https:\/\/api.w.org\/{rel}","templated":true}]}}