{"id":29796,"date":"2026-01-21T10:53:37","date_gmt":"2026-01-21T08:53:37","guid":{"rendered":"https:\/\/www.cssr.news\/spanish\/?p=29796"},"modified":"2026-01-21T10:54:48","modified_gmt":"2026-01-21T08:54:48","slug":"provincia-redentorista-andino-caribena-inicia-el-historico-i-capitulo-con-esperanza-y-unidad","status":"publish","type":"post","link":"https:\/\/www.cssr.news\/spanish\/2026\/01\/provincia-redentorista-andino-caribena-inicia-el-historico-i-capitulo-con-esperanza-y-unidad\/","title":{"rendered":"Provincia Andino Caribe\u00f1a: inicia el hist\u00f3rico I Cap\u00edtulo con esperanza y unidad"},"content":{"rendered":"\n<p>(<strong>Chinauta, Colombia \u2013 19 de enero de 2026)<\/strong>\u00a0En un ambiente de fraternidad y oraci\u00f3n, se dio apertura oficial al I Cap\u00edtulo de la Provincia Redentorista Andino Caribe\u00f1a en la casa de encuentros Villa Marianella.\u00a0Este evento marca un hito para la congregaci\u00f3n, al tratarse del primer cap\u00edtulo celebrado tras la erecci\u00f3n can\u00f3nica de la nueva Provincia.<\/p>\n\n\n\n<p>La jornada inaugural comenz\u00f3 a las 7:00 p.m. con un acto significativo: la bendici\u00f3n del nuevo Auditorio \u201cSan Alfonso\u201d, espacio que acoger\u00e1 las deliberaciones durante estos d\u00edas.&nbsp;Posteriormente, la asamblea capitular se uni\u00f3 en oraci\u00f3n bajo la gu\u00eda del P. Laureano Hurtado, Superior local, encomendando al Esp\u00edritu Santo los frutos de este encuentro e iluminando la reflexi\u00f3n con la lectura de la Carta a los Romanos y las Constituciones Redentoristas sobre el dinamismo misionero.<\/p>\n\n\n\n<figure class=\"wp-block-gallery columns-3 is-cropped\"><ul class=\"blocks-gallery-grid\"><li class=\"blocks-gallery-item\"><figure><a href=\"http:\/\/www.cssr.news\/spanish\/wp-content\/uploads\/sites\/3\/2026\/01\/sn202601_andinocaribe_capitulo02.jpg\"><img width=\"1024\" height=\"678\" src=\"http:\/\/www.cssr.news\/spanish\/wp-content\/uploads\/sites\/3\/2026\/01\/sn202601_andinocaribe_capitulo02-1024x678.jpg\" alt=\"\" data-id=\"29800\" data-full-url=\"http:\/\/www.cssr.news\/spanish\/wp-content\/uploads\/sites\/3\/2026\/01\/sn202601_andinocaribe_capitulo02.jpg\" data-link=\"https:\/\/www.cssr.news\/spanish\/?attachment_id=29800\" class=\"wp-image-29800\" srcset=\"https:\/\/www.cssr.news\/spanish\/wp-content\/uploads\/sites\/3\/2026\/01\/sn202601_andinocaribe_capitulo02-1024x678.jpg 1024w, https:\/\/www.cssr.news\/spanish\/wp-content\/uploads\/sites\/3\/2026\/01\/sn202601_andinocaribe_capitulo02-300x199.jpg 300w, https:\/\/www.cssr.news\/spanish\/wp-content\/uploads\/sites\/3\/2026\/01\/sn202601_andinocaribe_capitulo02-768x509.jpg 768w, https:\/\/www.cssr.news\/spanish\/wp-content\/uploads\/sites\/3\/2026\/01\/sn202601_andinocaribe_capitulo02-1536x1017.jpg 1536w, https:\/\/www.cssr.news\/spanish\/wp-content\/uploads\/sites\/3\/2026\/01\/sn202601_andinocaribe_capitulo02-696x461.jpg 696w, https:\/\/www.cssr.news\/spanish\/wp-content\/uploads\/sites\/3\/2026\/01\/sn202601_andinocaribe_capitulo02-1068x707.jpg 1068w, https:\/\/www.cssr.news\/spanish\/wp-content\/uploads\/sites\/3\/2026\/01\/sn202601_andinocaribe_capitulo02-634x420.jpg 634w, https:\/\/www.cssr.news\/spanish\/wp-content\/uploads\/sites\/3\/2026\/01\/sn202601_andinocaribe_capitulo02.jpg 2048w\" sizes=\"(max-width: 1024px) 100vw, 1024px\" \/><\/a><\/figure><\/li><li class=\"blocks-gallery-item\"><figure><a href=\"http:\/\/www.cssr.news\/spanish\/wp-content\/uploads\/sites\/3\/2026\/01\/sn202601_andinocaribe_capitulo03.jpg\"><img width=\"1024\" height=\"678\" src=\"http:\/\/www.cssr.news\/spanish\/wp-content\/uploads\/sites\/3\/2026\/01\/sn202601_andinocaribe_capitulo03-1024x678.jpg\" alt=\"\" data-id=\"29799\" data-full-url=\"http:\/\/www.cssr.news\/spanish\/wp-content\/uploads\/sites\/3\/2026\/01\/sn202601_andinocaribe_capitulo03.jpg\" data-link=\"https:\/\/www.cssr.news\/spanish\/?attachment_id=29799\" class=\"wp-image-29799\" srcset=\"https:\/\/www.cssr.news\/spanish\/wp-content\/uploads\/sites\/3\/2026\/01\/sn202601_andinocaribe_capitulo03-1024x678.jpg 1024w, https:\/\/www.cssr.news\/spanish\/wp-content\/uploads\/sites\/3\/2026\/01\/sn202601_andinocaribe_capitulo03-300x199.jpg 300w, https:\/\/www.cssr.news\/spanish\/wp-content\/uploads\/sites\/3\/2026\/01\/sn202601_andinocaribe_capitulo03-768x509.jpg 768w, https:\/\/www.cssr.news\/spanish\/wp-content\/uploads\/sites\/3\/2026\/01\/sn202601_andinocaribe_capitulo03-1536x1017.jpg 1536w, https:\/\/www.cssr.news\/spanish\/wp-content\/uploads\/sites\/3\/2026\/01\/sn202601_andinocaribe_capitulo03-696x461.jpg 696w, https:\/\/www.cssr.news\/spanish\/wp-content\/uploads\/sites\/3\/2026\/01\/sn202601_andinocaribe_capitulo03-1068x707.jpg 1068w, https:\/\/www.cssr.news\/spanish\/wp-content\/uploads\/sites\/3\/2026\/01\/sn202601_andinocaribe_capitulo03-634x420.jpg 634w, https:\/\/www.cssr.news\/spanish\/wp-content\/uploads\/sites\/3\/2026\/01\/sn202601_andinocaribe_capitulo03.jpg 2048w\" sizes=\"(max-width: 1024px) 100vw, 1024px\" \/><\/a><\/figure><\/li><li class=\"blocks-gallery-item\"><figure><a href=\"http:\/\/www.cssr.news\/spanish\/wp-content\/uploads\/sites\/3\/2026\/01\/sn202601_andinocaribe_capitulo04.jpg\"><img width=\"1024\" height=\"678\" src=\"http:\/\/www.cssr.news\/spanish\/wp-content\/uploads\/sites\/3\/2026\/01\/sn202601_andinocaribe_capitulo04-1024x678.jpg\" alt=\"\" data-id=\"29798\" data-full-url=\"http:\/\/www.cssr.news\/spanish\/wp-content\/uploads\/sites\/3\/2026\/01\/sn202601_andinocaribe_capitulo04.jpg\" data-link=\"https:\/\/www.cssr.news\/spanish\/?attachment_id=29798\" class=\"wp-image-29798\" srcset=\"https:\/\/www.cssr.news\/spanish\/wp-content\/uploads\/sites\/3\/2026\/01\/sn202601_andinocaribe_capitulo04-1024x678.jpg 1024w, https:\/\/www.cssr.news\/spanish\/wp-content\/uploads\/sites\/3\/2026\/01\/sn202601_andinocaribe_capitulo04-300x199.jpg 300w, https:\/\/www.cssr.news\/spanish\/wp-content\/uploads\/sites\/3\/2026\/01\/sn202601_andinocaribe_capitulo04-768x509.jpg 768w, https:\/\/www.cssr.news\/spanish\/wp-content\/uploads\/sites\/3\/2026\/01\/sn202601_andinocaribe_capitulo04-1536x1017.jpg 1536w, https:\/\/www.cssr.news\/spanish\/wp-content\/uploads\/sites\/3\/2026\/01\/sn202601_andinocaribe_capitulo04-696x461.jpg 696w, https:\/\/www.cssr.news\/spanish\/wp-content\/uploads\/sites\/3\/2026\/01\/sn202601_andinocaribe_capitulo04-1068x707.jpg 1068w, https:\/\/www.cssr.news\/spanish\/wp-content\/uploads\/sites\/3\/2026\/01\/sn202601_andinocaribe_capitulo04-634x420.jpg 634w, https:\/\/www.cssr.news\/spanish\/wp-content\/uploads\/sites\/3\/2026\/01\/sn202601_andinocaribe_capitulo04.jpg 2048w\" sizes=\"(max-width: 1024px) 100vw, 1024px\" \/><\/a><\/figure><\/li><li class=\"blocks-gallery-item\"><figure><a href=\"http:\/\/www.cssr.news\/spanish\/wp-content\/uploads\/sites\/3\/2026\/01\/sn202601_andinocaribe_capitulo05.jpg\"><img width=\"1024\" height=\"678\" src=\"http:\/\/www.cssr.news\/spanish\/wp-content\/uploads\/sites\/3\/2026\/01\/sn202601_andinocaribe_capitulo05-1024x678.jpg\" alt=\"\" data-id=\"29797\" data-full-url=\"http:\/\/www.cssr.news\/spanish\/wp-content\/uploads\/sites\/3\/2026\/01\/sn202601_andinocaribe_capitulo05.jpg\" data-link=\"https:\/\/www.cssr.news\/spanish\/?attachment_id=29797\" class=\"wp-image-29797\" srcset=\"https:\/\/www.cssr.news\/spanish\/wp-content\/uploads\/sites\/3\/2026\/01\/sn202601_andinocaribe_capitulo05-1024x678.jpg 1024w, https:\/\/www.cssr.news\/spanish\/wp-content\/uploads\/sites\/3\/2026\/01\/sn202601_andinocaribe_capitulo05-300x199.jpg 300w, https:\/\/www.cssr.news\/spanish\/wp-content\/uploads\/sites\/3\/2026\/01\/sn202601_andinocaribe_capitulo05-768x509.jpg 768w, https:\/\/www.cssr.news\/spanish\/wp-content\/uploads\/sites\/3\/2026\/01\/sn202601_andinocaribe_capitulo05-1536x1017.jpg 1536w, https:\/\/www.cssr.news\/spanish\/wp-content\/uploads\/sites\/3\/2026\/01\/sn202601_andinocaribe_capitulo05-696x461.jpg 696w, https:\/\/www.cssr.news\/spanish\/wp-content\/uploads\/sites\/3\/2026\/01\/sn202601_andinocaribe_capitulo05-1068x707.jpg 1068w, https:\/\/www.cssr.news\/spanish\/wp-content\/uploads\/sites\/3\/2026\/01\/sn202601_andinocaribe_capitulo05-634x420.jpg 634w, https:\/\/www.cssr.news\/spanish\/wp-content\/uploads\/sites\/3\/2026\/01\/sn202601_andinocaribe_capitulo05.jpg 2048w\" sizes=\"(max-width: 1024px) 100vw, 1024px\" \/><\/a><\/figure><\/li><\/ul><\/figure>\n\n\n\n<h3>Un momento hist\u00f3rico para la Provincia<\/h3>\n\n\n\n<p>El Superior Provincial, P. Mauricio Monroy C\u00e1ceres, dirigi\u00f3 el discurso de apertura, subrayando la trascendencia de este encuentro.&nbsp;En sus palabras, destac\u00f3 que el eje central del trabajo capitular ser\u00e1 la aprobaci\u00f3n de los Estatutos Provinciales, descritos como una \u00abimportante mediaci\u00f3n eclesial y carism\u00e1tica\u00bb.<\/p>\n\n\n\n<p>El P. Monroy hizo un llamado al realismo y a la esperanza evang\u00e9lica, invitando a los capitulares a \u00abdiscernir c\u00f3mo vivir el carisma redentorista\u00bb y a pedir a Dios que libre a la comunidad de individualismos para buscar el bien com\u00fan.<\/p>\n\n\n\n<h3>Comuni\u00f3n con el Gobierno General<\/h3>\n\n\n\n<p>Durante la sesi\u00f3n, el P. Carlos Eduardo L\u00f3pez, notario, dio lectura al mensaje enviado por el Padre General.&nbsp;En su misiva, el Superior General hizo un fuerte llamado a la unidad y la participaci\u00f3n, recordando que los estatutos deben ser una regla de vida que impulse la santidad y la misi\u00f3n con los m\u00e1s pobres.&nbsp;Asimismo, envi\u00f3 un saludo especial a todos los capitulares, haciendo una menci\u00f3n particular al pueblo venezolano.<\/p>\n\n\n\n<h3>Organizaci\u00f3n del Cap\u00edtulo<\/h3>\n\n\n\n<p>Para garantizar el buen desarrollo de las sesiones, la asamblea procedi\u00f3 a la elecci\u00f3n de los oficiales del Cap\u00edtulo. Tras las votaciones reglamentarias, los servicios quedaron conformados de la siguiente manera:<\/p>\n\n\n\n<p><strong>Secretario del Cap\u00edtulo:<\/strong>\u00a0P. Jes\u00fas Mar\u00eda Ortiz. <strong>Moderadores:<\/strong>\u00a0P. Leiner Casta\u00f1o y P. Jorge G\u00f3mez.<\/p>\n\n\n\n<p>Adem\u00e1s, se cuenta con la presencia del P. Alexander Hern\u00e1ndez como asesor can\u00f3nico, doctor en Derecho Can\u00f3nico y quien presta sus servicios en Roma.<\/p>\n\n\n\n<p>La sesi\u00f3n inaugural concluy\u00f3 a las 8:55 p.m. con una oraci\u00f3n de acci\u00f3n de gracias. Los trabajos continuar\u00e1n durante la semana abordando los informes de gesti\u00f3n y el estudio de los estatutos, con la mirada puesta en fortalecer la misi\u00f3n redentorista en la regi\u00f3n.<\/p>\n\n\n\n<p>P. Oscar David Tarazona CSsR<\/p>\n","protected":false},"excerpt":{"rendered":"<p>(Chinauta, Colombia \u2013 19 de enero de 2026)\u00a0En un ambiente de fraternidad y oraci\u00f3n, se dio apertura oficial al I Cap\u00edtulo de la Provincia Redentorista Andino Caribe\u00f1a en la casa de encuentros Villa Marianella.\u00a0Este evento marca un hito para la congregaci\u00f3n, al tratarse del primer cap\u00edtulo celebrado tras la erecci\u00f3n can\u00f3nica de la nueva Provincia. [&hellip;]<\/p>\n","protected":false},"author":3,"featured_media":29801,"comment_status":"closed","ping_status":"closed","sticky":false,"template":"","format":"standard","meta":[],"categories":[11],"tags":[],"_links":{"self":[{"href":"https:\/\/www.cssr.news\/spanish\/wp-json\/wp\/v2\/posts\/29796"}],"collection":[{"href":"https:\/\/www.cssr.news\/spanish\/wp-json\/wp\/v2\/posts"}],"about":[{"href":"https:\/\/www.cssr.news\/spanish\/wp-json\/wp\/v2\/types\/post"}],"author":[{"embeddable":true,"href":"https:\/\/www.cssr.news\/spanish\/wp-json\/wp\/v2\/users\/3"}],"replies":[{"embeddable":true,"href":"https:\/\/www.cssr.news\/spanish\/wp-json\/wp\/v2\/comments?post=29796"}],"version-history":[{"count":2,"href":"https:\/\/www.cssr.news\/spanish\/wp-json\/wp\/v2\/posts\/29796\/revisions"}],"predecessor-version":[{"id":29803,"href":"https:\/\/www.cssr.news\/spanish\/wp-json\/wp\/v2\/posts\/29796\/revisions\/29803"}],"wp:featuredmedia":[{"embeddable":true,"href":"https:\/\/www.cssr.news\/spanish\/wp-json\/wp\/v2\/media\/29801"}],"wp:attachment":[{"href":"https:\/\/www.cssr.news\/spanish\/wp-json\/wp\/v2\/media?parent=29796"}],"wp:term":[{"taxonomy":"category","embeddable":true,"href":"https:\/\/www.cssr.news\/spanish\/wp-json\/wp\/v2\/categories?post=29796"},{"taxonomy":"post_tag","embeddable":true,"href":"https:\/\/www.cssr.news\/spanish\/wp-json\/wp\/v2\/tags?post=29796"}],"curies":[{"name":"wp","href":"https:\/\/api.w.org\/{rel}","templated":true}]}}