{"id":29819,"date":"2026-01-23T12:26:46","date_gmt":"2026-01-23T10:26:46","guid":{"rendered":"https:\/\/www.cssr.news\/spanish\/?p=29819"},"modified":"2026-01-23T12:47:31","modified_gmt":"2026-01-23T10:47:31","slug":"ee-uu-san-gerardo-majella-y-socios-en-la-mision-acompanamiento-en-la-esperanza","status":"publish","type":"post","link":"https:\/\/www.cssr.news\/spanish\/2026\/01\/ee-uu-san-gerardo-majella-y-socios-en-la-mision-acompanamiento-en-la-esperanza\/","title":{"rendered":"EE. UU. \u2013 San Gerardo Majella y Socios en la Misi\u00f3n: Acompa\u00f1amiento en la Esperanza"},"content":{"rendered":"\n<p><strong><em>En la Parroquia de San Mart\u00edn de Tours, de la Di\u00f3cesis de Rockville Centre (conse\u00f1ada por los redentoristas a la di\u00f3cesis), los Socios en la Misi\u00f3n Redentorista han continuado fielmente la tradici\u00f3n de la festividad anual en honor a San Gerardo Majella<\/em><\/strong>.<\/p>\n\n\n\n<p>La tradici\u00f3n redentorista siempre ha entendido la santidad como algo vivido en la cercan\u00eda a las realidades de la vida humana ordinaria. Pocos santos encarnan esta convicci\u00f3n con mayor intensidad que San Gerardo Majella, C.Ss.R., cuya silenciosa fidelidad, tierna compasi\u00f3n y profunda confianza en Dios siguen impactando la vida de innumerables personas en todo el mundo. Para conmemorar el 300 aniversario de su nacimiento, se ha proclamado un A\u00f1o Jubilar, que ha comenzado en abril de 2025 y se extender\u00e1 hasta abril de 2026.<\/p>\n\n\n\n<p>Este A\u00f1o Jubilar nos invita a redescubrir a San Gerardo no como una figura lejana del pasado, sino como un compa\u00f1ero en las luchas y esperanzas de la vida contempor\u00e1nea. Como hermano laico redentorista, San Gerardo vivi\u00f3 la llamada misionera de la Congregaci\u00f3n no desde posiciones de autoridad, sino a trav\u00e9s de la fidelidad diaria y una presencia compasiva, permaneciendo cerca de quienes estaban heridos, olvidados o agobiados por el sufrimiento. En particular, San Gerardo ha sido reconocido desde hace mucho tiempo como un poderoso intercesor para las parejas que anhelan tener hijos, para las mujeres que atraviesan embarazos dif\u00edciles y para las familias que atraviesan la infertilidad y la p\u00e9rdida, incluyendo el complejo proceso de la adopci\u00f3n.<\/p>\n\n\n\n<p>Este legado pastoral encuentra expresi\u00f3n en la Parroquia de San Mart\u00edn de Tours, una antigua parroquia redentorista que regres\u00f3 al cuidado pastoral de la Di\u00f3cesis de Rockville Centre en agosto de 2019. Incluso despu\u00e9s de esta transici\u00f3n, <strong>Socios en la Misi\u00f3n Redentorista han continuado fielmente la tradici\u00f3n de la festividad anual en honor a San Gerardo Majella,<\/strong> testimonio de la perdurable influencia de la espiritualidad redentorista m\u00e1s all\u00e1 de las estructuras administrativas formales. Gracias a esta presencia continua, el carisma redentorista de acompa\u00f1amiento misionero se mantiene vivo, atento a las verdaderas esperanzas y dificultades de las familias de hoy.<\/p>\n\n\n\n<figure class=\"wp-block-gallery columns-2 is-cropped\"><ul class=\"blocks-gallery-grid\"><li class=\"blocks-gallery-item\"><figure><a href=\"http:\/\/www.cssr.news\/wp-content\/uploads\/2026\/01\/sn202601_usa_pm02.jpg\"><img src=\"http:\/\/www.cssr.news\/wp-content\/uploads\/2026\/01\/sn202601_usa_pm02.jpg\" alt=\"\" data-id=\"40083\" data-full-url=\"http:\/\/www.cssr.news\/wp-content\/uploads\/2026\/01\/sn202601_usa_pm02.jpg\" data-link=\"https:\/\/www.cssr.news\/?attachment_id=40083\" class=\"wp-image-40083\"\/><\/a><\/figure><\/li><li class=\"blocks-gallery-item\"><figure><a href=\"http:\/\/www.cssr.news\/wp-content\/uploads\/2026\/01\/sn202601_usa_pm03.jpg\"><img src=\"http:\/\/www.cssr.news\/wp-content\/uploads\/2026\/01\/sn202601_usa_pm03-794x1024.jpg\" alt=\"\" data-id=\"40082\" data-full-url=\"http:\/\/www.cssr.news\/wp-content\/uploads\/2026\/01\/sn202601_usa_pm03.jpg\" data-link=\"https:\/\/www.cssr.news\/?attachment_id=40082\" class=\"wp-image-40082\"\/><\/a><\/figure><\/li><\/ul><\/figure>\n\n\n\n<p>Cada a\u00f1o, la Parroquia de San Mart\u00edn de Tours celebra una Misa especial en honor a San Gerardo Majella, C.Ss.R., para quienes buscan un embarazo, una adopci\u00f3n o un parto seguro. La celebraci\u00f3n de este a\u00f1o tuvo lugar el domingo 19 de octubre de 2025, en la Misa del mediod\u00eda, reuniendo a familias, parejas y personas de toda la comunidad de Long Island, todos unidos por una esperanza compartida y por intenciones que a menudo albergan en secreto en sus corazones. Al concluir la Misa, se invit\u00f3 a quienes lo deseaban a quedarse y recibir una bendici\u00f3n individual con la reliquia de San Gerardo.<\/p>\n\n\n\n<p>Con un esp\u00edritu acorde con la sensibilidad pastoral de San Gerardo, se anim\u00f3 a los participantes a compartir sus intenciones con el Di\u00e1cono Thomas Hennesey, Asociado Redentorista y Oblato Redentorista que celebra veinticinco a\u00f1os de ministerio diaconal. Los presentes recibieron un acompa\u00f1amiento orante y fueron invitados a pasar un tiempo en un espacio de oraci\u00f3n designado, donde un icono de San Gerardo se yergue junto a Nuestra Se\u00f1ora del Perpetuo Socorro, una imagen inseparable de la identidad redentorista. Cada participante recibi\u00f3 una medalla bendecida con la imagen de San Gerardo y Nuestra Se\u00f1ora del Perpetuo Socorro, junto con una estampa y una breve narraci\u00f3n de la vida de San Gerardo. Tambi\u00e9n se invit\u00f3 a familiares y amigos a orar por los seres queridos que no pudieron asistir, reforzando as\u00ed la dimensi\u00f3n comunitaria de la oraci\u00f3n de intercesi\u00f3n.<\/p>\n\n\n\n<p>A partir de este ministerio, se coordin\u00f3 una oportunidad adicional de oraci\u00f3n, educaci\u00f3n y acompa\u00f1amiento en colaboraci\u00f3n con la Di\u00f3cesis y el Centro Gianna para la Salud y Fertilidad de la Mujer. Reflexionando sobre esta segunda expresi\u00f3n de acompa\u00f1amiento, se comparti\u00f3 lo siguiente sobre la velada:<\/p>\n\n\n\n<p><em>El 18 de noviembre, la Di\u00f3cesis de Rockville Centre y el Centro Gianna para la Salud y Fertilidad de la Mujer organizaron una velada especial en honor a las parejas casadas que luchan contra la infertilidad y el aborto espont\u00e1neo. El evento tuvo lugar en la Iglesia Cat\u00f3lica Romana de San Bernab\u00e9 en Bellmore, Nueva York, donde el Padre James Mary Ritch, OP, de los Frailes Dominicos, celebr\u00f3 la Santa Misa<\/em>.<\/p>\n\n\n\n<p>Despu\u00e9s de la Misa, una pareja comparti\u00f3 su experiencia personal con el Centro Gianna, reflexionando sobre su experiencia de infertilidad y la atenci\u00f3n compasiva que recibieron. Hablaron en particular del Dr. Carpentier, quien los acompa\u00f1\u00f3 fielmente durante dos a\u00f1os y medio en su lucha. La pareja tambi\u00e9n trajo consigo una reliquia de San Gerardo Majella de la Iglesia de San Mart\u00edn de Tours en Bethpage, Nueva York, donde previamente hab\u00edan orado y buscado su intercesi\u00f3n por su familia. Reflexionaron sobre la importancia de San Gerardo y Santa Gianna Beretta Molla, y el importante papel que estos Los santos jugaron un papel importante en su camino a trav\u00e9s de la infertilidad y su eventual embarazo.<\/p>\n\n\n\n<p>La Dra. Jennifer DeMarco se dirigi\u00f3 a la concurrencia en su rol como m\u00e9dica l\u00edder del Centro Gianna en Rockville. La Dra. DeMarco describi\u00f3 la gama de servicios que el Centro Gianna ofrece a las parejas que experimentan infertilidad y aborto espont\u00e1neo. Tambi\u00e9n revis\u00f3 muchas causas m\u00e9dicas comunes de infertilidad y habl\u00f3 sobre cambios en el estilo de vida que pueden impactar positivamente la fertilidad tanto de hombres como de mujeres.<\/p>\n\n\n\n<p>La velada concluy\u00f3 con una sesi\u00f3n de preguntas y respuestas, durante la cual las parejas asistentes pudieron plantear inquietudes y temas que afectan sus propias vidas y matrimonios. El Padre James ofreci\u00f3 luego bendiciones individuales, orando por los asistentes y bendici\u00e9ndolos con las reliquias de San Gerardo Majella y Santa Gianna Beretta Molla.<\/p>\n\n\n\n<p>En conjunto, estas celebraciones reflejan la esencia misma de la espiritualidad redentorista: el compromiso con el acompa\u00f1amiento misionero, la cercan\u00eda a los heridos y el respeto a la dignidad del anhelo humano a trav\u00e9s de una presencia compasiva. A medida que el A\u00f1o Jubilar contin\u00faa hasta abril de 2026, se prev\u00e9 que tanto la celebraci\u00f3n anual de la festividad en San Mart\u00edn de Tours como la velada de colaboraci\u00f3n con la Di\u00f3cesis y el Centro Gianna contin\u00faen el pr\u00f3ximo a\u00f1o, profundizando a\u00fan m\u00e1s su alcance pastoral. Que el testimonio amable pero poderoso de San Gerardo siga inspirando a comunidades arraigadas en el amor, la comprensi\u00f3n y el crecimiento espiritual, y que todos los que buscan su intercesi\u00f3n se sientan cada vez m\u00e1s atra\u00eddos por la esperanza que solo proviene de Dios.<\/p>\n\n\n\n<p>Lucy Burich McNamara<br>Misionera Laica del Sant\u00edsimo Redentor<\/p>\n","protected":false},"excerpt":{"rendered":"<p>En la Parroquia de San Mart\u00edn de Tours, de la Di\u00f3cesis de Rockville Centre (conse\u00f1ada por los redentoristas a la di\u00f3cesis), los Socios en la Misi\u00f3n Redentorista han continuado fielmente la tradici\u00f3n de la festividad anual en honor a San Gerardo Majella. La tradici\u00f3n redentorista siempre ha entendido la santidad como algo vivido en la [&hellip;]<\/p>\n","protected":false},"author":3,"featured_media":29820,"comment_status":"closed","ping_status":"closed","sticky":false,"template":"","format":"standard","meta":[],"categories":[32],"tags":[],"_links":{"self":[{"href":"https:\/\/www.cssr.news\/spanish\/wp-json\/wp\/v2\/posts\/29819"}],"collection":[{"href":"https:\/\/www.cssr.news\/spanish\/wp-json\/wp\/v2\/posts"}],"about":[{"href":"https:\/\/www.cssr.news\/spanish\/wp-json\/wp\/v2\/types\/post"}],"author":[{"embeddable":true,"href":"https:\/\/www.cssr.news\/spanish\/wp-json\/wp\/v2\/users\/3"}],"replies":[{"embeddable":true,"href":"https:\/\/www.cssr.news\/spanish\/wp-json\/wp\/v2\/comments?post=29819"}],"version-history":[{"count":5,"href":"https:\/\/www.cssr.news\/spanish\/wp-json\/wp\/v2\/posts\/29819\/revisions"}],"predecessor-version":[{"id":29827,"href":"https:\/\/www.cssr.news\/spanish\/wp-json\/wp\/v2\/posts\/29819\/revisions\/29827"}],"wp:featuredmedia":[{"embeddable":true,"href":"https:\/\/www.cssr.news\/spanish\/wp-json\/wp\/v2\/media\/29820"}],"wp:attachment":[{"href":"https:\/\/www.cssr.news\/spanish\/wp-json\/wp\/v2\/media?parent=29819"}],"wp:term":[{"taxonomy":"category","embeddable":true,"href":"https:\/\/www.cssr.news\/spanish\/wp-json\/wp\/v2\/categories?post=29819"},{"taxonomy":"post_tag","embeddable":true,"href":"https:\/\/www.cssr.news\/spanish\/wp-json\/wp\/v2\/tags?post=29819"}],"curies":[{"name":"wp","href":"https:\/\/api.w.org\/{rel}","templated":true}]}}