{"id":29841,"date":"2026-01-26T09:56:00","date_gmt":"2026-01-26T07:56:00","guid":{"rendered":"https:\/\/www.cssr.news\/spanish\/?p=29841"},"modified":"2026-01-28T10:08:24","modified_gmt":"2026-01-28T08:08:24","slug":"brasil-familias-de-ex-seminaristas-redentoristas-se-reunen-en-boraceia","status":"publish","type":"post","link":"https:\/\/www.cssr.news\/spanish\/2026\/01\/brasil-familias-de-ex-seminaristas-redentoristas-se-reunen-en-boraceia\/","title":{"rendered":"Brasil: Familias de ex seminaristas redentoristas se re\u00fanen en Boraceia"},"content":{"rendered":"\n<p>Del 16 al 18 de enero de 2026, 13 familias de exseminaristas del Seminario Santo Afonso se reunieron en Boraceia (SP) para un nuevo encuentro de confraternidad, intercambio y espiritualidad. El evento estuvo marcado por la confraternidad, la alegr\u00eda del reencuentro y la celebraci\u00f3n eucar\u00edstica presidida por el Padre Francisco de Assis Miguel, CSsR (Chic\u00e3o), de la Comunidad Nossa Senhora da Esperan\u00e7a, Sapopemba, en S\u00e3o Paulo, SP. Comparti\u00f3 con el grupo su experiencia de formaci\u00f3n inicial en el seminario. En esta ocasi\u00f3n, se exhibi\u00f3 la imagen de Nuestra Se\u00f1ora del Perpetuo Socorro, Virgen Mar\u00eda, Madre de Jes\u00fas, patrona de los Redentoristas, y se pidi\u00f3 su intercesi\u00f3n.<\/p>\n\n\n\n<p>Las familias fueron recibidas con cari\u00f1o por Ricardo Palmejani y Luciana Maitan, junto con Carlos Palmejani y Val\u00e9ria Pinheiro, anfitriones que ofrecieron un ambiente sencillo, afectuoso y propicio para la convivencia. El encuentro, coorganizado por los propios participantes, tuvo como objetivo fortalecer los lazos familiares, las amistades y el compromiso con la vida comunitaria, y por ello, entrevistamos a algunos de ellos. Entre ellos, Tarc\u00edsio Mucciarone y Claudete Santos destacaron que la experiencia grupal, vivida entre amigos y casi como una gran familia, genera alegr\u00eda, disfrute y un profundo sentido de pertenencia. Tambi\u00e9n destacaron que el contacto con las esposas de exseminaristas ofrece amistad, consuelo, aceptaci\u00f3n y apoyo emocional.<\/p>\n\n\n\n<figure class=\"wp-block-gallery columns-3 is-cropped\"><ul class=\"blocks-gallery-grid\"><li class=\"blocks-gallery-item\"><figure><a href=\"http:\/\/www.cssr.news\/italian\/wp-content\/uploads\/sites\/2\/2026\/01\/Celebracao-Eucaristica-Boraceia.jpeg\"><img src=\"http:\/\/www.cssr.news\/italian\/wp-content\/uploads\/sites\/2\/2026\/01\/Celebracao-Eucaristica-Boraceia-1024x683.jpeg\" alt=\"\" data-id=\"32178\" data-full-url=\"http:\/\/www.cssr.news\/italian\/wp-content\/uploads\/sites\/2\/2026\/01\/Celebracao-Eucaristica-Boraceia.jpeg\" data-link=\"https:\/\/www.cssr.news\/italian\/?attachment_id=32178\" class=\"wp-image-32178\"\/><\/a><figcaption class=\"blocks-gallery-item__caption\">Celebrazione eucaristica a Boraceia.<\/figcaption><\/figure><\/li><li class=\"blocks-gallery-item\"><figure><a href=\"http:\/\/www.cssr.news\/italian\/wp-content\/uploads\/sites\/2\/2026\/01\/Imagem-Nossa-Sra-Perpetuo-Socorro.jpeg\"><img src=\"http:\/\/www.cssr.news\/italian\/wp-content\/uploads\/sites\/2\/2026\/01\/Imagem-Nossa-Sra-Perpetuo-Socorro-768x1024.jpeg\" alt=\"\" data-id=\"32177\" data-full-url=\"http:\/\/www.cssr.news\/italian\/wp-content\/uploads\/sites\/2\/2026\/01\/Imagem-Nossa-Sra-Perpetuo-Socorro.jpeg\" data-link=\"https:\/\/www.cssr.news\/italian\/?attachment_id=32177\" class=\"wp-image-32177\"\/><\/a><figcaption class=\"blocks-gallery-item__caption\">Immagine del Perpetuo Soccorso<\/figcaption><\/figure><\/li><li class=\"blocks-gallery-item\"><figure><a href=\"http:\/\/www.cssr.news\/italian\/wp-content\/uploads\/sites\/2\/2026\/01\/Padre-Francisco-Miguel-CSsR-Celebracao-Boraceia.jpeg\"><img src=\"http:\/\/www.cssr.news\/italian\/wp-content\/uploads\/sites\/2\/2026\/01\/Padre-Francisco-Miguel-CSsR-Celebracao-Boraceia-768x1024.jpeg\" alt=\"\" data-id=\"32176\" data-full-url=\"http:\/\/www.cssr.news\/italian\/wp-content\/uploads\/sites\/2\/2026\/01\/Padre-Francisco-Miguel-CSsR-Celebracao-Boraceia.jpeg\" data-link=\"https:\/\/www.cssr.news\/italian\/?attachment_id=32176\" class=\"wp-image-32176\"\/><\/a><figcaption class=\"blocks-gallery-item__caption\">P. Francisco Miguel CSsR celebra la messa.<\/figcaption><\/figure><\/li><\/ul><\/figure>\n\n\n\n<p>Carlos y su esposa afirmaron que convivir\u00e1n en un ambiente fraterno, cari\u00f1oso y acogedor. Para la pareja, la hospitalidad sencilla y serena es parte esencial del significado del encuentro y una expresi\u00f3n concreta de su espiritualidad.<\/p>\n\n\n\n<p>Baltazar Alves y Ana Vicencia, quienes asistieron con sus dos hijos, destacaron que cada encuentro, con su tema espec\u00edfico, invita a una reflexi\u00f3n continua sobre la espiritualidad, la fe y la experiencia redentorista a lo largo de la vida. Al participar por primera vez, destacaron la profunda emoci\u00f3n y fascinaci\u00f3n de percibir la continuidad de la espiritualidad del seminario, ahora expresada en la vida familiar. Tambi\u00e9n reiteraron que, incluso sin haber ingresado al sacerdocio, muchos ejercen una forma de paternidad espiritual, transmitiendo valores cristianos, cuidado, respeto y evangelizaci\u00f3n en el entorno familiar.<\/p>\n\n\n\n<p>Jos\u00e9 Ribeiro Leite, director de la UNESER (Uni\u00f3n Nacional de Exseminaristas Redentoristas de Brasil), decidi\u00f3 participar con su esposa, D\u00e9bora Fabreti, y su hija, M\u00f4nica Leite, para que ambas pudieran comprender la espiritualidad redentorista presente en su vida cotidiana. Para \u00e9l, su experiencia en el seminario influy\u00f3 en su vida profesional, social y familiar. Sali\u00f3 del encuentro renovado, con energ\u00eda y motivaci\u00f3n para continuar su misi\u00f3n en el mundo, especialmente en la educaci\u00f3n y la vida comunitaria. Tambi\u00e9n enfatiz\u00f3 la permanencia de los valores redentoristas: sencillez y esp\u00edritu misionero.<\/p>\n\n\n\n<p>D\u00e9bora comparti\u00f3 la alegr\u00eda de prepararse siempre para el encuentro y su deseo de que todas las familias participen en futuros eventos. Las reflexiones de su hija revelaron la conexi\u00f3n entre el pasado del grupo y el futuro de las nuevas generaciones, demostrando que la espiritualidad redentorista se perpet\u00faa a trav\u00e9s del ejemplo. El momento de celebraci\u00f3n se identific\u00f3 como un espacio privilegiado para la apertura de coraz\u00f3n, la autenticidad y la humanidad.<\/p>\n\n\n\n<p>David Pereira Borges declar\u00f3 que sali\u00f3 del encuentro con el coraz\u00f3n lleno de alegr\u00eda y con v\u00ednculos fortalecidos. Para \u00e9l, cada momento es una lecci\u00f3n indescriptible, y enfatiz\u00f3 la importancia de traer nuevos amigos, reavivar v\u00ednculos y apoyar la vida familiar.<\/p>\n\n\n\n<p>Djevani Antonio, tambi\u00e9n director de la UNESER, y su esposa, Emilia Cristina, enfatizaron que dejar el seminario puede entenderse como un cambio en la forma de vivir la vocaci\u00f3n, no como su fin. Destacaron que la clausura con el tradicional grito de &#8220;\u00a1Viva San Alfonso!&#8221; simboliza la unidad e identidad que siguen definiendo al grupo. Emilia tambi\u00e9n reiter\u00f3 que el encuentro es un espacio acogedor para las familias, que fortalece el v\u00ednculo matrimonial a trav\u00e9s de la espiritualidad compartida.<\/p>\n\n\n\n<p>El Padre Francisco de Assis Miguel, misionero redentorista, expres\u00f3 su alegr\u00eda por haber participado en el encuentro, enfatizando la importancia de crear momentos \u00fanicos de convivencia como este.<\/p>\n\n\n\n<p>Asimismo, enfatiz\u00f3 que la identidad redentorista se fortalece cuando el aprendizaje del seminario se vive en un contexto secular, en las parroquias y en la sociedad. Espera que las familias redentoristas se acerquen a\u00fan m\u00e1s a los religiosos consagrados a trav\u00e9s de la experiencia de la m\u00edstica redentorista.<\/p>\n\n\n\n<p>En definitiva, se demostr\u00f3 que cada encuentro redentorista fortalece a las personas y a las familias en su compromiso comunitario, en su trabajo, en sus estudios y en la b\u00fasqueda de una vida de calidad, fomentando la unidad y la continuidad del camino redentorista.<\/p>\n\n\n\n<p>Vicente de Paula Alves \u2013 UNESER<\/p>\n","protected":false},"excerpt":{"rendered":"<p>Del 16 al 18 de enero de 2026, 13 familias de exseminaristas del Seminario Santo Afonso se reunieron en Boraceia (SP) para un nuevo encuentro de confraternidad, intercambio y espiritualidad. El evento estuvo marcado por la confraternidad, la alegr\u00eda del reencuentro y la celebraci\u00f3n eucar\u00edstica presidida por el Padre Francisco de Assis Miguel, CSsR (Chic\u00e3o), [&hellip;]<\/p>\n","protected":false},"author":3,"featured_media":29842,"comment_status":"closed","ping_status":"closed","sticky":false,"template":"","format":"standard","meta":[],"categories":[2],"tags":[],"_links":{"self":[{"href":"https:\/\/www.cssr.news\/spanish\/wp-json\/wp\/v2\/posts\/29841"}],"collection":[{"href":"https:\/\/www.cssr.news\/spanish\/wp-json\/wp\/v2\/posts"}],"about":[{"href":"https:\/\/www.cssr.news\/spanish\/wp-json\/wp\/v2\/types\/post"}],"author":[{"embeddable":true,"href":"https:\/\/www.cssr.news\/spanish\/wp-json\/wp\/v2\/users\/3"}],"replies":[{"embeddable":true,"href":"https:\/\/www.cssr.news\/spanish\/wp-json\/wp\/v2\/comments?post=29841"}],"version-history":[{"count":1,"href":"https:\/\/www.cssr.news\/spanish\/wp-json\/wp\/v2\/posts\/29841\/revisions"}],"predecessor-version":[{"id":29843,"href":"https:\/\/www.cssr.news\/spanish\/wp-json\/wp\/v2\/posts\/29841\/revisions\/29843"}],"wp:featuredmedia":[{"embeddable":true,"href":"https:\/\/www.cssr.news\/spanish\/wp-json\/wp\/v2\/media\/29842"}],"wp:attachment":[{"href":"https:\/\/www.cssr.news\/spanish\/wp-json\/wp\/v2\/media?parent=29841"}],"wp:term":[{"taxonomy":"category","embeddable":true,"href":"https:\/\/www.cssr.news\/spanish\/wp-json\/wp\/v2\/categories?post=29841"},{"taxonomy":"post_tag","embeddable":true,"href":"https:\/\/www.cssr.news\/spanish\/wp-json\/wp\/v2\/tags?post=29841"}],"curies":[{"name":"wp","href":"https:\/\/api.w.org\/{rel}","templated":true}]}}