{"id":30676,"date":"2026-04-03T18:07:41","date_gmt":"2026-04-03T16:07:41","guid":{"rendered":"https:\/\/www.cssr.news\/spanish\/?p=30676"},"modified":"2026-04-06T20:14:03","modified_gmt":"2026-04-06T18:14:03","slug":"la-viceprovincia-redentorista-de-nigeria-organiza-el-taller-ampliado-de-liderazgo-2026","status":"publish","type":"post","link":"https:\/\/www.cssr.news\/spanish\/2026\/04\/la-viceprovincia-redentorista-de-nigeria-organiza-el-taller-ampliado-de-liderazgo-2026\/","title":{"rendered":"La Viceprovincia Redentorista de Nigeria organiza el Taller Ampliado de Liderazgo 2026."},"content":{"rendered":"\n<p>El Taller Ampliado de Liderazgo de la Viceprovincia 2026 se llev\u00f3 a cabo los d\u00edas del 17 al 20 de marzo como un encuentro estrat\u00e9gico y de reflexi\u00f3n. Bajo el lem<em>a &#8220;Gesti\u00f3n Responsable como Condici\u00f3n Necesaria para el Liderazgo&#8221;<\/em>, el taller reuni\u00f3 a p\u00e1rrocos, superiores comunitarios y l\u00edderes de los principales apostolados, incluyendo el Santuario Nacional de San Gerardo Majella en Oba, el Santuario de Nuestra Se\u00f1ora del Perpetuo Socorro en Ugwuogo-Nike (Enugu), el Equipo de la Visitaci\u00f3n de los Iconos, el Equipo de la Misi\u00f3n Popular Redentorista y la Liga de San Gerardo Majella de Nigeria. La amplia representaci\u00f3n garantiz\u00f3 una plena participaci\u00f3n en la vida pastoral, misionera y devocional de la Viceprovincia.<\/p>\n\n\n\n<p>El taller comenz\u00f3 el martes con la llegada de los participantes, seguido de un almuerzo y una sesi\u00f3n vespertina de presentaciones e intercambio fraterno. Esta fase inicial foment\u00f3 la comuni\u00f3n entre los participantes y cre\u00f3 un clima propicio para la reflexi\u00f3n colaborativa.<\/p>\n\n\n\n<p>La jornada del mi\u00e9rcoles (primer d\u00eda) comenz\u00f3 con la celebraci\u00f3n de la Sagrada Eucarist\u00eda y la Liturgia de las Horas Matutinas, situando todo el ejercicio dentro de la vida espiritual y lit\u00fargica de la Iglesia. El discurso introductorio, a cargo del profesor Isaac Ukpokolo, dio inicio a las sesiones formales y estableci\u00f3 el marco teol\u00f3gico y pastoral del taller. Subray\u00f3 que la administraci\u00f3n responsable es un elemento indispensable del liderazgo aut\u00e9ntico, destacando que un liderazgo eficaz se fundamenta en la responsabilidad, la rendici\u00f3n de cuentas y el servicio. Inspir\u00e1ndose en Cristo, presentado como el administrador perfecto en el sentido absoluto, el profesor Ukpokolo lo propuso como el modelo definitivo de liderazgo para la Viceprovincia. Por lo tanto, invit\u00f3 a todos los l\u00edderes a imitar el modelo de Cristo como servidor y gu\u00eda, caracterizado por la entrega, la humildad y la fidelidad inquebrantable a la misi\u00f3n.<\/p>\n\n\n\n<p>La siguiente sesi\u00f3n se centr\u00f3 en la evaluaci\u00f3n del Plan Apost\u00f3lico Cuatrienal, ofreciendo la oportunidad de un an\u00e1lisis cr\u00edtico de las prioridades misioneras de la Viceprovincia y su implementaci\u00f3n en los diversos apostolados. A continuaci\u00f3n, se presentaron informes de la Oficina de Finanzas, que abordaron no solo cuestiones de gesti\u00f3n financiera, transparencia y sostenibilidad, sino que tambi\u00e9n ofrecieron un an\u00e1lisis detallado de la situaci\u00f3n financiera de la Viceprovincia, incluyendo la cartera de inversiones actual y su estado. Asimismo, se present\u00f3 un informe sobre Obras Sociales, destacando la preferencia de la Iglesia por los pobres \u2014en este caso, las personas desplazadas internamente\u2014, tal como se expresa concretamente en las iniciativas de ayuda de la Viceprovincia.<\/p>\n\n\n\n<p>Por la tarde, la atenci\u00f3n se centr\u00f3 en las manifestaciones pr\u00e1cticas de una gesti\u00f3n responsable en el liderazgo. Directores, Superiores y P\u00e1rrocos presentaron los informes financieros de sus respectivas unidades, ofreciendo perspectivas sobre las pr\u00e1cticas administrativas, los desaf\u00edos pastorales y la gesti\u00f3n de recursos. Estas presentaciones fomentaron una evaluaci\u00f3n compartida de los estilos de liderazgo y enfatizaron la necesidad de una mayor rendici\u00f3n de cuentas y una administraci\u00f3n orientada a la misi\u00f3n. Estas presentaciones se complementaron con presentaciones grupales sobre temas relacionados con el bienestar de los cohermanos, incluyendo provisiones para ejercicios espirituales, subsidios para vestimenta y paquetes de apoyo en duelo, resaltando as\u00ed las dimensiones humanas y comunitarias del liderazgo dentro de la Viceprovincia.<\/p>\n\n\n\n<figure class=\"wp-block-gallery columns-3 is-cropped\"><ul class=\"blocks-gallery-grid\"><li class=\"blocks-gallery-item\"><figure><a href=\"http:\/\/www.cssr.news\/wp-content\/uploads\/2026\/04\/Extended-Leadership-Pics-1.jpeg\"><img src=\"http:\/\/www.cssr.news\/wp-content\/uploads\/2026\/04\/Extended-Leadership-Pics-1-1024x768.jpeg\" alt=\"\" data-id=\"40916\" data-full-url=\"http:\/\/www.cssr.news\/wp-content\/uploads\/2026\/04\/Extended-Leadership-Pics-1.jpeg\" data-link=\"https:\/\/www.cssr.news\/?attachment_id=40916\" class=\"wp-image-40916\"\/><\/a><\/figure><\/li><li class=\"blocks-gallery-item\"><figure><a href=\"http:\/\/www.cssr.news\/wp-content\/uploads\/2026\/04\/Ex-Lead.jpeg\"><img src=\"http:\/\/www.cssr.news\/wp-content\/uploads\/2026\/04\/Ex-Lead.jpeg\" alt=\"\" data-id=\"40915\" data-full-url=\"http:\/\/www.cssr.news\/wp-content\/uploads\/2026\/04\/Ex-Lead.jpeg\" data-link=\"https:\/\/www.cssr.news\/?attachment_id=40915\" class=\"wp-image-40915\"\/><\/a><\/figure><\/li><li class=\"blocks-gallery-item\"><figure><a href=\"http:\/\/www.cssr.news\/wp-content\/uploads\/2026\/04\/Leadership-Ex.jpeg\"><img src=\"http:\/\/www.cssr.news\/wp-content\/uploads\/2026\/04\/Leadership-Ex.jpeg\" alt=\"\" data-id=\"40912\" data-full-url=\"http:\/\/www.cssr.news\/wp-content\/uploads\/2026\/04\/Leadership-Ex.jpeg\" data-link=\"https:\/\/www.cssr.news\/?attachment_id=40912\" class=\"wp-image-40912\"\/><\/a><\/figure><\/li><li class=\"blocks-gallery-item\"><figure><a href=\"http:\/\/www.cssr.news\/wp-content\/uploads\/2026\/04\/Leadership.jpeg\"><img src=\"http:\/\/www.cssr.news\/wp-content\/uploads\/2026\/04\/Leadership.jpeg\" alt=\"\" data-id=\"40914\" data-full-url=\"http:\/\/www.cssr.news\/wp-content\/uploads\/2026\/04\/Leadership.jpeg\" data-link=\"https:\/\/www.cssr.news\/?attachment_id=40914\" class=\"wp-image-40914\"\/><\/a><\/figure><\/li><li class=\"blocks-gallery-item\"><figure><a href=\"http:\/\/www.cssr.news\/wp-content\/uploads\/2026\/04\/Leadership-Extended.jpeg\"><img src=\"http:\/\/www.cssr.news\/wp-content\/uploads\/2026\/04\/Leadership-Extended.jpeg\" alt=\"\" data-id=\"40913\" data-full-url=\"http:\/\/www.cssr.news\/wp-content\/uploads\/2026\/04\/Leadership-Extended.jpeg\" data-link=\"https:\/\/www.cssr.news\/?attachment_id=40913\" class=\"wp-image-40913\"\/><\/a><\/figure><\/li><li class=\"blocks-gallery-item\"><figure><a href=\"http:\/\/www.cssr.news\/wp-content\/uploads\/2026\/04\/Extended.jpeg\"><img src=\"http:\/\/www.cssr.news\/wp-content\/uploads\/2026\/04\/Extended.jpeg\" alt=\"\" data-id=\"40910\" data-full-url=\"http:\/\/www.cssr.news\/wp-content\/uploads\/2026\/04\/Extended.jpeg\" data-link=\"https:\/\/www.cssr.news\/?attachment_id=40910\" class=\"wp-image-40910\"\/><\/a><\/figure><\/li><\/ul><\/figure>\n\n\n\n<p>El jueves (segundo d\u00eda) comenz\u00f3 con la celebraci\u00f3n del Sacrificio Eucar\u00edstico y la Liturgia de las Horas, seguidas de sesiones destinadas a fortalecer la coordinaci\u00f3n estructural y la claridad de las pol\u00edticas. La presentaci\u00f3n del Calendario de la Zona Occidental foment\u00f3 la sincronizaci\u00f3n de las actividades apost\u00f3licas, mientras que la revisi\u00f3n de los apostolados comunitarios y de la Viceprovincia en su conjunto proporcion\u00f3 un marco para la rendici\u00f3n de cuentas institucional y la evaluaci\u00f3n del desempe\u00f1o.<\/p>\n\n\n\n<p>Una sesi\u00f3n clave sobre la din\u00e1mica de la sociedad sin efectivo examin\u00f3 las nuevas realidades financieras y sus implicaciones para la administraci\u00f3n eclesial, en particular en lo que respecta a la transparencia y la eficiencia de los cohermanos en el ejercicio de sus responsabilidades administrativas. A continuaci\u00f3n, se llev\u00f3 a cabo un debate cr\u00edtico sobre el &#8220;ministerio privado&#8221;, que clarific\u00f3 la relaci\u00f3n entre las iniciativas apost\u00f3licas individuales y la autoridad de la Viceprovincia, haciendo hincapi\u00e9 en la necesidad de alineaci\u00f3n con el discernimiento comunitario y las prioridades misioneras.<\/p>\n\n\n\n<p>Las sesiones de la tarde abordaron cuestiones pastorales y estructurales urgentes, en particular la sostenibilidad de las parroquias de dos miembros y la posibilidad de su cierre cuando fuera necesario. Estas deliberaciones, llevadas a cabo mediante sesiones en grupos peque\u00f1os y debates plenarios, reflejaron un enfoque pragm\u00e1tico y progresista de la misi\u00f3n en el contexto de las crecientes necesidades pastorales de la Iglesia nigeriana.<\/p>\n\n\n\n<p>El taller tambi\u00e9n incorpor\u00f3 elementos de creatividad y compromiso pastoral, incluyendo reflexiones sobre iniciativas dirigidas a la juventud, como festivales deportivos y concursos con la participaci\u00f3n de asociaciones parroquiales (CWO, CMO, CYON, HMCA), reforzando as\u00ed la importancia del ministerio juvenil dentro de la misi\u00f3n evangelizadora m\u00e1s amplia.<\/p>\n\n\n\n<p>El taller concluy\u00f3 con la Oraci\u00f3n Vespertina y una celebraci\u00f3n final (Gaudeamus), marcando el final de un intenso per\u00edodo de reflexi\u00f3n, evaluaci\u00f3n y planificaci\u00f3n estrat\u00e9gica.<\/p>\n\n\n\n<p>En conclusi\u00f3n, el Taller Ampliado de Liderazgo de la Viceprovincia 2026 fue una herramienta fundamental para profundizar la comprensi\u00f3n del liderazgo como servicio responsable en el contexto redentorista. Al reunir a sacerdotes parroquiales, superiores y l\u00edderes apost\u00f3licos, el taller promovi\u00f3 una visi\u00f3n unificada de la misi\u00f3n, fortaleci\u00f3 las estructuras de rendici\u00f3n de cuentas y foment\u00f3 un liderazgo colaborativo. Los hermanos partieron con un renovado compromiso de ejercer sus responsabilidades como fieles administradores del carisma, los recursos y las personas confiadas a su cuidado, al servicio de la misi\u00f3n evangelizadora de la Iglesia, tal como se plasma en el Plan Pastoral de la Viceprovincia Redentorista de Nigeria.<\/p>\n\n\n\n<p>P. Peter Chijioke Onyeno, CSsR<br>Director de Medios y Comunicaciones,<br>Viceprovincia Redentorista de Nigeria.<\/p>\n","protected":false},"excerpt":{"rendered":"<p>El Taller Ampliado de Liderazgo de la Viceprovincia 2026 se llev\u00f3 a cabo los d\u00edas del 17 al 20 de marzo como un encuentro estrat\u00e9gico y de reflexi\u00f3n. Bajo el lema &#8220;Gesti\u00f3n Responsable como Condici\u00f3n Necesaria para el Liderazgo&#8221;, el taller reuni\u00f3 a p\u00e1rrocos, superiores comunitarios y l\u00edderes de los principales apostolados, incluyendo el Santuario [&hellip;]<\/p>\n","protected":false},"author":3,"featured_media":30677,"comment_status":"closed","ping_status":"closed","sticky":false,"template":"","format":"standard","meta":[],"categories":[16],"tags":[],"_links":{"self":[{"href":"https:\/\/www.cssr.news\/spanish\/wp-json\/wp\/v2\/posts\/30676"}],"collection":[{"href":"https:\/\/www.cssr.news\/spanish\/wp-json\/wp\/v2\/posts"}],"about":[{"href":"https:\/\/www.cssr.news\/spanish\/wp-json\/wp\/v2\/types\/post"}],"author":[{"embeddable":true,"href":"https:\/\/www.cssr.news\/spanish\/wp-json\/wp\/v2\/users\/3"}],"replies":[{"embeddable":true,"href":"https:\/\/www.cssr.news\/spanish\/wp-json\/wp\/v2\/comments?post=30676"}],"version-history":[{"count":4,"href":"https:\/\/www.cssr.news\/spanish\/wp-json\/wp\/v2\/posts\/30676\/revisions"}],"predecessor-version":[{"id":30695,"href":"https:\/\/www.cssr.news\/spanish\/wp-json\/wp\/v2\/posts\/30676\/revisions\/30695"}],"wp:featuredmedia":[{"embeddable":true,"href":"https:\/\/www.cssr.news\/spanish\/wp-json\/wp\/v2\/media\/30677"}],"wp:attachment":[{"href":"https:\/\/www.cssr.news\/spanish\/wp-json\/wp\/v2\/media?parent=30676"}],"wp:term":[{"taxonomy":"category","embeddable":true,"href":"https:\/\/www.cssr.news\/spanish\/wp-json\/wp\/v2\/categories?post=30676"},{"taxonomy":"post_tag","embeddable":true,"href":"https:\/\/www.cssr.news\/spanish\/wp-json\/wp\/v2\/tags?post=30676"}],"curies":[{"name":"wp","href":"https:\/\/api.w.org\/{rel}","templated":true}]}}