{"id":30690,"date":"2026-04-06T09:04:51","date_gmt":"2026-04-06T07:04:51","guid":{"rendered":"https:\/\/www.cssr.news\/spanish\/?p=30690"},"modified":"2026-04-10T21:42:04","modified_gmt":"2026-04-10T19:42:04","slug":"tricentenario-de-san-gerardo-materdomini-se-prepara-para-celebrar-los-300-anos-del-nacimiento-de-san-gerardo-maiella","status":"publish","type":"post","link":"https:\/\/www.cssr.news\/spanish\/2026\/04\/tricentenario-de-san-gerardo-materdomini-se-prepara-para-celebrar-los-300-anos-del-nacimiento-de-san-gerardo-maiella\/","title":{"rendered":"Tricentenario de San Gerardo: Materdomini se prepara para celebrar los 300 a\u00f1os del nacimiento de San Gerardo Maiella"},"content":{"rendered":"\n<p><strong>Lunes, 6 de abril de 2026<\/strong>&nbsp;\u2014 El Lunes de Pascua, Materdomini inaugura oficialmente el a\u00f1o del Tricentenario de San Gerardo, con motivo del 300.\u00ba aniversario del nacimiento de San Gerardo Maiella, nacido el 6 de abril de 1726 en Muro Lucano.<\/p>\n\n\n\n<p>La ceremonia de apertura consistir\u00e1 en la&nbsp;<strong>solemne concelebraci\u00f3n eucar\u00edstica de las 11:00<\/strong>, presidida por&nbsp;<strong>Su Eminencia el cardenal Marcello Semeraro<\/strong>, prefecto de la Congregaci\u00f3n para las Causas de los Santos. Se espera la presencia del Superior General de los Redentoristas&nbsp;<strong>P. Rogerio Gomes<\/strong>, del Superior Provincial&nbsp;<strong>P. Gennaro Sorrentino<\/strong>, de obispos, autoridades civiles y militares, hermanos y numerosos fieles de toda Italia. La preparaci\u00f3n del evento ha corrido a cargo de un&nbsp;<strong>Comit\u00e9<\/strong>&nbsp;espec\u00edfico compuesto por representantes del mundo religioso y civil.<\/p>\n\n\n\n<p><strong>P. Serafino Fiore CSsR<\/strong>, rector del Santuario de Materdomini, explica el sentido de esta jornada:&nbsp;<em>\u00abQueremos que sea simplemente la grandeza de la Eucarist\u00eda la que comente lo extraordinario de esta figura, y del amor que tanta gente le profesa a \u00e9l y a su mensaje espiritual\u00bb.<\/em><\/p>\n\n\n\n<h3>Un a\u00f1o intenso de eventos<\/h3>\n\n\n\n<p>El Tricentenario no se agota en un solo d\u00eda. El padre Serafino adelanta un programa muy completo: jornadas de estudio, jornadas de formaci\u00f3n, un encuentro de la vida consagrada de toda la regi\u00f3n, una jornada de los m\u00e9dicos cat\u00f3licos y concursos escolares para acercar a los j\u00f3venes a la figura del Santo.<\/p>\n\n\n\n<p>Entre las citas m\u00e1s esperadas,&nbsp;<strong>tres exhibiciones extraordinarias de la urna<\/strong>&nbsp;de San Gerardo \u2014en el D\u00eda de las Madres, el 15 de agosto y en una iniciativa dedicada a los municipios m\u00e1s vinculados a su devoci\u00f3n\u2014 adem\u00e1s de la habitual exhibici\u00f3n del segundo domingo de diciembre. Tambi\u00e9n est\u00e1 prevista una&nbsp;<strong>peregrinaci\u00f3n<\/strong>&nbsp;de una reliquia especial con la estatua del Santo, que llegar\u00e1 a las comunidades redentoristas de Polonia durante cuatro meses.<\/p>\n\n\n\n<h3>Materdomini, lugar de espiritualidad viva<\/h3>\n\n\n\n<p>El padre Serafino observa c\u00f3mo ha cambiado con el tiempo la peregrinaci\u00f3n a Materdomini:&nbsp;<em>\u00abAntes se ven\u00eda por tradici\u00f3n, por piedad popular. Hoy vienen personas y familias de un tipo nuevo: se mira a Materdomini como un lugar de espiritualidad, un lugar donde pedir protecci\u00f3n a San Gerardo\u00bb.<\/em><\/p>\n\n\n\n<p>En el centro de esta devoci\u00f3n sigue estando el patrocinio del santo sobre las madres y los ni\u00f1os:&nbsp;<em>\u00abCuando se dice madre, se dice ni\u00f1o, se dice una vida que nace, se dice el amor en estado puro. Es un arco de espiritualidad que se abre muy ampliamente\u00bb.<\/em><\/p>\n\n\n\n<h3>\u00bfQui\u00e9n es San Gerardo para el padre Serafino?<\/h3>\n\n\n\n<p>A esta pregunta personal, el rector responde con sencillez y calidez:&nbsp;<em>\u00abSan Gerardo es el santo de mi vocaci\u00f3n, el primer santo que conoc\u00ed. Una figura fascinante, que vivi\u00f3 plenamente su vida \u2014solo 29 a\u00f1os\u2014 entretejida de milagros y fe.\u00bb<\/em><\/p>\n\n\n\n<p>Y concluye con las palabras que a\u00fan hoy resuenan en \u00e9l:&nbsp;<em>\u00abEn un mundo donde puede prevalecer el des\u00e1nimo, San Gerardo sigue dici\u00e9ndonos:<\/em><\/p>\n\n\n\n<p><em>Con alegr\u00eda, con alegr\u00eda, sigamos adelante con alegr\u00eda\u00bb.<\/em><\/p>\n\n\n\n<p><em>\u00bfQuiere seguir la ceremonia de apertura? La celebraci\u00f3n de las 11:00 tambi\u00e9n estar\u00e1 disponible en\u00a0<\/em><a href=\"https:\/\/www.chiesamia.it\/santuario-san-gerardo-maiella\/redentore\"><strong><em>streaming<\/em><\/strong><\/a><em>.<\/em><\/p>\n\n\n\n<figure class=\"wp-block-embed\"><div class=\"wp-block-embed__wrapper\">\nhttps:\/\/youtube.com\/shorts\/RHXh2owSOKw?feature=share\n<\/div><\/figure>\n\n\n\n<p>Scala News con la colaboraci\u00f3n del P. P. Mazur CSsR<\/p>\n","protected":false},"excerpt":{"rendered":"<p>Lunes, 6 de abril de 2026&nbsp;\u2014 El Lunes de Pascua, Materdomini inaugura oficialmente el a\u00f1o del Tricentenario de San Gerardo, con motivo del 300.\u00ba aniversario del nacimiento de San Gerardo Maiella, nacido el 6 de abril de 1726 en Muro Lucano. La ceremonia de apertura consistir\u00e1 en la&nbsp;solemne concelebraci\u00f3n eucar\u00edstica de las 11:00, presidida por&nbsp;Su [&hellip;]<\/p>\n","protected":false},"author":23,"featured_media":30691,"comment_status":"closed","ping_status":"closed","sticky":false,"template":"","format":"standard","meta":[],"categories":[45],"tags":[],"_links":{"self":[{"href":"https:\/\/www.cssr.news\/spanish\/wp-json\/wp\/v2\/posts\/30690"}],"collection":[{"href":"https:\/\/www.cssr.news\/spanish\/wp-json\/wp\/v2\/posts"}],"about":[{"href":"https:\/\/www.cssr.news\/spanish\/wp-json\/wp\/v2\/types\/post"}],"author":[{"embeddable":true,"href":"https:\/\/www.cssr.news\/spanish\/wp-json\/wp\/v2\/users\/23"}],"replies":[{"embeddable":true,"href":"https:\/\/www.cssr.news\/spanish\/wp-json\/wp\/v2\/comments?post=30690"}],"version-history":[{"count":2,"href":"https:\/\/www.cssr.news\/spanish\/wp-json\/wp\/v2\/posts\/30690\/revisions"}],"predecessor-version":[{"id":30694,"href":"https:\/\/www.cssr.news\/spanish\/wp-json\/wp\/v2\/posts\/30690\/revisions\/30694"}],"wp:featuredmedia":[{"embeddable":true,"href":"https:\/\/www.cssr.news\/spanish\/wp-json\/wp\/v2\/media\/30691"}],"wp:attachment":[{"href":"https:\/\/www.cssr.news\/spanish\/wp-json\/wp\/v2\/media?parent=30690"}],"wp:term":[{"taxonomy":"category","embeddable":true,"href":"https:\/\/www.cssr.news\/spanish\/wp-json\/wp\/v2\/categories?post=30690"},{"taxonomy":"post_tag","embeddable":true,"href":"https:\/\/www.cssr.news\/spanish\/wp-json\/wp\/v2\/tags?post=30690"}],"curies":[{"name":"wp","href":"https:\/\/api.w.org\/{rel}","templated":true}]}}