{"id":30696,"date":"2026-04-07T07:21:00","date_gmt":"2026-04-07T05:21:00","guid":{"rendered":"https:\/\/www.cssr.news\/spanish\/?p=30696"},"modified":"2026-04-10T21:41:42","modified_gmt":"2026-04-10T19:41:42","slug":"italia-celebracion-del-300-aniversario-del-nacimiento-de-san-gerardo-majella-en-materdomini","status":"publish","type":"post","link":"https:\/\/www.cssr.news\/spanish\/2026\/04\/italia-celebracion-del-300-aniversario-del-nacimiento-de-san-gerardo-majella-en-materdomini\/","title":{"rendered":"Italia: Celebraci\u00f3n del 300 aniversario del nacimiento de San Gerardo Majella en Materdomini"},"content":{"rendered":"\n<p>El 6 de abril de 2026 se conmemor\u00f3 el 300 aniversario del nacimiento de San Gerardo Majella. San Gerardo naci\u00f3 en Muro Lucano el 6 de abril de 1726. Sus restos mortales reposan hoy en la Bas\u00edlica de San Gerardo Majella en Materdomini, donde pas\u00f3 los \u00faltimos meses de su vida y falleci\u00f3 el 16 de octubre de 1755, a la edad de 29 a\u00f1os.<\/p>\n\n\n\n<p>El tricentenario del nacimiento de San Gerardo Majella se celebr\u00f3 de manera solemne y profundamente espiritual. El 6 de abril de 2026 coincidi\u00f3 con el Lunes de Pascua. Fue providencial que los Redentoristas celebraran esta ocasi\u00f3n especial en esa fecha, dada la profunda uni\u00f3n personal de Gerardo con el Se\u00f1or Crucificado y Resucitado.<\/p>\n\n\n\n<p>El d\u00eda estuvo marcado por una solemne celebraci\u00f3n eucar\u00edstica. El celebrante principal fue Su Eminencia el Cardenal Marcello Semeraro, Prefecto de la Congregaci\u00f3n para las Causas de los Santos. El cardenal Semeraro expres\u00f3 su alegr\u00eda por poder estar presente y presidir la Misa del Tricentenario, dada su devoci\u00f3n personal a San Gerardo y el hecho de que su oficina en el Dicasterio para los Santos conserva una copia del cuadro utilizado como estandarte para la canonizaci\u00f3n de San Gerardo: el episodio del \u00e9xtasis de San Gerardo a la puerta de la comunidad Materdomini entre los pobres, con el flautista ciego interpretando la composici\u00f3n de San Alfonso<em> &#8220;Tu gusto, no el m\u00edo&#8221;.<\/em><\/p>\n\n\n\n<figure class=\"wp-block-image size-large\"><a href=\"https:\/\/www.cssr.news\/spanish\/wp-content\/uploads\/sites\/3\/2026\/04\/Gerardo-21-1.jpeg\"><img width=\"1024\" height=\"682\" src=\"https:\/\/www.cssr.news\/spanish\/wp-content\/uploads\/sites\/3\/2026\/04\/Gerardo-21-1-1024x682.jpeg\" alt=\"\" class=\"wp-image-30701\" srcset=\"https:\/\/www.cssr.news\/spanish\/wp-content\/uploads\/sites\/3\/2026\/04\/Gerardo-21-1-1024x682.jpeg 1024w, https:\/\/www.cssr.news\/spanish\/wp-content\/uploads\/sites\/3\/2026\/04\/Gerardo-21-1-300x200.jpeg 300w, https:\/\/www.cssr.news\/spanish\/wp-content\/uploads\/sites\/3\/2026\/04\/Gerardo-21-1-768x512.jpeg 768w, https:\/\/www.cssr.news\/spanish\/wp-content\/uploads\/sites\/3\/2026\/04\/Gerardo-21-1-1536x1023.jpeg 1536w, https:\/\/www.cssr.news\/spanish\/wp-content\/uploads\/sites\/3\/2026\/04\/Gerardo-21-1-696x464.jpeg 696w, https:\/\/www.cssr.news\/spanish\/wp-content\/uploads\/sites\/3\/2026\/04\/Gerardo-21-1-1068x712.jpeg 1068w, https:\/\/www.cssr.news\/spanish\/wp-content\/uploads\/sites\/3\/2026\/04\/Gerardo-21-1-630x420.jpeg 630w, https:\/\/www.cssr.news\/spanish\/wp-content\/uploads\/sites\/3\/2026\/04\/Gerardo-21-1.jpeg 1600w\" sizes=\"(max-width: 1024px) 100vw, 1024px\" \/><\/a><\/figure>\n\n\n\n<p>Estuvieron presentes en la Eucarist\u00eda el arzobispo Mons. Pasquale Cascio de Sant&#8217;Angelo dei Lombardi-Conza-Nusco-Bisaccia, quien dio una c\u00e1lida bienvenida al cardenal Semeraro al comienzo de la celebraci\u00f3n eucar\u00edstica en nombre del clero y del pueblo de la archidi\u00f3cesis a la que pertenece Materdomini. Estuvieron presentes el arzobispo Davide Carbonaro de Potenza y el abad Riccardo Guariglia de Montevergine; el padre general Rog\u00e9rio Gomes, C.Ss.R., el hermano Larry Lujan, C.Ss.R. en representaci\u00f3n de los Hermanos de la Congregaci\u00f3n, los consultores generales: el padre Nicolas Ayouba, C.Ss.R., el padre Joseph Ivel Mendanha, C.Ss.R.; el padre Vicente Soria Fleitas, C.Ss.R., tesorero general, junto con cohermanos de la comunidad de San Alfonso en Roma. El Superior Provincial de la Provincia del Sur de Europa, Padre Gennaro Sorrentino, C.Ss.R., junto con numerosos hermanos de Pagani, Ciorani, Avellino, Marianella en N\u00e1poles, as\u00ed como el Superior, Padre Serafino Fiore, C.Ss.R., y miembros de la comunidad Materdomini, sacerdotes de la di\u00f3cesis, autoridades civiles y militares, hermanos y numerosos fieles de toda Italia se reunieron para la celebraci\u00f3n, que tuvo lugar en la Chiesa Grande con una transmisi\u00f3n en vivo desde la Bas\u00edlica para que todos pudieran participar.<\/p>\n\n\n\n<figure class=\"wp-block-gallery columns-3 is-cropped\"><ul class=\"blocks-gallery-grid\"><li class=\"blocks-gallery-item\"><figure><a href=\"http:\/\/www.cssr.news\/wp-content\/uploads\/2026\/04\/Gerardo-9.jpeg\"><img src=\"http:\/\/www.cssr.news\/wp-content\/uploads\/2026\/04\/Gerardo-9-1024x682.jpeg\" alt=\"\" data-id=\"40979\" data-full-url=\"http:\/\/www.cssr.news\/wp-content\/uploads\/2026\/04\/Gerardo-9.jpeg\" data-link=\"https:\/\/www.cssr.news\/?attachment_id=40979\" class=\"wp-image-40979\"\/><\/a><\/figure><\/li><li class=\"blocks-gallery-item\"><figure><a href=\"http:\/\/www.cssr.news\/wp-content\/uploads\/2026\/04\/Gerardo-7.jpeg\"><img src=\"http:\/\/www.cssr.news\/wp-content\/uploads\/2026\/04\/Gerardo-7-1024x682.jpeg\" alt=\"\" data-id=\"40981\" data-full-url=\"http:\/\/www.cssr.news\/wp-content\/uploads\/2026\/04\/Gerardo-7.jpeg\" data-link=\"https:\/\/www.cssr.news\/?attachment_id=40981\" class=\"wp-image-40981\"\/><\/a><\/figure><\/li><li class=\"blocks-gallery-item\"><figure><a href=\"http:\/\/www.cssr.news\/wp-content\/uploads\/2026\/04\/Gerardo-8.jpeg\"><img src=\"http:\/\/www.cssr.news\/wp-content\/uploads\/2026\/04\/Gerardo-8-1024x682.jpeg\" alt=\"\" data-id=\"40980\" data-full-url=\"http:\/\/www.cssr.news\/wp-content\/uploads\/2026\/04\/Gerardo-8.jpeg\" data-link=\"https:\/\/www.cssr.news\/?attachment_id=40980\" class=\"wp-image-40980\"\/><\/a><\/figure><\/li><li class=\"blocks-gallery-item\"><figure><a href=\"http:\/\/www.cssr.news\/wp-content\/uploads\/2026\/04\/Gerardo-4.jpeg\"><img src=\"http:\/\/www.cssr.news\/wp-content\/uploads\/2026\/04\/Gerardo-4-1024x682.jpeg\" alt=\"\" data-id=\"40984\" data-full-url=\"http:\/\/www.cssr.news\/wp-content\/uploads\/2026\/04\/Gerardo-4.jpeg\" data-link=\"https:\/\/www.cssr.news\/?attachment_id=40984\" class=\"wp-image-40984\"\/><\/a><\/figure><\/li><li class=\"blocks-gallery-item\"><figure><a href=\"http:\/\/www.cssr.news\/wp-content\/uploads\/2026\/04\/Gerardo-3.jpeg\"><img src=\"http:\/\/www.cssr.news\/wp-content\/uploads\/2026\/04\/Gerardo-3-1024x682.jpeg\" alt=\"\" data-id=\"40985\" data-full-url=\"http:\/\/www.cssr.news\/wp-content\/uploads\/2026\/04\/Gerardo-3.jpeg\" data-link=\"https:\/\/www.cssr.news\/?attachment_id=40985\" class=\"wp-image-40985\"\/><\/a><\/figure><\/li><li class=\"blocks-gallery-item\"><figure><a href=\"http:\/\/www.cssr.news\/wp-content\/uploads\/2026\/04\/Gerardo-5.jpeg\"><img src=\"http:\/\/www.cssr.news\/wp-content\/uploads\/2026\/04\/Gerardo-5-1024x682.jpeg\" alt=\"\" data-id=\"40983\" data-full-url=\"http:\/\/www.cssr.news\/wp-content\/uploads\/2026\/04\/Gerardo-5.jpeg\" data-link=\"https:\/\/www.cssr.news\/?attachment_id=40983\" class=\"wp-image-40983\"\/><\/a><\/figure><\/li><li class=\"blocks-gallery-item\"><figure><a href=\"http:\/\/www.cssr.news\/wp-content\/uploads\/2026\/04\/Gerardo-22.jpeg\"><img src=\"http:\/\/www.cssr.news\/wp-content\/uploads\/2026\/04\/Gerardo-22-1024x682.jpeg\" alt=\"\" data-id=\"40966\" data-full-url=\"http:\/\/www.cssr.news\/wp-content\/uploads\/2026\/04\/Gerardo-22.jpeg\" data-link=\"https:\/\/www.cssr.news\/?attachment_id=40966\" class=\"wp-image-40966\"\/><\/a><\/figure><\/li><li class=\"blocks-gallery-item\"><figure><a href=\"http:\/\/www.cssr.news\/wp-content\/uploads\/2026\/04\/Gerardo-2.jpeg\"><img src=\"http:\/\/www.cssr.news\/wp-content\/uploads\/2026\/04\/Gerardo-2-1024x682.jpeg\" alt=\"\" data-id=\"40986\" data-full-url=\"http:\/\/www.cssr.news\/wp-content\/uploads\/2026\/04\/Gerardo-2.jpeg\" data-link=\"https:\/\/www.cssr.news\/?attachment_id=40986\" class=\"wp-image-40986\"\/><\/a><\/figure><\/li><\/ul><\/figure>\n\n\n\n<p>El cardenal Semeraro destac\u00f3 la vida y la espiritualidad de San Gerardo, haciendo hincapi\u00e9 en dos aspectos fundamentales: su constante deseo de cumplir la voluntad de Dios en sus actividades diarias y su capacidad para manifestar su amor a Dios a trav\u00e9s del amor a sus hermanos y hermanas, especialmente a los pobres. Estos dos aspectos son m\u00e1s relevantes que nunca, lo que convierte a San Gerardo en un santo de atractivo universal incluso hoy.<\/p>\n\n\n\n<p>El P. Rog\u00e9rio Gomes, C.Ss.R., Superior General, agradeci\u00f3 al cardenal al finalizar la celebraci\u00f3n eucar\u00edstica su presencia, su homil\u00eda y su constante cercan\u00eda a los Redentoristas. Subray\u00f3 la vida multifac\u00e9tica de San Gerardo, quien, como hermano consagrado, se desempe\u00f1\u00f3 como portero, recepcionista, sastre, carpintero y artista, visitando a la gente en las misiones, a los enfermos y afligidos, orando y bendici\u00e9ndolos, especialmente a los ni\u00f1os enfermos, a las parejas sin hijos y a las mujeres embarazadas. Tambi\u00e9n trabaj\u00f3 en la recaudaci\u00f3n de fondos, fue director espiritual de las monjas y predic\u00f3 retiros para ellas. Todo esto durante los pocos a\u00f1os que vivi\u00f3 como redentorista (de 1749 a 1755), convirti\u00e9ndose as\u00ed en un ejemplo a seguir para todos los redentoristas, pero especialmente para los Hermanos.<\/p>\n\n\n\n<figure class=\"wp-block-gallery columns-3 is-cropped\"><ul class=\"blocks-gallery-grid\"><li class=\"blocks-gallery-item\"><figure><a href=\"http:\/\/www.cssr.news\/wp-content\/uploads\/2026\/04\/Gerardo-19.jpeg\"><img src=\"http:\/\/www.cssr.news\/wp-content\/uploads\/2026\/04\/Gerardo-19-1024x682.jpeg\" alt=\"\" data-id=\"40969\" data-full-url=\"http:\/\/www.cssr.news\/wp-content\/uploads\/2026\/04\/Gerardo-19.jpeg\" data-link=\"https:\/\/www.cssr.news\/?attachment_id=40969\" class=\"wp-image-40969\"\/><\/a><\/figure><\/li><li class=\"blocks-gallery-item\"><figure><a href=\"http:\/\/www.cssr.news\/wp-content\/uploads\/2026\/04\/Gerardo-20.jpeg\"><img src=\"http:\/\/www.cssr.news\/wp-content\/uploads\/2026\/04\/Gerardo-20-1024x682.jpeg\" alt=\"\" data-id=\"40968\" data-full-url=\"http:\/\/www.cssr.news\/wp-content\/uploads\/2026\/04\/Gerardo-20.jpeg\" data-link=\"https:\/\/www.cssr.news\/?attachment_id=40968\" class=\"wp-image-40968\"\/><\/a><\/figure><\/li><li class=\"blocks-gallery-item\"><figure><a href=\"http:\/\/www.cssr.news\/wp-content\/uploads\/2026\/04\/Gerardo-1.jpeg\"><img src=\"http:\/\/www.cssr.news\/wp-content\/uploads\/2026\/04\/Gerardo-1-1024x682.jpeg\" alt=\"\" data-id=\"40965\" data-full-url=\"http:\/\/www.cssr.news\/wp-content\/uploads\/2026\/04\/Gerardo-1.jpeg\" data-link=\"https:\/\/www.cssr.news\/?attachment_id=40965\" class=\"wp-image-40965\"\/><\/a><\/figure><\/li><li class=\"blocks-gallery-item\"><figure><a href=\"http:\/\/www.cssr.news\/wp-content\/uploads\/2026\/04\/Gerardo-18.jpeg\"><img src=\"http:\/\/www.cssr.news\/wp-content\/uploads\/2026\/04\/Gerardo-18-1024x682.jpeg\" alt=\"\" data-id=\"40970\" data-full-url=\"http:\/\/www.cssr.news\/wp-content\/uploads\/2026\/04\/Gerardo-18.jpeg\" data-link=\"https:\/\/www.cssr.news\/?attachment_id=40970\" class=\"wp-image-40970\"\/><\/a><\/figure><\/li><li class=\"blocks-gallery-item\"><figure><a href=\"http:\/\/www.cssr.news\/wp-content\/uploads\/2026\/04\/Gerardo-17.jpeg\"><img src=\"http:\/\/www.cssr.news\/wp-content\/uploads\/2026\/04\/Gerardo-17-1024x682.jpeg\" alt=\"\" data-id=\"40971\" data-full-url=\"http:\/\/www.cssr.news\/wp-content\/uploads\/2026\/04\/Gerardo-17.jpeg\" data-link=\"https:\/\/www.cssr.news\/?attachment_id=40971\" class=\"wp-image-40971\"\/><\/a><\/figure><\/li><li class=\"blocks-gallery-item\"><figure><a href=\"http:\/\/www.cssr.news\/wp-content\/uploads\/2026\/04\/Gerardo-16.jpeg\"><img src=\"http:\/\/www.cssr.news\/wp-content\/uploads\/2026\/04\/Gerardo-16-1024x682.jpeg\" alt=\"\" data-id=\"40972\" data-full-url=\"http:\/\/www.cssr.news\/wp-content\/uploads\/2026\/04\/Gerardo-16.jpeg\" data-link=\"https:\/\/www.cssr.news\/?attachment_id=40972\" class=\"wp-image-40972\"\/><\/a><\/figure><\/li><li class=\"blocks-gallery-item\"><figure><a href=\"http:\/\/www.cssr.news\/wp-content\/uploads\/2026\/04\/Gerardo-15.jpeg\"><img src=\"http:\/\/www.cssr.news\/wp-content\/uploads\/2026\/04\/Gerardo-15-1024x682.jpeg\" alt=\"\" data-id=\"40973\" data-full-url=\"http:\/\/www.cssr.news\/wp-content\/uploads\/2026\/04\/Gerardo-15.jpeg\" data-link=\"https:\/\/www.cssr.news\/?attachment_id=40973\" class=\"wp-image-40973\"\/><\/a><\/figure><\/li><li class=\"blocks-gallery-item\"><figure><a href=\"http:\/\/www.cssr.news\/wp-content\/uploads\/2026\/04\/Gerardo-14.jpeg\"><img src=\"http:\/\/www.cssr.news\/wp-content\/uploads\/2026\/04\/Gerardo-14-1024x682.jpeg\" alt=\"\" data-id=\"40974\" data-full-url=\"http:\/\/www.cssr.news\/wp-content\/uploads\/2026\/04\/Gerardo-14.jpeg\" data-link=\"https:\/\/www.cssr.news\/?attachment_id=40974\" class=\"wp-image-40974\"\/><\/a><\/figure><\/li><\/ul><\/figure>\n\n\n\n<p>Tras la solemne celebraci\u00f3n eucar\u00edstica en la iglesia principal, los concelebrantes y el Cardenal se dirigieron en procesi\u00f3n a la Bas\u00edlica para venerar y orar ante la tumba de San Gerardo, que alberga sus reliquias, mientras el coro cantaba el famoso himno a San Gerardo: <em>\u00ab\u00a1Mi San Gerardo, ruega por m\u00ed!\u00bb<\/em>.<\/p>\n\n\n\n<p>La presencia de miles de fieles de los pueblos de los alrededores \u2014incluidas las parroquias redentoristas de Ciorani, Avellino, Pagani y otros lugares frecuentados por San Gerardo, en particular los fieles de Muro Lucano acompa\u00f1ados por sus p\u00e1rrocos\u2014 fue testimonio de la popularidad que San Gerardo a\u00fan conserva entre la gente. Diez cohermanos se turnaron en el confesionario a lo largo del d\u00eda, recordando la gracia de la reconciliaci\u00f3n tan querida por San Gerardo.<\/p>\n\n\n\n<figure class=\"wp-block-gallery columns-3 is-cropped\"><ul class=\"blocks-gallery-grid\"><li class=\"blocks-gallery-item\"><figure><a href=\"http:\/\/www.cssr.news\/wp-content\/uploads\/2026\/04\/Gerardo-11.jpeg\"><img src=\"http:\/\/www.cssr.news\/wp-content\/uploads\/2026\/04\/Gerardo-11-1024x682.jpeg\" alt=\"\" data-id=\"40977\" data-full-url=\"http:\/\/www.cssr.news\/wp-content\/uploads\/2026\/04\/Gerardo-11.jpeg\" data-link=\"https:\/\/www.cssr.news\/?attachment_id=40977\" class=\"wp-image-40977\"\/><\/a><\/figure><\/li><li class=\"blocks-gallery-item\"><figure><a href=\"http:\/\/www.cssr.news\/wp-content\/uploads\/2026\/04\/Gerardo-12.jpeg\"><img src=\"http:\/\/www.cssr.news\/wp-content\/uploads\/2026\/04\/Gerardo-12-1024x682.jpeg\" alt=\"\" data-id=\"40976\" data-full-url=\"http:\/\/www.cssr.news\/wp-content\/uploads\/2026\/04\/Gerardo-12.jpeg\" data-link=\"https:\/\/www.cssr.news\/?attachment_id=40976\" class=\"wp-image-40976\"\/><\/a><\/figure><\/li><li class=\"blocks-gallery-item\"><figure><a href=\"http:\/\/www.cssr.news\/wp-content\/uploads\/2026\/04\/Gerardo-13.jpeg\"><img src=\"http:\/\/www.cssr.news\/wp-content\/uploads\/2026\/04\/Gerardo-13-1024x682.jpeg\" alt=\"\" data-id=\"40975\" data-full-url=\"http:\/\/www.cssr.news\/wp-content\/uploads\/2026\/04\/Gerardo-13.jpeg\" data-link=\"https:\/\/www.cssr.news\/?attachment_id=40975\" class=\"wp-image-40975\"\/><\/a><\/figure><\/li><\/ul><\/figure>\n\n\n\n<p>Todas las parroquias redentoristas del sur de Italia celebrar\u00e1n este acontecimiento especial \u2014el tricentenario del nacimiento de San Gerardo\u2014 con diversas iniciativas a lo largo del a\u00f1o del tricentenario. La oraci\u00f3n con la que concluye la homil\u00eda del Cardenal Semeraro es una oraci\u00f3n que todos podemos hacer nuestra: <em>\u00abSe\u00f1or, que en este sacramento te entregas por completo a nosotros, conc\u00e9denos que, como San Gerardo, aprendamos tambi\u00e9n de ti a servir a nuestros hermanos y hermanas sin medida, con un coraz\u00f3n libre y lleno de caridad. Am\u00e9n\u00bb<\/em>.<\/p>\n\n\n\n<p>P. Joseph Ivel Mendanha, C.Ss.R. <br>Consultor General<\/p>\n","protected":false},"excerpt":{"rendered":"<p>El 6 de abril de 2026 se conmemor\u00f3 el 300 aniversario del nacimiento de San Gerardo Majella. San Gerardo naci\u00f3 en Muro Lucano el 6 de abril de 1726. Sus restos mortales reposan hoy en la Bas\u00edlica de San Gerardo Majella en Materdomini, donde pas\u00f3 los \u00faltimos meses de su vida y falleci\u00f3 el 16 [&hellip;]<\/p>\n","protected":false},"author":3,"featured_media":30697,"comment_status":"closed","ping_status":"closed","sticky":false,"template":"","format":"standard","meta":[],"categories":[45],"tags":[],"_links":{"self":[{"href":"https:\/\/www.cssr.news\/spanish\/wp-json\/wp\/v2\/posts\/30696"}],"collection":[{"href":"https:\/\/www.cssr.news\/spanish\/wp-json\/wp\/v2\/posts"}],"about":[{"href":"https:\/\/www.cssr.news\/spanish\/wp-json\/wp\/v2\/types\/post"}],"author":[{"embeddable":true,"href":"https:\/\/www.cssr.news\/spanish\/wp-json\/wp\/v2\/users\/3"}],"replies":[{"embeddable":true,"href":"https:\/\/www.cssr.news\/spanish\/wp-json\/wp\/v2\/comments?post=30696"}],"version-history":[{"count":6,"href":"https:\/\/www.cssr.news\/spanish\/wp-json\/wp\/v2\/posts\/30696\/revisions"}],"predecessor-version":[{"id":30708,"href":"https:\/\/www.cssr.news\/spanish\/wp-json\/wp\/v2\/posts\/30696\/revisions\/30708"}],"wp:featuredmedia":[{"embeddable":true,"href":"https:\/\/www.cssr.news\/spanish\/wp-json\/wp\/v2\/media\/30697"}],"wp:attachment":[{"href":"https:\/\/www.cssr.news\/spanish\/wp-json\/wp\/v2\/media?parent=30696"}],"wp:term":[{"taxonomy":"category","embeddable":true,"href":"https:\/\/www.cssr.news\/spanish\/wp-json\/wp\/v2\/categories?post=30696"},{"taxonomy":"post_tag","embeddable":true,"href":"https:\/\/www.cssr.news\/spanish\/wp-json\/wp\/v2\/tags?post=30696"}],"curies":[{"name":"wp","href":"https:\/\/api.w.org\/{rel}","templated":true}]}}