{"id":30709,"date":"2026-04-08T09:37:56","date_gmt":"2026-04-08T07:37:56","guid":{"rendered":"https:\/\/www.cssr.news\/spanish\/?p=30709"},"modified":"2026-04-08T09:56:42","modified_gmt":"2026-04-08T07:56:42","slug":"san-gerardo-majella-el-loco-de-dios","status":"publish","type":"post","link":"https:\/\/www.cssr.news\/spanish\/2026\/04\/san-gerardo-majella-el-loco-de-dios\/","title":{"rendered":"San Gerardo Majella, &#8220;El Loco de Dios&#8221;"},"content":{"rendered":"\n<p>Homil\u00eda de Su Excelencia el Cardenal Marcello Semeraro, pronunciada en el Santuario de Materdomini el 6 de abril de 2026, con motivo del 300 aniversario del nacimiento de San Gerardo<\/p>\n\n\n\n<p>Acept\u00e9 con gusto la invitaci\u00f3n a celebrar esta Eucarist\u00eda con ustedes y as\u00ed dar inicio al A\u00f1o de San Gerardo, establecido para el tercer centenario del nacimiento de nuestro amado San Gerardo. Es un santo muy familiar para m\u00ed, aunque solo sea porque su imagen me acompa\u00f1a constantemente en mi servicio diario en el Dicasterio para las Causas de los Santos. De hecho, en mi oficina hay un cuadro de Giovanni Gagliardi, pintor activo en Roma y Lacio a principios del siglo pasado. Lo cre\u00f3 en 1905, reproduciendo el estandarte que \u00e9l mismo prepar\u00f3 y port\u00f3 en procesi\u00f3n durante el rito de canonizaci\u00f3n de San Gerardo, celebrado por San P\u00edo X el 11 de diciembre del a\u00f1o anterior. Fue el primer rito de canonizaci\u00f3n presidido por el nuevo Papa (cf. \u00abOsservatore Romano\u00bb, 12 de diciembre de 1904, p. 1).<\/p>\n\n\n\n<p>El episodio representado en la pintura es bien conocido. Su protagonista es un pobre ciego, Filippo Falcone, que tocaba la flauta en la porter\u00eda del convento de Materdomini para obtener limosna. Al verlo entre muchos otros pobres, el hermano Gerard le pidi\u00f3 que tocara. \u00ab\u00bfQu\u00e9 quieres que toque?\u00bb, respondi\u00f3 el ciego, y a cambio, Gerard le propuso \u00ab<em>Il tuo gusto, e non il mio amo solo in Te, mio Dio<\/em>,\u00bb, un canto escrito por San Alfonso. En cuanto el ciego comenz\u00f3 a tocar la melod\u00eda, Gerardo entr\u00f3 en \u00e9xtasis: \u00abSe le vio con los ojos alzados al cielo, elevado sobre la tierra, ante los ojos at\u00f3nitos de todos los que lo rodeaban, quienes, con gran asombro, le contaron al ciego lo que suced\u00eda ante sus ojos\u00bb (Positio super virtutibus, I, Romae 1871, pp. 31-32).<\/p>\n\n\n\n<p>Es precisamente a esto, pues, a lo que deseo, como primer punto, llamar nuestra atenci\u00f3n: al constante esfuerzo de San Gerardo por conformar su voluntad a la de Dios, y tambi\u00e9n al hecho de que esto era para \u00e9l fuente de profunda alegr\u00eda interior. A menudo repet\u00eda: \u00ab\u00a1La voluntad de Dios! \u00a1Oh, cu\u00e1n dichoso es aquel que no sabe querer otra cosa que la voluntad de Dios!\u00bb (Ibid. II, p. 35). Cabe explicar, sin embargo, que para Gerardo, cumplir la voluntad divina, en los caminos y tiempos establecidos por Dios, iba mucho m\u00e1s all\u00e1 de la simple obediencia. En efecto, uno puede obedecer incluso a rega\u00f1adientes, sin compartir internamente lo que se le pide; la peque\u00f1a canci\u00f3n que Gerardo quer\u00eda tocar para el ciego Felipe dice, en cambio: \u00ab<em>Il tuo gusto, e non il mio amo solo in Te, mio Dio<\/em>,\u00bb. Con toda raz\u00f3n, pues, el padre S. Majorano habla de uniformidad con la voluntad de Dios, explicando que \u00abera el anhelo constante de Gerardo, incluso en su lecho de muerte\u00bb (<em>La spiritualit\u00e0 gerardina<\/em>, en \u00abSpicilegium Historicum\u00bb XLII [1994], p. 100).<\/p>\n\n\n\n<p>La palabra \u00abuniformidad\u00bb nos ayuda a comprender que \u00e9l no ve\u00eda la voluntad de Dios como algo externo, sino como algo digno de amor, algo que se puede hacer propio. San Gerardo se conform\u00f3 a la voluntad de Dios, buscando adaptarse completamente a lo que Dios quer\u00eda. Y esto era precisamente lo que San Alfonso quer\u00eda decir cuando hizo cantar al pueblo: \u00ab<em>Il tuo gusto, e non il mio<\/em>\u00bb. De hecho, quer\u00eda decir que debemos dejar de lado nuestros propios deseos, nuestras propias preferencias e incluso nuestros consuelos espirituales, para buscar solo lo que agrada a Dios. Reflexionando sobre esto plenamente, tambi\u00e9n se revela la posibilidad de caer en la trampa de ese sutil ego\u00edsmo que \u2014reconozc\u00e1moslo con humildad\u2014 puede infiltrarse en la fe, cuando amamos a Dios solo porque nos consuela o nos hace sentir bien. Para San Alfonso, y por lo tanto tambi\u00e9n para su disc\u00edpulo San Gerardo, debemos encomendarnos a Dios total y confiadamente, y debemos aprender a amar seg\u00fan la voluntad de Dios y no seg\u00fan nuestros propios gustos.<\/p>\n\n\n\n<p>Esto, sin embargo, no agota la importancia del &#8220;fiat&#8221; de San Gerardo a la voluntad divina. Cabe a\u00f1adir que el suyo fue un &#8220;s\u00ed&#8221; gozoso, consciente y confiado; un &#8220;s\u00ed&#8221; que lo condujo a la madurez interior. Se encomend\u00f3 a su &#8220;Dios querido&#8221; (como le gustaba decir), seguro de que la voluntad divina era un plan para cada ser humano, un plan de vida, plenitud y aut\u00e9ntica felicidad. De hecho, estaba convencido de que solo as\u00ed es posible continuar, en beneficio de los dem\u00e1s, la obra salvadora de la cruz de Cristo. Por esta raz\u00f3n, su &#8220;s\u00ed&#8221; se mantuvo confiado y generoso incluso en el sufrimiento, hasta tal punto que los testigos del proceso de beatificaci\u00f3n y canonizaci\u00f3n relatan que incluso en las circunstancias m\u00e1s dif\u00edciles sol\u00eda mostrarse sereno. Tambi\u00e9n puede decirse que durante su vida terrenal, San Gerardo practic\u00f3 diversas formas de penitencia: ayuno, mortificaci\u00f3n y otras austeridades\u2026 pero el mismo decreto con el que San P\u00edo X lo canoniz\u00f3 explica que precisamente en esas penitencias, el Se\u00f1or a\u00f1adi\u00f3 dones espirituales que lo sostuvieron y fortalecieron. <\/p>\n\n\n\n<p>Dicho esto, debemos recordar la otra cara de la moneda: que, por amor a Dios y arraigado en \u00c9l, San Gerardo am\u00f3 a sus hermanos con gran intensidad, especialmente a los pobres y necesitados. Los llam\u00f3 \u00ablos pobres de Jesucristo y sus hermanos\u00bb. A veces \u2014debemos admitirlo con humildad\u2014 olvidamos que el Se\u00f1or Jes\u00fas uni\u00f3 los dos mandamientos del amor a Dios y al pr\u00f3jimo en una unidad indisoluble, como cuando, en singular, nos dice: \u00abNo hay otro mandamiento mayor que estos\u00bb (Marcos 12:31). En este sentido, San Gregorio Magno ense\u00f1\u00f3 que \u00abel amor al pr\u00f3jimo nace del amor a Dios, y el amor al pr\u00f3jimo se nutre del amor a Dios. Quien descuida el amor a Dios no sabe amar a su pr\u00f3jimo; mientras que progresamos m\u00e1s aut\u00e9nticamente en el amor a Dios si primero recibimos la leche de la caridad pr\u00f3jima del regazo de su amor\u00bb (Moralia VII, 24, 28: PL 75, 780). <\/p>\n\n\n\n<p>San Gerardo vivi\u00f3 este maravilloso principio de la vida cristiana con luminosidad. Entre los muchos episodios edificantes de su vida, cito uno tan significativo que fue citado por san P\u00edo X en el decreto de canonizaci\u00f3n (cf. Litt. Decr. Haud tenuit [11 dic. 1904]: ASS 39 \u2013 1906, p. 516). Un testigo lo describe as\u00ed: \u00abUn d\u00eda en la Porter\u00eda\u2026 alguien se present\u00f3\u2026 mostr\u00e1ndole una pierna corro\u00edda por una herida f\u00e9tida y gangrenosa. El Siervo de Dios no pudo soportar la visi\u00f3n. Comenz\u00f3 a succionarla con la boca y a secarla con las manos; y Dios llen\u00f3 ese acto de singular caridad con la curaci\u00f3n instant\u00e1nea de aquel desdichado hombre, quien no dejaba de exclamar que hab\u00eda tenido la suerte de tratar con un santo que le hab\u00eda realizado un gran milagro\u00bb (Positio cit., I, p. 41). Ante semejante gesto, la reacci\u00f3n humana es de consternaci\u00f3n\u2026 Quiz\u00e1s, para atenuar el disgusto o alcanzar la verdad hist\u00f3rica del hecho, digamos que las cosas no sucedieron exactamente as\u00ed\u2026 En cualquier caso, esa era la \u00ablocura\u00bb de San Gerardo: una locura nacida de la plenitud de su amor por Dios y traducida en caridad concreta hacia el pr\u00f3jimo. Se le ha llamado el <em>peque\u00f1o loco de Dios<\/em>.<\/p>\n\n\n\n<p>Por cierto, un testigo relata que \u00aben ocasiones, frente al Tabern\u00e1culo, tras un \u00e9xtasis prolongado, se le ve\u00eda riendo; y cuando el Superior le ped\u00eda que explicara el motivo, \u00e9l, ingenuamente, afirmaba haber o\u00eddo una voz del propio Tabern\u00e1culo que dec\u00eda: \u201c\u00a1Loco\u2026 Loco! \u00a1Llegar\u00e1 el d\u00eda en que te consolar\u00e1s por esta locura tuya!\u201d. A lo que \u00e9l mismo respond\u00eda a menudo: \u201cSe\u00f1or, \u00bfacaso no soy yo quien aprende la locura de ti?\u201d. Porque, siendo un Dios infinito, te has encerrado en una estricta Custodia por amor a m\u00ed\u00bb (Positio cit., I, p. 26).<\/p>\n\n\n\n<p>\u00bfQu\u00e9 puedo decir? En un estudio sobre la santidad de San Gerardo, le\u00ed que \u00abal imitar a Cristo, solo hab\u00eda una cosa que no pod\u00eda imitar, como s\u00ed lo hicieron San Francisco y San Luis: la pobreza, a pesar de ser rico. \u00c9l, Gerardo, siempre fue pobre: \u200b\u200bdesde su primer llanto hasta su \u00faltimo aliento. Y entonces imit\u00f3 su locura, la de la Cruz. Que no es locura, quiz\u00e1s sea \u201cel \u00faltimo refugio del amor\u201d\u00bb (A. De Spirito, <em>Gerardo Maiella e la religiosit\u00e0 popolare del suo tempo<\/em>, en \u00abSpicilegium Historicum\u00bb, cit., p. 88). San Gerardo aprendi\u00f3 todo esto de la Eucarist\u00eda, de modo que transform\u00f3 la \u00ablocura\u00bb del amor en servicio, disponibilidad y entrega total a sus hermanos.<\/p>\n\n\n\n<p>La unidad entre el amor a Dios y el amor al pr\u00f3jimo, queridos hermanos, es el coraz\u00f3n de la vida cristiana. Hoy llevamos con nosotros este recuerdo de San Gerardo. As\u00ed pues, al celebrar la Eucarist\u00eda, en lo m\u00e1s profundo de nuestro coraz\u00f3n le decimos a Jes\u00fas: \u00abSe\u00f1or, que en este Sacramento te entregas por completo a nosotros, conc\u00e9denos que, como San Gerardo, aprendamos tambi\u00e9n de ti a servir a nuestros hermanos y hermanas sin medida, con un coraz\u00f3n libre y lleno de caridad. Am\u00e9n\u00bb.<\/p>\n\n\n\n<p><em>Santuario de Materdomini (Av), 6 de abril de 2026<\/em><\/p>\n\n\n\n<p>Cardenal Marcello Semeraro<\/p>\n","protected":false},"excerpt":{"rendered":"<p>Homil\u00eda de Su Excelencia el Cardenal Marcello Semeraro, pronunciada en el Santuario de Materdomini el 6 de abril de 2026, con motivo del 300 aniversario del nacimiento de San Gerardo Acept\u00e9 con gusto la invitaci\u00f3n a celebrar esta Eucarist\u00eda con ustedes y as\u00ed dar inicio al A\u00f1o de San Gerardo, establecido para el tercer centenario [&hellip;]<\/p>\n","protected":false},"author":3,"featured_media":30710,"comment_status":"closed","ping_status":"closed","sticky":false,"template":"","format":"standard","meta":[],"categories":[45],"tags":[],"_links":{"self":[{"href":"https:\/\/www.cssr.news\/spanish\/wp-json\/wp\/v2\/posts\/30709"}],"collection":[{"href":"https:\/\/www.cssr.news\/spanish\/wp-json\/wp\/v2\/posts"}],"about":[{"href":"https:\/\/www.cssr.news\/spanish\/wp-json\/wp\/v2\/types\/post"}],"author":[{"embeddable":true,"href":"https:\/\/www.cssr.news\/spanish\/wp-json\/wp\/v2\/users\/3"}],"replies":[{"embeddable":true,"href":"https:\/\/www.cssr.news\/spanish\/wp-json\/wp\/v2\/comments?post=30709"}],"version-history":[{"count":3,"href":"https:\/\/www.cssr.news\/spanish\/wp-json\/wp\/v2\/posts\/30709\/revisions"}],"predecessor-version":[{"id":30715,"href":"https:\/\/www.cssr.news\/spanish\/wp-json\/wp\/v2\/posts\/30709\/revisions\/30715"}],"wp:featuredmedia":[{"embeddable":true,"href":"https:\/\/www.cssr.news\/spanish\/wp-json\/wp\/v2\/media\/30710"}],"wp:attachment":[{"href":"https:\/\/www.cssr.news\/spanish\/wp-json\/wp\/v2\/media?parent=30709"}],"wp:term":[{"taxonomy":"category","embeddable":true,"href":"https:\/\/www.cssr.news\/spanish\/wp-json\/wp\/v2\/categories?post=30709"},{"taxonomy":"post_tag","embeddable":true,"href":"https:\/\/www.cssr.news\/spanish\/wp-json\/wp\/v2\/tags?post=30709"}],"curies":[{"name":"wp","href":"https:\/\/api.w.org\/{rel}","templated":true}]}}