{"id":30720,"date":"2026-04-06T11:39:00","date_gmt":"2026-04-06T09:39:00","guid":{"rendered":"https:\/\/www.cssr.news\/spanish\/?p=30720"},"modified":"2026-04-08T11:42:02","modified_gmt":"2026-04-08T09:42:02","slug":"polvere-e-stelle-san-alfonso-maria-de-ligorio-en-una-entrevista-que-trasciende-el-tiempo","status":"publish","type":"post","link":"https:\/\/www.cssr.news\/spanish\/2026\/04\/polvere-e-stelle-san-alfonso-maria-de-ligorio-en-una-entrevista-que-trasciende-el-tiempo\/","title":{"rendered":"\u00abPolvere e stelle\u00bb: San Alfonso Mar\u00eda de Ligorio en una entrevista que trasciende el tiempo."},"content":{"rendered":"\n<p class=\"has-text-align-right\">F. Sacco, <em>Polvere e stelle. Un\u2019intervista oltre il tempo<\/em>,, Editrice Punto Famiglia, Angri (SA) 2026, 158 p\u00e1gs.<\/p>\n\n\n\n<p>El libro de Filomena Sacco forma parte del extenso corpus de obras dedicadas a San Alfonso Mar\u00eda de Ligorio, pero destaca por su enfoque original y su car\u00e1cter informativo. La obra fue creada para conmemorar el tercer centenario de su ordenaci\u00f3n sacerdotal (21 de diciembre de 1726) y se presenta no como una biograf\u00eda tradicional ni como un tratado teol\u00f3gico, sino como una narraci\u00f3n creativa, construida en torno a una entrevista imaginaria \u00abm\u00e1s all\u00e1 del tiempo\u00bb.<\/p>\n\n\n\n<p>La autora, experta en el pensamiento de Alfonso, imagina un viaje al siglo XVIII y un di\u00e1logo directo con el santo en diversos lugares simb\u00f3licos de su vida. Esta elecci\u00f3n narrativa nos permite trascender la r\u00edgida y distante imagen hagiogr\u00e1fica, retratando en cambio un perfil profundamente humano de Alfonso: un hombre apasionado e inquieto, marcado por las dudas, las luchas internas y la constante b\u00fasqueda de sentido. La decisi\u00f3n de no destacar sus t\u00edtulos eclesi\u00e1sticos refuerza esta perspectiva, propiciando un encuentro m\u00e1s inmediato y aut\u00e9ntico con \u00e9l.<\/p>\n\n\n\n<p>El di\u00e1logo se desarrolla como una especie de autobiograf\u00eda espiritual. Se repasan las etapas clave de su vida: su brillante carrera como abogado napolitano, la crisis interior que marc\u00f3 su separaci\u00f3n del mundo jur\u00eddico, su elecci\u00f3n del sacerdocio y, finalmente, la fundaci\u00f3n de la Congregaci\u00f3n Redentorista. Un elemento central de la narraci\u00f3n es la experiencia del encuentro con los pobres y marginados, que marc\u00f3 un punto de inflexi\u00f3n en su vida y gui\u00f3 su misi\u00f3n hacia los m\u00e1s desfavorecidos, considerados el lugar privilegiado para la proclamaci\u00f3n del Evangelio.<\/p>\n\n\n\n<p>La narraci\u00f3n se desarrolla de forma din\u00e1mica, alternando entre pasado y presente, entrelazando las experiencias del santo con las del entrevistador, retratado como una figura atormentada, plagada de dudas de fe y preguntas existenciales. Este intenso di\u00e1logo hace que el texto sea atractivo y permite traducir un contenido teol\u00f3gico complejo a un lenguaje accesible y vivo.<\/p>\n\n\n\n<p>Se dedica un amplio espacio a los fundamentos del pensamiento alfonsiano. En particular, emerge una concepci\u00f3n de la teolog\u00eda moral como una disciplina concreta y pastoral, alejada de un enfoque legalista: el pecado se considera una enfermedad que debe curarse, los sacramentos como instrumentos de sanaci\u00f3n y la conciencia como un espacio de libertad y encuentro con Dios. Fundamental para ello es la primac\u00eda de la misericordia, que gu\u00eda la acci\u00f3n pastoral y la visi\u00f3n de la humanidad, considerada en su fragilidad pero tambi\u00e9n en su capacidad de redenci\u00f3n.<\/p>\n\n\n\n<p>Junto a estos temas, la obra explora los pilares de la espiritualidad alfonsiana: la oraci\u00f3n como una relaci\u00f3n viva con Dios, la centralidad de Cristo en su Encarnaci\u00f3n, Pasi\u00f3n y Eucarist\u00eda, la devoci\u00f3n mariana y el valor del recuerdo agradecido.<\/p>\n\n\n\n<p>Tambi\u00e9n se destaca el m\u00e9todo pastoral del santo, caracterizado por la sencillez, la comunicaci\u00f3n directa y la atenci\u00f3n a las personas, expresada a trav\u00e9s de la predicaci\u00f3n popular y el uso de la m\u00fasica como herramienta de evangelizaci\u00f3n.<\/p>\n\n\n\n<p>La narraci\u00f3n se enriquece con retratos de figuras significativas \u2014familiares, colaboradores y disc\u00edpulos\u2014 y referencias a lugares emblem\u00e1ticos de la vida de Alfonso, que contribuyen a la viveza de la reconstrucci\u00f3n narrativa. Emerge una imagen compleja y multifac\u00e9tica, que entrelaza las dimensiones humana, espiritual y cultural.<\/p>\n\n\n\n<p>En la secci\u00f3n final, el di\u00e1logo adquiere un valor universal: las palabras del santo se convierten en una respuesta a las inquietudes del hombre contempor\u00e1neo. El mensaje resultante es el de una fe entendida no como una meta inmediata, sino como un camino progresivo, compuesto de reveses y recuperaciones, sostenido por la esperanza y la confianza en la misericordia divina.<\/p>\n\n\n\n<p>El texto se erige as\u00ed como una herramienta eficaz para la educaci\u00f3n y la difusi\u00f3n, capaz de acercar a los j\u00f3venes, especialmente a los adolescentes, a la figura de Alfonso Mar\u00eda de Ligorio, presentada de una forma renovada, m\u00e1s aut\u00e9ntica y accesible. La obra, de hecho, restituye la imagen de un santo \u00aba escala humana\u00bb, a\u00fan capaz de conmover el coraz\u00f3n y ofrecer gu\u00eda en un contexto marcado por la confusi\u00f3n y la b\u00fasqueda de sentido.<\/p>\n\n\n\n<p>P. Vincenzo M. La Mendola C.Ss.R.<\/p>\n","protected":false},"excerpt":{"rendered":"<p>F. Sacco, Polvere e stelle. Un\u2019intervista oltre il tempo,, Editrice Punto Famiglia, Angri (SA) 2026, 158 p\u00e1gs. El libro de Filomena Sacco forma parte del extenso corpus de obras dedicadas a San Alfonso Mar\u00eda de Ligorio, pero destaca por su enfoque original y su car\u00e1cter informativo. La obra fue creada para conmemorar el tercer centenario [&hellip;]<\/p>\n","protected":false},"author":3,"featured_media":30721,"comment_status":"closed","ping_status":"closed","sticky":false,"template":"","format":"standard","meta":[],"categories":[30],"tags":[],"_links":{"self":[{"href":"https:\/\/www.cssr.news\/spanish\/wp-json\/wp\/v2\/posts\/30720"}],"collection":[{"href":"https:\/\/www.cssr.news\/spanish\/wp-json\/wp\/v2\/posts"}],"about":[{"href":"https:\/\/www.cssr.news\/spanish\/wp-json\/wp\/v2\/types\/post"}],"author":[{"embeddable":true,"href":"https:\/\/www.cssr.news\/spanish\/wp-json\/wp\/v2\/users\/3"}],"replies":[{"embeddable":true,"href":"https:\/\/www.cssr.news\/spanish\/wp-json\/wp\/v2\/comments?post=30720"}],"version-history":[{"count":1,"href":"https:\/\/www.cssr.news\/spanish\/wp-json\/wp\/v2\/posts\/30720\/revisions"}],"predecessor-version":[{"id":30722,"href":"https:\/\/www.cssr.news\/spanish\/wp-json\/wp\/v2\/posts\/30720\/revisions\/30722"}],"wp:featuredmedia":[{"embeddable":true,"href":"https:\/\/www.cssr.news\/spanish\/wp-json\/wp\/v2\/media\/30721"}],"wp:attachment":[{"href":"https:\/\/www.cssr.news\/spanish\/wp-json\/wp\/v2\/media?parent=30720"}],"wp:term":[{"taxonomy":"category","embeddable":true,"href":"https:\/\/www.cssr.news\/spanish\/wp-json\/wp\/v2\/categories?post=30720"},{"taxonomy":"post_tag","embeddable":true,"href":"https:\/\/www.cssr.news\/spanish\/wp-json\/wp\/v2\/tags?post=30720"}],"curies":[{"name":"wp","href":"https:\/\/api.w.org\/{rel}","templated":true}]}}