{"id":30760,"date":"2026-04-10T19:00:18","date_gmt":"2026-04-10T17:00:18","guid":{"rendered":"https:\/\/www.cssr.news\/spanish\/?p=30760"},"modified":"2026-04-10T19:01:35","modified_gmt":"2026-04-10T17:01:35","slug":"eslovaquia-el-padre-miroslav-bujdos-cssr-nombrado-vicario-general-de-la-eparquia-greco-catolica-de-bratislava","status":"publish","type":"post","link":"https:\/\/www.cssr.news\/spanish\/2026\/04\/eslovaquia-el-padre-miroslav-bujdos-cssr-nombrado-vicario-general-de-la-eparquia-greco-catolica-de-bratislava\/","title":{"rendered":"Eslovaquia: el padre Miroslav Bujdo\u0161 CSsR nombrado vicario general de la Eparqu\u00eda greco-cat\u00f3lica de Bratislava"},"content":{"rendered":"\n<p>El obispo eparquial de Bratislava, Monse\u00f1or Milan Lach, SJ, ha nombrado al padre Miroslav Bujdo\u0161 CSsR como nuevo Protosincelo \u2014 Vicario General de la Eparqu\u00eda Greco-Cat\u00f3lica de Bratislava. El nombramiento se anunci\u00f3 el 10 de abril de 2026, Viernes Santo despu\u00e9s de Pascua. El padre Bujdo\u0161 es el segundo Protosincelo en la historia de la eparqu\u00eda, fundada hace dieciocho a\u00f1os.<\/p>\n\n\n\n<p><strong>\u00bfQui\u00e9n es el padre Miroslav Bujdo\u0161?<\/strong><br>Miroslav Bujdo\u0161 CSsR tiene 42 a\u00f1os y es sacerdote desde hace 16. El nuevo Protosincelo naci\u00f3 el 28 de febrero de 1984 y es originario de Stropkov. Tras completar sus estudios secundarios en el Gimnasio San Juan Cris\u00f3stomo de Humenn\u00e9, ingres\u00f3 en la Congregaci\u00f3n del Sant\u00edsimo Redentor en 2002; en 2009, profes\u00f3 sus votos perpetuos.<\/p>\n\n\n\n<p>De 2002 a 2010, estudi\u00f3 filosof\u00eda y teolog\u00eda en la Pontificia Universidad Juan Pablo II de Cracovia y Tuch\u00f3w, Polonia. Fue ordenado sacerdote el 23 de mayo de 2010 en la Bas\u00edlica Menor de la Descensi\u00f3n del Esp\u00edritu Santo en Michalovce. Posteriormente, sirvi\u00f3 como capell\u00e1n en la parroquia de Nuestra Se\u00f1ora del Perpetuo Socorro en Star\u00e1 \u013dubov\u0148a. En 2015, fue nombrado vicetesorero provincial y miembro de la comunidad redentorista de Michalovce. Entre 2015 y 2017, asisti\u00f3 a la escuela de formaci\u00f3n sacerdotal en Cracovia. A lo largo de su ordenaci\u00f3n sacerdotal, trabaj\u00f3 como misionero en las llamadas misiones populares parroquiales y escolares, y tambi\u00e9n fue responsable de la pastoral vocacional. Es cofundador del proyecto Misiones en las Escuelas.<\/p>\n\n\n\n<p>De 2019 a 2022, estudi\u00f3 en la Academia Pontificia Alfonsiana de Roma, donde se licenci\u00f3 en teolog\u00eda moral.<\/p>\n\n\n\n<p>Desde enero de 2023, es vicerrector superior provincial (protoheg\u00fameno) de la Viceprovincia Redentorista de Michalovce. Con el consentimiento del Superior General, el P. Rog\u00e9rio Gomes CSsR, en Roma, Miroslav Bujdo\u0161 CSsR ha sido nombrado protosincelo (vicario general). En los dieciocho a\u00f1os de historia de la Eparqu\u00eda de Bratislava, el P. Miroslav Bujdo\u0161 CSsR es el segundo protosincelo; sucede al P. Vladim\u00edr Skyba (2008-2026) en este cargo.<\/p>\n\n\n\n<p>El Sr. Bujdo\u0161 habla con fluidez italiano y polaco, y tambi\u00e9n habla ucraniano.<\/p>\n\n\n\n<p><strong>Protosincelo \u2013 Vicario General<\/strong><br>El protosincelo (en lat\u00edn: protosyncellus) equivale al vicario general en la Iglesia Latina. Seg\u00fan el C\u00f3digo de C\u00e1nones de las Iglesias Orientales (cf. c\u00e1nones 245-251), es el colaborador m\u00e1s cercano del obispo y responsable de asistirlo en el gobierno de toda la eparqu\u00eda (can. 245). Puede dictar decisiones y disposiciones, excepto aquellas reservadas directamente al obispo; lo representa en su ausencia o por delegaci\u00f3n; y supervisa el funcionamiento de las instituciones eclesi\u00e1sticas y del clero.<\/p>\n\n\n\n<p>El protosincelo es nombrado por el obispo eparquial y tiene las mismas facultades de gobierno que este (can. 248). El protosincelo ejerce el poder ejecutivo en nombre del obispo en toda la eparqu\u00eda (de forma similar al vicario general en la Iglesia Latina).<\/p>\n\n\n\n<p>(Fuente: https:\/\/www.grkatba.sk)<\/p>\n","protected":false},"excerpt":{"rendered":"<p>El obispo eparquial de Bratislava, Monse\u00f1or Milan Lach, SJ, ha nombrado al padre Miroslav Bujdo\u0161 CSsR como nuevo Protosincelo \u2014 Vicario General de la Eparqu\u00eda Greco-Cat\u00f3lica de Bratislava. El nombramiento se anunci\u00f3 el 10 de abril de 2026, Viernes Santo despu\u00e9s de Pascua. El padre Bujdo\u0161 es el segundo Protosincelo en la historia de la [&hellip;]<\/p>\n","protected":false},"author":3,"featured_media":30761,"comment_status":"closed","ping_status":"closed","sticky":false,"template":"","format":"standard","meta":[],"categories":[15],"tags":[],"_links":{"self":[{"href":"https:\/\/www.cssr.news\/spanish\/wp-json\/wp\/v2\/posts\/30760"}],"collection":[{"href":"https:\/\/www.cssr.news\/spanish\/wp-json\/wp\/v2\/posts"}],"about":[{"href":"https:\/\/www.cssr.news\/spanish\/wp-json\/wp\/v2\/types\/post"}],"author":[{"embeddable":true,"href":"https:\/\/www.cssr.news\/spanish\/wp-json\/wp\/v2\/users\/3"}],"replies":[{"embeddable":true,"href":"https:\/\/www.cssr.news\/spanish\/wp-json\/wp\/v2\/comments?post=30760"}],"version-history":[{"count":2,"href":"https:\/\/www.cssr.news\/spanish\/wp-json\/wp\/v2\/posts\/30760\/revisions"}],"predecessor-version":[{"id":30763,"href":"https:\/\/www.cssr.news\/spanish\/wp-json\/wp\/v2\/posts\/30760\/revisions\/30763"}],"wp:featuredmedia":[{"embeddable":true,"href":"https:\/\/www.cssr.news\/spanish\/wp-json\/wp\/v2\/media\/30761"}],"wp:attachment":[{"href":"https:\/\/www.cssr.news\/spanish\/wp-json\/wp\/v2\/media?parent=30760"}],"wp:term":[{"taxonomy":"category","embeddable":true,"href":"https:\/\/www.cssr.news\/spanish\/wp-json\/wp\/v2\/categories?post=30760"},{"taxonomy":"post_tag","embeddable":true,"href":"https:\/\/www.cssr.news\/spanish\/wp-json\/wp\/v2\/tags?post=30760"}],"curies":[{"name":"wp","href":"https:\/\/api.w.org\/{rel}","templated":true}]}}