{"id":30764,"date":"2026-04-10T20:07:00","date_gmt":"2026-04-10T18:07:00","guid":{"rendered":"https:\/\/www.cssr.news\/spanish\/?p=30764"},"modified":"2026-04-10T21:40:13","modified_gmt":"2026-04-10T19:40:13","slug":"cumpleanos-de-san-gerardo-en-la-casa-madre-de-ciorani","status":"publish","type":"post","link":"https:\/\/www.cssr.news\/spanish\/2026\/04\/cumpleanos-de-san-gerardo-en-la-casa-madre-de-ciorani\/","title":{"rendered":"Italia: Cumplea\u00f1os de San Gerardo en la Casa Madre de Ciorani"},"content":{"rendered":"\n<p>La Casa Madre de Ciorani celebr\u00f3 solemnemente el 300 aniversario del nacimiento de San Gerardo el mi\u00e9rcoles 8 de abril. La celebraci\u00f3n eucar\u00edstica estuvo presidida por el P. Gennaro Sorrentino, Superior Provincial de la Provincia Europa Sur, acompa\u00f1ado del consejero provincial para Italia, P. Massimiliano Guardini. Concelebraron los padres de la comunidad redentorista del Protoconvento de Ciorani, adem\u00e1s del P. Maestro de Novicios, ya que esta casa es el Noviciado del sur de Europa.<\/p>\n\n\n\n<p>San Gerardo vivi\u00f3 apenas unas semanas en la Casa Madre. Esto sucedi\u00f3 probablemente entre junio y julio de 1754, cuando fue enviado por San Alfonso como castigo por la calumnia de una joven llamada Nerea Caggiano, que acusaba a San Gerardo de actitudes equivocas con otra chica,&nbsp;Nicoletta Cappucci, hija de un amigo de San Gerardo. San Gerardo no se defendi\u00f3 de las acusaciones delante de San Alfonso. Ha quedado para la historia su ejemplo de heroica humildad en la obediencia y su extraordinaria fortaleza ante la adversidad. La joven reconoci\u00f3 su mentira, San Alfonso devolvi\u00f3 a San Gerardo a la plena comuni\u00f3n de la vida misionera redentorista y el pueblo de Ciorani, desde entonces, acude a \u00e9l como su celeste intercesor en las m\u00e1s dif\u00edciles pruebas de la vida.<\/p>\n\n\n\n<p>Uno de los altares laterales de la Iglesia de la Sant\u00edsima Trinidad, justo enfrente del altar de nuestro Padre San Alfonso (donde se venera la primera estatua del Fundador), est\u00e1 consagrado a San Gerardo. Nunca faltan flores frescas. La estatua del Santo Taumaturgo fue encargada modelar por el P. Raffaele De Feo en ocasi\u00f3n de la beatificaci\u00f3n, en 1905. El rostro del Santo contempla el Crucifijo que sostiene con sus manos, y los ojos se alzan al cielo. Dos \u00e1ngeles lo acompa\u00f1an con los signos de su santidad reconocida: el flagelo de la penitencia y el lirio de la pureza de coraz\u00f3n. La bell\u00edsima imagen nos habla de su confianza en Dios en las horas de oscuridad e injusta condena que vivi\u00f3 entre los muros de esta casa. Ante ella, muchas familias ofrecen sus oraciones, especialmente madres en cinta y familias con ni\u00f1os peque\u00f1os. Y no podemos obviar que la mayore parte de los habitantes no se llaman Alfonso, sino Gerardo y Gerardina!<\/p>\n\n\n\n<figure class=\"wp-block-gallery columns-3 is-cropped\"><ul class=\"blocks-gallery-grid\"><li class=\"blocks-gallery-item\"><figure><a href=\"http:\/\/www.cssr.news\/spanish\/wp-content\/uploads\/sites\/3\/2026\/04\/sn2026-04-08-300-San-Gerardo-017.jpeg\"><img width=\"1024\" height=\"576\" src=\"http:\/\/www.cssr.news\/spanish\/wp-content\/uploads\/sites\/3\/2026\/04\/sn2026-04-08-300-San-Gerardo-017-1024x576.jpeg\" alt=\"\" data-id=\"30768\" data-full-url=\"http:\/\/www.cssr.news\/spanish\/wp-content\/uploads\/sites\/3\/2026\/04\/sn2026-04-08-300-San-Gerardo-017.jpeg\" data-link=\"https:\/\/www.cssr.news\/spanish\/?attachment_id=30768\" class=\"wp-image-30768\" srcset=\"https:\/\/www.cssr.news\/spanish\/wp-content\/uploads\/sites\/3\/2026\/04\/sn2026-04-08-300-San-Gerardo-017-1024x576.jpeg 1024w, https:\/\/www.cssr.news\/spanish\/wp-content\/uploads\/sites\/3\/2026\/04\/sn2026-04-08-300-San-Gerardo-017-300x169.jpeg 300w, https:\/\/www.cssr.news\/spanish\/wp-content\/uploads\/sites\/3\/2026\/04\/sn2026-04-08-300-San-Gerardo-017-768x432.jpeg 768w, https:\/\/www.cssr.news\/spanish\/wp-content\/uploads\/sites\/3\/2026\/04\/sn2026-04-08-300-San-Gerardo-017-1536x864.jpeg 1536w, https:\/\/www.cssr.news\/spanish\/wp-content\/uploads\/sites\/3\/2026\/04\/sn2026-04-08-300-San-Gerardo-017-696x392.jpeg 696w, https:\/\/www.cssr.news\/spanish\/wp-content\/uploads\/sites\/3\/2026\/04\/sn2026-04-08-300-San-Gerardo-017-1068x601.jpeg 1068w, https:\/\/www.cssr.news\/spanish\/wp-content\/uploads\/sites\/3\/2026\/04\/sn2026-04-08-300-San-Gerardo-017-747x420.jpeg 747w, https:\/\/www.cssr.news\/spanish\/wp-content\/uploads\/sites\/3\/2026\/04\/sn2026-04-08-300-San-Gerardo-017.jpeg 1600w\" sizes=\"(max-width: 1024px) 100vw, 1024px\" \/><\/a><\/figure><\/li><li class=\"blocks-gallery-item\"><figure><a href=\"http:\/\/www.cssr.news\/spanish\/wp-content\/uploads\/sites\/3\/2026\/04\/sn2026-04-08-300-San-Gerardo-013.jpeg\"><img width=\"1024\" height=\"829\" src=\"http:\/\/www.cssr.news\/spanish\/wp-content\/uploads\/sites\/3\/2026\/04\/sn2026-04-08-300-San-Gerardo-013-1024x829.jpeg\" alt=\"\" data-id=\"30767\" data-full-url=\"http:\/\/www.cssr.news\/spanish\/wp-content\/uploads\/sites\/3\/2026\/04\/sn2026-04-08-300-San-Gerardo-013.jpeg\" data-link=\"https:\/\/www.cssr.news\/spanish\/?attachment_id=30767\" class=\"wp-image-30767\" srcset=\"https:\/\/www.cssr.news\/spanish\/wp-content\/uploads\/sites\/3\/2026\/04\/sn2026-04-08-300-San-Gerardo-013-1024x829.jpeg 1024w, https:\/\/www.cssr.news\/spanish\/wp-content\/uploads\/sites\/3\/2026\/04\/sn2026-04-08-300-San-Gerardo-013-300x243.jpeg 300w, https:\/\/www.cssr.news\/spanish\/wp-content\/uploads\/sites\/3\/2026\/04\/sn2026-04-08-300-San-Gerardo-013-768x622.jpeg 768w, https:\/\/www.cssr.news\/spanish\/wp-content\/uploads\/sites\/3\/2026\/04\/sn2026-04-08-300-San-Gerardo-013-1536x1244.jpeg 1536w, https:\/\/www.cssr.news\/spanish\/wp-content\/uploads\/sites\/3\/2026\/04\/sn2026-04-08-300-San-Gerardo-013-696x564.jpeg 696w, https:\/\/www.cssr.news\/spanish\/wp-content\/uploads\/sites\/3\/2026\/04\/sn2026-04-08-300-San-Gerardo-013-1068x865.jpeg 1068w, https:\/\/www.cssr.news\/spanish\/wp-content\/uploads\/sites\/3\/2026\/04\/sn2026-04-08-300-San-Gerardo-013-519x420.jpeg 519w, https:\/\/www.cssr.news\/spanish\/wp-content\/uploads\/sites\/3\/2026\/04\/sn2026-04-08-300-San-Gerardo-013.jpeg 1600w\" sizes=\"(max-width: 1024px) 100vw, 1024px\" \/><\/a><\/figure><\/li><li class=\"blocks-gallery-item\"><figure><a href=\"http:\/\/www.cssr.news\/spanish\/wp-content\/uploads\/sites\/3\/2026\/04\/sn2026-04-05-Pasqua-001.jpeg\"><img width=\"713\" height=\"1024\" src=\"http:\/\/www.cssr.news\/spanish\/wp-content\/uploads\/sites\/3\/2026\/04\/sn2026-04-05-Pasqua-001-713x1024.jpeg\" alt=\"\" data-id=\"30765\" data-full-url=\"http:\/\/www.cssr.news\/spanish\/wp-content\/uploads\/sites\/3\/2026\/04\/sn2026-04-05-Pasqua-001.jpeg\" data-link=\"https:\/\/www.cssr.news\/spanish\/?attachment_id=30765\" class=\"wp-image-30765\" srcset=\"https:\/\/www.cssr.news\/spanish\/wp-content\/uploads\/sites\/3\/2026\/04\/sn2026-04-05-Pasqua-001-713x1024.jpeg 713w, https:\/\/www.cssr.news\/spanish\/wp-content\/uploads\/sites\/3\/2026\/04\/sn2026-04-05-Pasqua-001-209x300.jpeg 209w, https:\/\/www.cssr.news\/spanish\/wp-content\/uploads\/sites\/3\/2026\/04\/sn2026-04-05-Pasqua-001-768x1103.jpeg 768w, https:\/\/www.cssr.news\/spanish\/wp-content\/uploads\/sites\/3\/2026\/04\/sn2026-04-05-Pasqua-001-1070x1536.jpeg 1070w, https:\/\/www.cssr.news\/spanish\/wp-content\/uploads\/sites\/3\/2026\/04\/sn2026-04-05-Pasqua-001-696x1000.jpeg 696w, https:\/\/www.cssr.news\/spanish\/wp-content\/uploads\/sites\/3\/2026\/04\/sn2026-04-05-Pasqua-001-1068x1534.jpeg 1068w, https:\/\/www.cssr.news\/spanish\/wp-content\/uploads\/sites\/3\/2026\/04\/sn2026-04-05-Pasqua-001-292x420.jpeg 292w, https:\/\/www.cssr.news\/spanish\/wp-content\/uploads\/sites\/3\/2026\/04\/sn2026-04-05-Pasqua-001.jpeg 1426w\" sizes=\"(max-width: 713px) 100vw, 713px\" \/><\/a><\/figure><\/li><\/ul><\/figure>\n\n\n\n<p>Con motivo del Tricentenario del Santo, su sagrada imagen fue colocada en el altar del Cirio Pascual, simbolizando que San Gerardo es para el pueblo de Dios Testigo del Resucitado. La Asociaci\u00f3n Gerardina de Ciorani acompa\u00f1\u00f3 en procesi\u00f3n, con flores y velas, la entronizaci\u00f3n de la Reliquia del Santo que se venera en la Casa Madre. Hay que destacar que en Ciorani se realizan dos novenas a San Gerardo, con gran presencia de fieles de toda la zona: una en la \u00faltima semana de julio, que termina con la procesi\u00f3n de su imagen, y otra novena antes de su fiesta lit\u00fargica de octubre. Al final, como es tradici\u00f3n, fueron bendecidos los ni\u00f1os y las madres.<\/p>\n\n\n\n<p>P. Laureano Del Otero Sevillano CSSR<br>Rector de la Casa Madre de Ciorani (Italia)<\/p>\n","protected":false},"excerpt":{"rendered":"<p>La Casa Madre de Ciorani celebr\u00f3 solemnemente el 300 aniversario del nacimiento de San Gerardo el mi\u00e9rcoles 8 de abril. La celebraci\u00f3n eucar\u00edstica estuvo presidida por el P. Gennaro Sorrentino, Superior Provincial de la Provincia Europa Sur, acompa\u00f1ado del consejero provincial para Italia, P. Massimiliano Guardini. Concelebraron los padres de la comunidad redentorista del Protoconvento [&hellip;]<\/p>\n","protected":false},"author":3,"featured_media":30766,"comment_status":"closed","ping_status":"closed","sticky":false,"template":"","format":"standard","meta":[],"categories":[45],"tags":[],"_links":{"self":[{"href":"https:\/\/www.cssr.news\/spanish\/wp-json\/wp\/v2\/posts\/30764"}],"collection":[{"href":"https:\/\/www.cssr.news\/spanish\/wp-json\/wp\/v2\/posts"}],"about":[{"href":"https:\/\/www.cssr.news\/spanish\/wp-json\/wp\/v2\/types\/post"}],"author":[{"embeddable":true,"href":"https:\/\/www.cssr.news\/spanish\/wp-json\/wp\/v2\/users\/3"}],"replies":[{"embeddable":true,"href":"https:\/\/www.cssr.news\/spanish\/wp-json\/wp\/v2\/comments?post=30764"}],"version-history":[{"count":3,"href":"https:\/\/www.cssr.news\/spanish\/wp-json\/wp\/v2\/posts\/30764\/revisions"}],"predecessor-version":[{"id":30774,"href":"https:\/\/www.cssr.news\/spanish\/wp-json\/wp\/v2\/posts\/30764\/revisions\/30774"}],"wp:featuredmedia":[{"embeddable":true,"href":"https:\/\/www.cssr.news\/spanish\/wp-json\/wp\/v2\/media\/30766"}],"wp:attachment":[{"href":"https:\/\/www.cssr.news\/spanish\/wp-json\/wp\/v2\/media?parent=30764"}],"wp:term":[{"taxonomy":"category","embeddable":true,"href":"https:\/\/www.cssr.news\/spanish\/wp-json\/wp\/v2\/categories?post=30764"},{"taxonomy":"post_tag","embeddable":true,"href":"https:\/\/www.cssr.news\/spanish\/wp-json\/wp\/v2\/tags?post=30764"}],"curies":[{"name":"wp","href":"https:\/\/api.w.org\/{rel}","templated":true}]}}