{"id":30798,"date":"2026-04-14T09:17:00","date_gmt":"2026-04-14T07:17:00","guid":{"rendered":"https:\/\/www.cssr.news\/spanish\/?p=30798"},"modified":"2026-04-15T09:25:58","modified_gmt":"2026-04-15T07:25:58","slug":"malasia-la-mision-cuaresmal-redentorista-trae-renovacion-a-la-comunidad-catolica-en-merlimau","status":"publish","type":"post","link":"https:\/\/www.cssr.news\/spanish\/2026\/04\/malasia-la-mision-cuaresmal-redentorista-trae-renovacion-a-la-comunidad-catolica-en-merlimau\/","title":{"rendered":"Malasia: La Misi\u00f3n Redentorista trae renovaci\u00f3n a la comunidad cat\u00f3lica en Merlimau"},"content":{"rendered":"\n<p>Recientemente concluy\u00f3 una misi\u00f3n de Cuaresma de tres semanas en la Capilla de Santiago en Merlimau, Melaka, contribuyendo a la renovaci\u00f3n y la vida comunitaria entre los fieles cat\u00f3licos locales.<\/p>\n\n\n\n<p>La capilla, dedicada a Santiago Ap\u00f3stol, celebr\u00f3 su centenario en 2024. Fue fundada por los primeros misioneros de Melaka, con el P. R. Lourdes de la Parroquia de San Francisco Javier de Melaka y el difunto P. Bala desempe\u00f1ando un papel fundamental en la construcci\u00f3n de la comunidad de fe. En sus \u00faltimos a\u00f1os, el P. Bala tambi\u00e9n fund\u00f3 una organizaci\u00f3n en Melaka para apoyar la educaci\u00f3n de ni\u00f1os pobres en Merlimau y otras regiones.<\/p>\n\n\n\n<p>Esta misi\u00f3n de Cuaresma se inici\u00f3 a principios de este a\u00f1o por invitaci\u00f3n del actual p\u00e1rroco, el P. Alex Chelvam, con el objetivo de fortalecer la comunidad parroquial, y comenz\u00f3 el 15 de marzo de 2026. Una parte fundamental de la misi\u00f3n consisti\u00f3 en visitar a los feligreses y cat\u00f3licos alejados de la fe, as\u00ed como a sus familias, que se hab\u00edan alejado de la vida parroquial debido a enfermedades u otras circunstancias. Cada ma\u00f1ana, los misioneros visitaban los hogares, ofreciendo el Sacramento de la Reconciliaci\u00f3n, la Sagrada Comuni\u00f3n y, cuando correspond\u00eda, la Unci\u00f3n de los Enfermos. Estas visitas tambi\u00e9n brindaban tiempo para conversar y, en ocasiones, para compartir momentos de reflexi\u00f3n espiritual. Por las tardes, se organizaban sesiones de acompa\u00f1amiento espiritual en la parroquia, a petici\u00f3n de los feligreses.<\/p>\n\n\n\n<figure class=\"wp-block-gallery columns-3 is-cropped\"><ul class=\"blocks-gallery-grid\"><li class=\"blocks-gallery-item\"><figure><a href=\"http:\/\/www.cssr.news\/wp-content\/uploads\/2026\/04\/669561713_1404240531733131_8326705945740422683_n.jpg\"><img src=\"http:\/\/www.cssr.news\/wp-content\/uploads\/2026\/04\/669561713_1404240531733131_8326705945740422683_n-768x1024.jpg\" alt=\"\" data-id=\"41058\" data-full-url=\"http:\/\/www.cssr.news\/wp-content\/uploads\/2026\/04\/669561713_1404240531733131_8326705945740422683_n.jpg\" data-link=\"https:\/\/www.cssr.news\/?attachment_id=41058\" class=\"wp-image-41058\"\/><\/a><\/figure><\/li><li class=\"blocks-gallery-item\"><figure><a href=\"http:\/\/www.cssr.news\/wp-content\/uploads\/2026\/04\/671595187_1404240585066459_6413606000661226179_n.jpg\"><img src=\"http:\/\/www.cssr.news\/wp-content\/uploads\/2026\/04\/671595187_1404240585066459_6413606000661226179_n-1024x768.jpg\" alt=\"\" data-id=\"41059\" data-full-url=\"http:\/\/www.cssr.news\/wp-content\/uploads\/2026\/04\/671595187_1404240585066459_6413606000661226179_n.jpg\" data-link=\"https:\/\/www.cssr.news\/?attachment_id=41059\" class=\"wp-image-41059\"\/><\/a><\/figure><\/li><li class=\"blocks-gallery-item\"><figure><a href=\"http:\/\/www.cssr.news\/wp-content\/uploads\/2026\/04\/673562754_1404240541733130_2647462516604780294_n.jpg\"><img src=\"http:\/\/www.cssr.news\/wp-content\/uploads\/2026\/04\/673562754_1404240541733130_2647462516604780294_n-1024x768.jpg\" alt=\"\" data-id=\"41064\" data-full-url=\"http:\/\/www.cssr.news\/wp-content\/uploads\/2026\/04\/673562754_1404240541733130_2647462516604780294_n.jpg\" data-link=\"https:\/\/www.cssr.news\/?attachment_id=41064\" class=\"wp-image-41064\"\/><\/a><\/figure><\/li><li class=\"blocks-gallery-item\"><figure><a href=\"http:\/\/www.cssr.news\/wp-content\/uploads\/2026\/04\/670389315_1404240125066505_3645958656324750776_n.jpg\"><img src=\"http:\/\/www.cssr.news\/wp-content\/uploads\/2026\/04\/670389315_1404240125066505_3645958656324750776_n.jpg\" alt=\"\" data-id=\"41063\" data-full-url=\"http:\/\/www.cssr.news\/wp-content\/uploads\/2026\/04\/670389315_1404240125066505_3645958656324750776_n.jpg\" data-link=\"https:\/\/www.cssr.news\/?attachment_id=41063\" class=\"wp-image-41063\"\/><\/a><\/figure><\/li><li class=\"blocks-gallery-item\"><figure><a href=\"http:\/\/www.cssr.news\/wp-content\/uploads\/2026\/04\/669554315_1404240538399797_2160745992231077256_n.jpg\"><img src=\"http:\/\/www.cssr.news\/wp-content\/uploads\/2026\/04\/669554315_1404240538399797_2160745992231077256_n-1024x768.jpg\" alt=\"\" data-id=\"41060\" data-full-url=\"http:\/\/www.cssr.news\/wp-content\/uploads\/2026\/04\/669554315_1404240538399797_2160745992231077256_n.jpg\" data-link=\"https:\/\/www.cssr.news\/?attachment_id=41060\" class=\"wp-image-41060\"\/><\/a><\/figure><\/li><li class=\"blocks-gallery-item\"><figure><a href=\"http:\/\/www.cssr.news\/wp-content\/uploads\/2026\/04\/668522142_1404240715066446_640004788148005089_n.jpg\"><img src=\"http:\/\/www.cssr.news\/wp-content\/uploads\/2026\/04\/668522142_1404240715066446_640004788148005089_n-1024x768.jpg\" alt=\"\" data-id=\"41062\" data-full-url=\"http:\/\/www.cssr.news\/wp-content\/uploads\/2026\/04\/668522142_1404240715066446_640004788148005089_n.jpg\" data-link=\"https:\/\/www.cssr.news\/?attachment_id=41062\" class=\"wp-image-41062\"\/><\/a><\/figure><\/li><\/ul><\/figure>\n\n\n\n<p>Los fines de semana se llevaron a cabo sesiones de formaci\u00f3n para diversos grupos parroquiales, incluyendo l\u00edderes, j\u00f3venes y ac\u00f3litos. Estas sesiones abordaron temas como el liderazgo de servicio, la colaboraci\u00f3n y el trabajo conjunto por el bien com\u00fan, con \u00e9nfasis en la unidad parroquial.<\/p>\n\n\n\n<p>Reflexionando sobre las visitas, el P. Antony Prabhu coment\u00f3: \u00abEn muchos hogares, era evidente que, a pesar de las dificultades, la gente no hab\u00eda renunciado a su fe\u00bb. Al acercarse la Semana Santa, se celebr\u00f3 un triduo de tres d\u00edas en honor a Santiago Ap\u00f3stol, patr\u00f3n de la capilla. El tema central fue la Semana Santa con Santiago Ap\u00f3stol. Los j\u00f3venes participantes contribuyeron presentando reflexiones en forma de di\u00e1logo, junto con el misionero, sobre la vida del ap\u00f3stol.<\/p>\n\n\n\n<p>La misi\u00f3n concluy\u00f3 con la Vigilia Pascual el 4 de abril, que cont\u00f3 con una gran participaci\u00f3n de la comunidad parroquial, marcando el cierre del per\u00edodo de tres semanas. El P. Antony Prabhu destaca la experiencia como una oportunidad para sumergirse en la cultura y la gente de Merlimau, lo cual no solo fortaleci\u00f3 su fe y su vida religiosa, sino que tambi\u00e9n lo impuls\u00f3 al servicio.<\/p>\n\n\n\n<p>(Fuente: Facebook de&nbsp;<a href=\"https:\/\/www.facebook.com\/story.php?story_fbid=1404243048399546&amp;id=100064415933336&amp;mibextid=wwXIfr&amp;rdid=JiEtJQy8AKG72jPs\">Novena Church<\/a>)<\/p>\n","protected":false},"excerpt":{"rendered":"<p>Recientemente concluy\u00f3 una misi\u00f3n de Cuaresma de tres semanas en la Capilla de Santiago en Merlimau, Melaka, contribuyendo a la renovaci\u00f3n y la vida comunitaria entre los fieles cat\u00f3licos locales. La capilla, dedicada a Santiago Ap\u00f3stol, celebr\u00f3 su centenario en 2024. Fue fundada por los primeros misioneros de Melaka, con el P. R. Lourdes de [&hellip;]<\/p>\n","protected":false},"author":3,"featured_media":30800,"comment_status":"closed","ping_status":"closed","sticky":false,"template":"","format":"standard","meta":[],"categories":[9],"tags":[],"_links":{"self":[{"href":"https:\/\/www.cssr.news\/spanish\/wp-json\/wp\/v2\/posts\/30798"}],"collection":[{"href":"https:\/\/www.cssr.news\/spanish\/wp-json\/wp\/v2\/posts"}],"about":[{"href":"https:\/\/www.cssr.news\/spanish\/wp-json\/wp\/v2\/types\/post"}],"author":[{"embeddable":true,"href":"https:\/\/www.cssr.news\/spanish\/wp-json\/wp\/v2\/users\/3"}],"replies":[{"embeddable":true,"href":"https:\/\/www.cssr.news\/spanish\/wp-json\/wp\/v2\/comments?post=30798"}],"version-history":[{"count":2,"href":"https:\/\/www.cssr.news\/spanish\/wp-json\/wp\/v2\/posts\/30798\/revisions"}],"predecessor-version":[{"id":30801,"href":"https:\/\/www.cssr.news\/spanish\/wp-json\/wp\/v2\/posts\/30798\/revisions\/30801"}],"wp:featuredmedia":[{"embeddable":true,"href":"https:\/\/www.cssr.news\/spanish\/wp-json\/wp\/v2\/media\/30800"}],"wp:attachment":[{"href":"https:\/\/www.cssr.news\/spanish\/wp-json\/wp\/v2\/media?parent=30798"}],"wp:term":[{"taxonomy":"category","embeddable":true,"href":"https:\/\/www.cssr.news\/spanish\/wp-json\/wp\/v2\/categories?post=30798"},{"taxonomy":"post_tag","embeddable":true,"href":"https:\/\/www.cssr.news\/spanish\/wp-json\/wp\/v2\/tags?post=30798"}],"curies":[{"name":"wp","href":"https:\/\/api.w.org\/{rel}","templated":true}]}}