{"id":30802,"date":"2026-04-15T09:33:33","date_gmt":"2026-04-15T07:33:33","guid":{"rendered":"https:\/\/www.cssr.news\/spanish\/?p=30802"},"modified":"2026-04-15T09:41:14","modified_gmt":"2026-04-15T07:41:14","slug":"paraguay-celebracion-de-la-fiesta-de-san-gerardo","status":"publish","type":"post","link":"https:\/\/www.cssr.news\/spanish\/2026\/04\/paraguay-celebracion-de-la-fiesta-de-san-gerardo\/","title":{"rendered":"Paraguay: Celebraci\u00f3n de la Fiesta de San Gerardo"},"content":{"rendered":"\n<p>El pasado Lunes 6 de Abril, la Parroquia San Gerardo de Asunci\u00f3n (Paraguay), celebr\u00f3 con mucho fervor los 300 a\u00f1os del nacimiento de San Gerardo.<\/p>\n\n\n\n<p>La fiesta jubilar empez\u00f3 con la celebraci\u00f3n de la Santa Misa, presidida por el cura p\u00e1rroco, el P. Leonardo Valdez, C. Ss. R. y concelebrada por varios misioneros redentoristas. Adem\u00e1s, se cont\u00f3 con la presencia de los seminaristas de la Casa de Formaci\u00f3n Pedro Donders, acompa\u00f1ados por sus formadores, el P. Miguel \u00c1ngel Mart\u00ednez y el P. Gustavo Dold\u00e1n.<\/p>\n\n\n\n<figure class=\"wp-block-gallery columns-3 is-cropped\"><ul class=\"blocks-gallery-grid\"><li class=\"blocks-gallery-item\"><figure><a href=\"http:\/\/www.cssr.news\/spanish\/wp-content\/uploads\/sites\/3\/2026\/04\/sn2026_paraguay04_01.jpeg\"><img width=\"768\" height=\"1024\" src=\"http:\/\/www.cssr.news\/spanish\/wp-content\/uploads\/sites\/3\/2026\/04\/sn2026_paraguay04_01-768x1024.jpeg\" alt=\"\" data-id=\"30803\" data-full-url=\"http:\/\/www.cssr.news\/spanish\/wp-content\/uploads\/sites\/3\/2026\/04\/sn2026_paraguay04_01.jpeg\" data-link=\"https:\/\/www.cssr.news\/spanish\/2026\/04\/paraguay-celebracion-de-la-fiesta-de-san-gerardo\/sn2026_paraguay04_01\/\" class=\"wp-image-30803\" srcset=\"https:\/\/www.cssr.news\/spanish\/wp-content\/uploads\/sites\/3\/2026\/04\/sn2026_paraguay04_01-768x1024.jpeg 768w, https:\/\/www.cssr.news\/spanish\/wp-content\/uploads\/sites\/3\/2026\/04\/sn2026_paraguay04_01-225x300.jpeg 225w, https:\/\/www.cssr.news\/spanish\/wp-content\/uploads\/sites\/3\/2026\/04\/sn2026_paraguay04_01-696x928.jpeg 696w, https:\/\/www.cssr.news\/spanish\/wp-content\/uploads\/sites\/3\/2026\/04\/sn2026_paraguay04_01-315x420.jpeg 315w, https:\/\/www.cssr.news\/spanish\/wp-content\/uploads\/sites\/3\/2026\/04\/sn2026_paraguay04_01.jpeg 780w\" sizes=\"(max-width: 768px) 100vw, 768px\" \/><\/a><\/figure><\/li><li class=\"blocks-gallery-item\"><figure><a href=\"http:\/\/www.cssr.news\/spanish\/wp-content\/uploads\/sites\/3\/2026\/04\/sn2026_paraguay04_09.jpg\"><img width=\"1024\" height=\"1024\" src=\"http:\/\/www.cssr.news\/spanish\/wp-content\/uploads\/sites\/3\/2026\/04\/sn2026_paraguay04_09-1024x1024.jpg\" alt=\"\" data-id=\"30808\" data-full-url=\"http:\/\/www.cssr.news\/spanish\/wp-content\/uploads\/sites\/3\/2026\/04\/sn2026_paraguay04_09.jpg\" data-link=\"https:\/\/www.cssr.news\/spanish\/2026\/04\/paraguay-celebracion-de-la-fiesta-de-san-gerardo\/sn2026_paraguay04_09\/\" class=\"wp-image-30808\" srcset=\"https:\/\/www.cssr.news\/spanish\/wp-content\/uploads\/sites\/3\/2026\/04\/sn2026_paraguay04_09-1024x1024.jpg 1024w, https:\/\/www.cssr.news\/spanish\/wp-content\/uploads\/sites\/3\/2026\/04\/sn2026_paraguay04_09-300x300.jpg 300w, https:\/\/www.cssr.news\/spanish\/wp-content\/uploads\/sites\/3\/2026\/04\/sn2026_paraguay04_09-150x150.jpg 150w, https:\/\/www.cssr.news\/spanish\/wp-content\/uploads\/sites\/3\/2026\/04\/sn2026_paraguay04_09-768x768.jpg 768w, https:\/\/www.cssr.news\/spanish\/wp-content\/uploads\/sites\/3\/2026\/04\/sn2026_paraguay04_09-696x696.jpg 696w, https:\/\/www.cssr.news\/spanish\/wp-content\/uploads\/sites\/3\/2026\/04\/sn2026_paraguay04_09-1068x1068.jpg 1068w, https:\/\/www.cssr.news\/spanish\/wp-content\/uploads\/sites\/3\/2026\/04\/sn2026_paraguay04_09-420x420.jpg 420w, https:\/\/www.cssr.news\/spanish\/wp-content\/uploads\/sites\/3\/2026\/04\/sn2026_paraguay04_09.jpg 1440w\" sizes=\"(max-width: 1024px) 100vw, 1024px\" \/><\/a><\/figure><\/li><li class=\"blocks-gallery-item\"><figure><a href=\"http:\/\/www.cssr.news\/spanish\/wp-content\/uploads\/sites\/3\/2026\/04\/sn2026_paraguay04_08.jpg\"><img width=\"1024\" height=\"1024\" src=\"http:\/\/www.cssr.news\/spanish\/wp-content\/uploads\/sites\/3\/2026\/04\/sn2026_paraguay04_08-1024x1024.jpg\" alt=\"\" data-id=\"30809\" data-full-url=\"http:\/\/www.cssr.news\/spanish\/wp-content\/uploads\/sites\/3\/2026\/04\/sn2026_paraguay04_08.jpg\" data-link=\"https:\/\/www.cssr.news\/spanish\/2026\/04\/paraguay-celebracion-de-la-fiesta-de-san-gerardo\/sn2026_paraguay04_08\/\" class=\"wp-image-30809\" srcset=\"https:\/\/www.cssr.news\/spanish\/wp-content\/uploads\/sites\/3\/2026\/04\/sn2026_paraguay04_08-1024x1024.jpg 1024w, https:\/\/www.cssr.news\/spanish\/wp-content\/uploads\/sites\/3\/2026\/04\/sn2026_paraguay04_08-300x300.jpg 300w, https:\/\/www.cssr.news\/spanish\/wp-content\/uploads\/sites\/3\/2026\/04\/sn2026_paraguay04_08-150x150.jpg 150w, https:\/\/www.cssr.news\/spanish\/wp-content\/uploads\/sites\/3\/2026\/04\/sn2026_paraguay04_08-768x768.jpg 768w, https:\/\/www.cssr.news\/spanish\/wp-content\/uploads\/sites\/3\/2026\/04\/sn2026_paraguay04_08-696x696.jpg 696w, https:\/\/www.cssr.news\/spanish\/wp-content\/uploads\/sites\/3\/2026\/04\/sn2026_paraguay04_08-1068x1068.jpg 1068w, https:\/\/www.cssr.news\/spanish\/wp-content\/uploads\/sites\/3\/2026\/04\/sn2026_paraguay04_08-420x420.jpg 420w, https:\/\/www.cssr.news\/spanish\/wp-content\/uploads\/sites\/3\/2026\/04\/sn2026_paraguay04_08.jpg 1440w\" sizes=\"(max-width: 1024px) 100vw, 1024px\" \/><\/a><\/figure><\/li><li class=\"blocks-gallery-item\"><figure><a href=\"http:\/\/www.cssr.news\/spanish\/wp-content\/uploads\/sites\/3\/2026\/04\/sn2026_paraguay04_07.jpg\"><img width=\"768\" height=\"1024\" src=\"http:\/\/www.cssr.news\/spanish\/wp-content\/uploads\/sites\/3\/2026\/04\/sn2026_paraguay04_07-768x1024.jpg\" alt=\"\" data-id=\"30811\" data-full-url=\"http:\/\/www.cssr.news\/spanish\/wp-content\/uploads\/sites\/3\/2026\/04\/sn2026_paraguay04_07.jpg\" data-link=\"https:\/\/www.cssr.news\/spanish\/2026\/04\/paraguay-celebracion-de-la-fiesta-de-san-gerardo\/sn2026_paraguay04_07\/\" class=\"wp-image-30811\" srcset=\"https:\/\/www.cssr.news\/spanish\/wp-content\/uploads\/sites\/3\/2026\/04\/sn2026_paraguay04_07-768x1024.jpg 768w, https:\/\/www.cssr.news\/spanish\/wp-content\/uploads\/sites\/3\/2026\/04\/sn2026_paraguay04_07-225x300.jpg 225w, https:\/\/www.cssr.news\/spanish\/wp-content\/uploads\/sites\/3\/2026\/04\/sn2026_paraguay04_07-1152x1536.jpg 1152w, https:\/\/www.cssr.news\/spanish\/wp-content\/uploads\/sites\/3\/2026\/04\/sn2026_paraguay04_07-696x928.jpg 696w, https:\/\/www.cssr.news\/spanish\/wp-content\/uploads\/sites\/3\/2026\/04\/sn2026_paraguay04_07-1068x1424.jpg 1068w, https:\/\/www.cssr.news\/spanish\/wp-content\/uploads\/sites\/3\/2026\/04\/sn2026_paraguay04_07-315x420.jpg 315w, https:\/\/www.cssr.news\/spanish\/wp-content\/uploads\/sites\/3\/2026\/04\/sn2026_paraguay04_07.jpg 1440w\" sizes=\"(max-width: 768px) 100vw, 768px\" \/><\/a><\/figure><\/li><li class=\"blocks-gallery-item\"><figure><a href=\"http:\/\/www.cssr.news\/spanish\/wp-content\/uploads\/sites\/3\/2026\/04\/sn2026_paraguay04_06.jpg\"><img width=\"768\" height=\"1024\" src=\"http:\/\/www.cssr.news\/spanish\/wp-content\/uploads\/sites\/3\/2026\/04\/sn2026_paraguay04_06-768x1024.jpg\" alt=\"\" data-id=\"30812\" data-full-url=\"http:\/\/www.cssr.news\/spanish\/wp-content\/uploads\/sites\/3\/2026\/04\/sn2026_paraguay04_06.jpg\" data-link=\"https:\/\/www.cssr.news\/spanish\/2026\/04\/paraguay-celebracion-de-la-fiesta-de-san-gerardo\/sn2026_paraguay04_06\/\" class=\"wp-image-30812\" srcset=\"https:\/\/www.cssr.news\/spanish\/wp-content\/uploads\/sites\/3\/2026\/04\/sn2026_paraguay04_06-768x1024.jpg 768w, https:\/\/www.cssr.news\/spanish\/wp-content\/uploads\/sites\/3\/2026\/04\/sn2026_paraguay04_06-225x300.jpg 225w, https:\/\/www.cssr.news\/spanish\/wp-content\/uploads\/sites\/3\/2026\/04\/sn2026_paraguay04_06-1152x1536.jpg 1152w, https:\/\/www.cssr.news\/spanish\/wp-content\/uploads\/sites\/3\/2026\/04\/sn2026_paraguay04_06-696x928.jpg 696w, https:\/\/www.cssr.news\/spanish\/wp-content\/uploads\/sites\/3\/2026\/04\/sn2026_paraguay04_06-1068x1424.jpg 1068w, https:\/\/www.cssr.news\/spanish\/wp-content\/uploads\/sites\/3\/2026\/04\/sn2026_paraguay04_06-315x420.jpg 315w, https:\/\/www.cssr.news\/spanish\/wp-content\/uploads\/sites\/3\/2026\/04\/sn2026_paraguay04_06.jpg 1440w\" sizes=\"(max-width: 768px) 100vw, 768px\" \/><\/a><\/figure><\/li><\/ul><\/figure>\n\n\n\n<p>Los devotos de San Gerardo llenaron el templo que result\u00f3 peque\u00f1o ante la fervorosa concurrencia de la felegres\u00eda.<br>Al t\u00e9rmino de la Santa Misa, se realiz\u00f3 un festival folkl\u00f3rico en homenaje a San Gerardo con la presencia de talentosos artistas que ofrendaron su arte para homenajear al m\u00e1s popular de los santos redentoristas.<\/p>\n\n\n\n<p>P. Leonardo Valdez, C. Ss.R.<\/p>\n","protected":false},"excerpt":{"rendered":"<p>El pasado Lunes 6 de Abril, la Parroquia San Gerardo de Asunci\u00f3n (Paraguay), celebr\u00f3 con mucho fervor los 300 a\u00f1os del nacimiento de San Gerardo. La fiesta jubilar empez\u00f3 con la celebraci\u00f3n de la Santa Misa, presidida por el cura p\u00e1rroco, el P. Leonardo Valdez, C. Ss. R. y concelebrada por varios misioneros redentoristas. Adem\u00e1s, [&hellip;]<\/p>\n","protected":false},"author":3,"featured_media":30806,"comment_status":"closed","ping_status":"closed","sticky":false,"template":"","format":"standard","meta":[],"categories":[2],"tags":[],"_links":{"self":[{"href":"https:\/\/www.cssr.news\/spanish\/wp-json\/wp\/v2\/posts\/30802"}],"collection":[{"href":"https:\/\/www.cssr.news\/spanish\/wp-json\/wp\/v2\/posts"}],"about":[{"href":"https:\/\/www.cssr.news\/spanish\/wp-json\/wp\/v2\/types\/post"}],"author":[{"embeddable":true,"href":"https:\/\/www.cssr.news\/spanish\/wp-json\/wp\/v2\/users\/3"}],"replies":[{"embeddable":true,"href":"https:\/\/www.cssr.news\/spanish\/wp-json\/wp\/v2\/comments?post=30802"}],"version-history":[{"count":2,"href":"https:\/\/www.cssr.news\/spanish\/wp-json\/wp\/v2\/posts\/30802\/revisions"}],"predecessor-version":[{"id":30815,"href":"https:\/\/www.cssr.news\/spanish\/wp-json\/wp\/v2\/posts\/30802\/revisions\/30815"}],"wp:featuredmedia":[{"embeddable":true,"href":"https:\/\/www.cssr.news\/spanish\/wp-json\/wp\/v2\/media\/30806"}],"wp:attachment":[{"href":"https:\/\/www.cssr.news\/spanish\/wp-json\/wp\/v2\/media?parent=30802"}],"wp:term":[{"taxonomy":"category","embeddable":true,"href":"https:\/\/www.cssr.news\/spanish\/wp-json\/wp\/v2\/categories?post=30802"},{"taxonomy":"post_tag","embeddable":true,"href":"https:\/\/www.cssr.news\/spanish\/wp-json\/wp\/v2\/tags?post=30802"}],"curies":[{"name":"wp","href":"https:\/\/api.w.org\/{rel}","templated":true}]}}