{"id":30825,"date":"2026-04-17T09:48:34","date_gmt":"2026-04-17T07:48:34","guid":{"rendered":"https:\/\/www.cssr.news\/spanish\/?p=30825"},"modified":"2026-04-17T11:12:34","modified_gmt":"2026-04-17T09:12:34","slug":"brasil-obispos-redentoristas-se-reunen-en-vila-san-alfonso","status":"publish","type":"post","link":"https:\/\/www.cssr.news\/spanish\/2026\/04\/brasil-obispos-redentoristas-se-reunen-en-vila-san-alfonso\/","title":{"rendered":"Brasil: Obispos Redentoristas se reunen en Vila San Alfonso"},"content":{"rendered":"\n<p>Obispos Redentoristas celebran encuentro en Vila Santo Afonso. El encuentro promovi\u00f3 el intercambio de realidades diocesanas y reforz\u00f3 la misi\u00f3n evangelizadora centrada en los m\u00e1s necesitados, a la luz del carisma redentorista.<\/p>\n\n\n\n<p>Entre el 12 y el 14 de abril, los obispos redentoristas de Brasil se reunieron en Vila Santo Afonso, Guaratinguet\u00e1 (SP), para un encuentro fraterno donde tuvieron la oportunidad de compartir las diferentes realidades de sus respectivas di\u00f3cesis.<\/p>\n\n\n\n<p>El encuentro tambi\u00e9n constituye un per\u00edodo de preparaci\u00f3n espiritual para su participaci\u00f3n en la 62.\u00aa Asamblea General de la CNBB (Conferencia Nacional de Obispos de Brasil), que comienza el mi\u00e9rcoles 15 en Aparecida (SP), cuyo tema central es la votaci\u00f3n y posible aprobaci\u00f3n de las nuevas Directrices Generales para la Acci\u00f3n Evangelizadora de la Iglesia en Brasil.<\/p>\n\n\n\n<p>Los siguientes obispos redentoristas participaron en el encuentro:<\/p>\n\n\n\n<ul><li>Mons. Jos\u00e9 Luiz Majella, Arzobispo Metropolitano de Pouso Alegre (MG);<\/li><li>Mons. Jos\u00e9 Luiz Ferreira Salles, Obispo de Pesqueira (PE);<\/li><li>Mons. Darci Jos\u00e9 Nicioli, Arzobispo Metropolitano de Diamantina (MG);<\/li><li>Mons. Geraldo de Paula Souza, Obispo Auxiliar de la Arquidi\u00f3cesis de Niter\u00f3i (RJ);<\/li><li>Mons. Jo\u00e3o Batista Alves do Nascimento, obispo de Barra (BA);<\/li><li>Mons. Jo\u00e9rcio Gon\u00e7alves Pereira, obispo em\u00e9rito de Coari (AM);<\/li><li>Mons. Jo\u00e3o Batista Alves do Nascimento, obispo de Barra (BA).<\/li><\/ul>\n\n\n\n<p>La reuni\u00f3n de obispos redentoristas brasile\u00f1os estuvo motivada por el Primer Encuentro Internacional de Obispos Redentoristas, celebrado en junio de 2025 en el Vaticano durante el Jubileo de los Obispos.<\/p>\n\n\n\n<p>En esa ocasi\u00f3n, el Superior Provincial de la Provincia de Nuestra Se\u00f1ora de Aparecida, P. Marlos Aur\u00e9lio da Silva, C.Ss.R., estuvo presente e imparti\u00f3 una conferencia sobre la reestructuraci\u00f3n de la Congregaci\u00f3n del Sant\u00edsimo Redentor para responder a las demandas contempor\u00e1neas.<\/p>\n\n\n\n<p>A lo largo de la reuni\u00f3n, la figura de San Alfonso Mar\u00eda de Ligorio, fundador de la Congregaci\u00f3n Redentorista, fue tela de reflexi\u00f3n por su importancia para la Iglesia, como obispo profundamente comprometido con el cuidado del pueblo de Dios.<\/p>\n\n\n\n<p>Hay que recordar que incluso como obispos, siguen siendo misioneros redentoristas comprometidos con la difusi\u00f3n de la abundante redenci\u00f3n entre los m\u00e1s necesitados, tal como les ense\u00f1\u00f3 el santo fundador de la congregaci\u00f3n.<\/p>\n\n\n\n<p>Por lo tanto, pedimos a todos de unirnos en oraci\u00f3n por los obispos redentoristas que participar\u00e1n en la 62\u00aa Asamblea General de la CNBB (Conferencia Nacional de Obispos Cat\u00f3licos de Brasil), para que puedan discernir con sabidur\u00eda y fidelidad los caminos de la evangelizaci\u00f3n en Brasil, especialmente en la votaci\u00f3n de las nuevas Directrices Generales para la Acci\u00f3n Evangelizadora de la Iglesia en Brasil.<\/p>\n\n\n\n<p>(fuente a12.com)<\/p>\n\n\n\n<figure class=\"wp-block-embed is-type-video is-provider-youtube wp-block-embed-youtube wp-embed-aspect-16-9 wp-has-aspect-ratio\"><div class=\"wp-block-embed__wrapper\">\n<iframe title=\"Encontro dos Bispos Redentoristas | Comunh\u00e3o, miss\u00e3o e esperan\u00e7a para a Igreja\" width=\"696\" height=\"392\" src=\"https:\/\/www.youtube.com\/embed\/XJxbmsp8bAY?feature=oembed\" frameborder=\"0\" allow=\"accelerometer; autoplay; clipboard-write; encrypted-media; gyroscope; picture-in-picture; web-share\" referrerpolicy=\"strict-origin-when-cross-origin\" allowfullscreen><\/iframe>\n<\/div><\/figure>\n","protected":false},"excerpt":{"rendered":"<p>Obispos Redentoristas celebran encuentro en Vila Santo Afonso. El encuentro promovi\u00f3 el intercambio de realidades diocesanas y reforz\u00f3 la misi\u00f3n evangelizadora centrada en los m\u00e1s necesitados, a la luz del carisma redentorista. Entre el 12 y el 14 de abril, los obispos redentoristas de Brasil se reunieron en Vila Santo Afonso, Guaratinguet\u00e1 (SP), para un [&hellip;]<\/p>\n","protected":false},"author":3,"featured_media":30826,"comment_status":"closed","ping_status":"closed","sticky":false,"template":"","format":"standard","meta":[],"categories":[2],"tags":[],"_links":{"self":[{"href":"https:\/\/www.cssr.news\/spanish\/wp-json\/wp\/v2\/posts\/30825"}],"collection":[{"href":"https:\/\/www.cssr.news\/spanish\/wp-json\/wp\/v2\/posts"}],"about":[{"href":"https:\/\/www.cssr.news\/spanish\/wp-json\/wp\/v2\/types\/post"}],"author":[{"embeddable":true,"href":"https:\/\/www.cssr.news\/spanish\/wp-json\/wp\/v2\/users\/3"}],"replies":[{"embeddable":true,"href":"https:\/\/www.cssr.news\/spanish\/wp-json\/wp\/v2\/comments?post=30825"}],"version-history":[{"count":2,"href":"https:\/\/www.cssr.news\/spanish\/wp-json\/wp\/v2\/posts\/30825\/revisions"}],"predecessor-version":[{"id":30831,"href":"https:\/\/www.cssr.news\/spanish\/wp-json\/wp\/v2\/posts\/30825\/revisions\/30831"}],"wp:featuredmedia":[{"embeddable":true,"href":"https:\/\/www.cssr.news\/spanish\/wp-json\/wp\/v2\/media\/30826"}],"wp:attachment":[{"href":"https:\/\/www.cssr.news\/spanish\/wp-json\/wp\/v2\/media?parent=30825"}],"wp:term":[{"taxonomy":"category","embeddable":true,"href":"https:\/\/www.cssr.news\/spanish\/wp-json\/wp\/v2\/categories?post=30825"},{"taxonomy":"post_tag","embeddable":true,"href":"https:\/\/www.cssr.news\/spanish\/wp-json\/wp\/v2\/tags?post=30825"}],"curies":[{"name":"wp","href":"https:\/\/api.w.org\/{rel}","templated":true}]}}