{"id":30828,"date":"2026-04-17T09:53:41","date_gmt":"2026-04-17T07:53:41","guid":{"rendered":"https:\/\/www.cssr.news\/spanish\/?p=30828"},"modified":"2026-04-17T09:53:43","modified_gmt":"2026-04-17T07:53:43","slug":"reunion-de-transicion-al-ministerio-en-la-provincia-andino-caribena-de-los-redentoristas","status":"publish","type":"post","link":"https:\/\/www.cssr.news\/spanish\/2026\/04\/reunion-de-transicion-al-ministerio-en-la-provincia-andino-caribena-de-los-redentoristas\/","title":{"rendered":"Reuni\u00f3n de transici\u00f3n al ministerio en la Provincia Andino-Caribe\u00f1a de los Redentoristas"},"content":{"rendered":"\n<p>Habiendo vivido la celebraci\u00f3n de la Semana Santa en diversas comunidades y siguiendo la costumbre de a\u00f1os anteriores, se ha llevado a cabo el encuentro de transici\u00f3n al ministerio en la semana de pascua. Se desarroll\u00f3 en Villa Marianella del martes 7 al viernes 10 de abril. Los participantes son los padres Cristian Aza y \u00d3scar Tarazona (5\u00b0 a\u00f1o), Carlos L\u00f3pez (4\u00b0 a\u00f1o), Juan Sebasti\u00e1n Criollo, Johvanny Cu\u00e9llar y Sergio Guerrero (3\u00b0a\u00f1o), Ely Sa\u00fal Mill\u00e1n y Johnny Vargas (2\u00b0 a\u00f1o) los profesos perpetuos Carlos Daniel Franco, Reilander Aldana, Alexander Hern\u00e1ndez y el Hermano Jorge Campo Flor. Este encuentro ha sido dirigido por el Padre Samuel Torres y cont\u00f3 con la presencia del Superior Provincial Mauricio Monroy.<\/p>\n\n\n\n<p>La programaci\u00f3n incluy\u00f3 momentos de formaci\u00f3n en ciertos temas, tiempos de oraci\u00f3n, de descanso, de di\u00e1logo fraterno y de recreaci\u00f3n en deporte y gaudeamus. Despu\u00e9s de la llegada e instalaci\u00f3n en la tarde del martes, hubo un primer bloque formativo el mi\u00e9rcoles a cargo de las hermanas Kalina Becerra y Seila Gonz\u00e1lez, de la Fraternidad Misionera Verbum Dei. Bajo el lema \u201camar\u00e1s con todo\u201d se nos exhort\u00f3 a asimilar que nuestro llamado implica totalidad, plenitud de consagraci\u00f3n e integraci\u00f3n personal en torno a Jes\u00fas y la misi\u00f3n.<\/p>\n\n\n\n<p>El jueves el Superior Provincial, Padre Mauricio Monroy, nos orient\u00f3 en una profundizaci\u00f3n en el liderazgo en la Congregaci\u00f3n. Teniendo en cuenta que el Gobierno General ha designado para el presente a\u00f1o el \u00e9nfasis en este tema y la necesidad real y notable que se observa de reavivar el liderazgo en nuestra unidad, hicimos una lectura dialogada y orante de la segunda comunicanda del anterior Superior General, Michael Brehl, del a\u00f1o 2019.<\/p>\n\n\n\n<p>Finalmente, el viernes, el Padre Samuel Torres suscit\u00f3 el di\u00e1logo en torno a la asimilaci\u00f3n del Misterio Pascual que acabamos de celebrar en Semana Santa y algunos elementos del pasaje de los disc\u00edpulos de Ema\u00fas, aplic\u00e1ndolo a nuestra realidad vocacional. Fue un momento en el cual los diversos aspectos de la pascua dieron lugar a intervenciones de los participantes para exponer dudas, opiniones, testimonios y exhortaciones en relaci\u00f3n con la etapa formativa en que nos encontramos.<\/p>\n\n\n\n<p>Hemos percibido esta como una experiencia gratificante y constructiva. Resaltamos el valor de poder compartir tiempo, experiencias, comida, deporte, oraci\u00f3n y formaci\u00f3n con cohermanos con los cuales, durante la formaci\u00f3n inicial, se ha desarrollado gran familiaridad. Es un est\u00edmulo para perseverar con alegr\u00eda y fidelidad. Agradecemos a todos los que han hecho posible esta experiencia.<\/p>\n\n\n\n<p>P. Carlos Eduardo L\u00f3pez Hern\u00e1ndez C.Ss.R.<\/p>\n","protected":false},"excerpt":{"rendered":"<p>Habiendo vivido la celebraci\u00f3n de la Semana Santa en diversas comunidades y siguiendo la costumbre de a\u00f1os anteriores, se ha llevado a cabo el encuentro de transici\u00f3n al ministerio en la semana de pascua. Se desarroll\u00f3 en Villa Marianella del martes 7 al viernes 10 de abril. Los participantes son los padres Cristian Aza y [&hellip;]<\/p>\n","protected":false},"author":3,"featured_media":30829,"comment_status":"closed","ping_status":"closed","sticky":false,"template":"","format":"standard","meta":[],"categories":[16],"tags":[],"_links":{"self":[{"href":"https:\/\/www.cssr.news\/spanish\/wp-json\/wp\/v2\/posts\/30828"}],"collection":[{"href":"https:\/\/www.cssr.news\/spanish\/wp-json\/wp\/v2\/posts"}],"about":[{"href":"https:\/\/www.cssr.news\/spanish\/wp-json\/wp\/v2\/types\/post"}],"author":[{"embeddable":true,"href":"https:\/\/www.cssr.news\/spanish\/wp-json\/wp\/v2\/users\/3"}],"replies":[{"embeddable":true,"href":"https:\/\/www.cssr.news\/spanish\/wp-json\/wp\/v2\/comments?post=30828"}],"version-history":[{"count":1,"href":"https:\/\/www.cssr.news\/spanish\/wp-json\/wp\/v2\/posts\/30828\/revisions"}],"predecessor-version":[{"id":30830,"href":"https:\/\/www.cssr.news\/spanish\/wp-json\/wp\/v2\/posts\/30828\/revisions\/30830"}],"wp:featuredmedia":[{"embeddable":true,"href":"https:\/\/www.cssr.news\/spanish\/wp-json\/wp\/v2\/media\/30829"}],"wp:attachment":[{"href":"https:\/\/www.cssr.news\/spanish\/wp-json\/wp\/v2\/media?parent=30828"}],"wp:term":[{"taxonomy":"category","embeddable":true,"href":"https:\/\/www.cssr.news\/spanish\/wp-json\/wp\/v2\/categories?post=30828"},{"taxonomy":"post_tag","embeddable":true,"href":"https:\/\/www.cssr.news\/spanish\/wp-json\/wp\/v2\/tags?post=30828"}],"curies":[{"name":"wp","href":"https:\/\/api.w.org\/{rel}","templated":true}]}}