{"id":30845,"date":"2026-04-19T15:32:39","date_gmt":"2026-04-19T13:32:39","guid":{"rendered":"https:\/\/www.cssr.news\/spanish\/?p=30845"},"modified":"2026-04-19T15:39:33","modified_gmt":"2026-04-19T13:39:33","slug":"capitulo-xxv-ii-de-mexico-preparando-la-unificacion-definitiva-con-provincia-de-norteamerica","status":"publish","type":"post","link":"https:\/\/www.cssr.news\/spanish\/2026\/04\/capitulo-xxv-ii-de-mexico-preparando-la-unificacion-definitiva-con-provincia-de-norteamerica\/","title":{"rendered":"C\u00e1pitulo XXV-II de M\u00e9xico, preparando la unificaci\u00f3n como nueva Provincia de Norteam\u00e9rica"},"content":{"rendered":"\n<p>La semana del 13 al 17 de abril 2026, se ha realizado el Cap\u00edtulo XXV, segunda parte, de lo que hasta hoy conocemos como la Provincia de M\u00e9xico.<\/p>\n\n\n\n<p>El lunes 13 de abril por la ma\u00f1ana inici\u00f3 el Cap\u00edtulo Provincial XXV-II con la oraci\u00f3n de apertura, las palabras de bienvenida, la presentaci\u00f3n de los participantes (16 capitulares) y la declaraci\u00f3n oficial de que el cap\u00edtulo queda inaugurado. Entre otros miembros elegidos, asistieron: los pp. Joaqu\u00edn Frausto, Israel Romo, Fredy Casta\u00f1eda, Carlos Jim\u00e9nez.<\/p>\n\n\n\n<figure class=\"wp-block-image size-large\"><a href=\"http:\/\/www.cssr.news\/spanish\/wp-content\/uploads\/sites\/3\/2026\/04\/sn2026_04mexico02.jpg\"><img width=\"1024\" height=\"1024\" src=\"http:\/\/www.cssr.news\/spanish\/wp-content\/uploads\/sites\/3\/2026\/04\/sn2026_04mexico02-1024x1024.jpg\" alt=\"\" class=\"wp-image-30848\" srcset=\"https:\/\/www.cssr.news\/spanish\/wp-content\/uploads\/sites\/3\/2026\/04\/sn2026_04mexico02-1024x1024.jpg 1024w, https:\/\/www.cssr.news\/spanish\/wp-content\/uploads\/sites\/3\/2026\/04\/sn2026_04mexico02-300x300.jpg 300w, https:\/\/www.cssr.news\/spanish\/wp-content\/uploads\/sites\/3\/2026\/04\/sn2026_04mexico02-150x150.jpg 150w, https:\/\/www.cssr.news\/spanish\/wp-content\/uploads\/sites\/3\/2026\/04\/sn2026_04mexico02-768x768.jpg 768w, https:\/\/www.cssr.news\/spanish\/wp-content\/uploads\/sites\/3\/2026\/04\/sn2026_04mexico02-696x696.jpg 696w, https:\/\/www.cssr.news\/spanish\/wp-content\/uploads\/sites\/3\/2026\/04\/sn2026_04mexico02-1068x1068.jpg 1068w, https:\/\/www.cssr.news\/spanish\/wp-content\/uploads\/sites\/3\/2026\/04\/sn2026_04mexico02-420x420.jpg 420w, https:\/\/www.cssr.news\/spanish\/wp-content\/uploads\/sites\/3\/2026\/04\/sn2026_04mexico02.jpg 1080w\" sizes=\"(max-width: 1024px) 100vw, 1024px\" \/><\/a><\/figure>\n\n\n\n<p>Este cap\u00edtulo ser\u00e1 un antes y un despu\u00e9s para la historia de los Redentoristas en M\u00e9xico.<\/p>\n\n\n\n<p>Nuestra provincia est\u00e1 en proceso de unificaci\u00f3n con las provincias de Estados Unidos, lo cual significa que se vienen nuevos proyectos: cambios estructurales, cambios en el personal y sobre todo nuevas din\u00e1micas misioneras.<\/p>\n\n\n\n<p>Entre las conclusiones de esta semana de trabajo fueron aprobados muchos postulados. Pero destaca uno en particular. Se trata del postulado que pide al Gobierno Provincial env\u00ede, junto a los provinciales de Denver y Baltimore, la carta donde se solicita la supresi\u00f3n de la Provincia para constituir una Nueva: <strong>La Provincia Seelos de Norteam\u00e9rica<\/strong>.<\/p>\n\n\n\n<p>Para M\u00e9xico, como para las otras dos provincias, no se trata del final de una rica historia y tradici\u00f3n misioneras, sino su continuaci\u00f3n ahora en un territorio m\u00e1s amplio, con nuevos retos, riesgos y oportunidades.<\/p>\n\n\n\n<p>Como Hijos de San Alfonso continuaremos nuestra historia de responder a las necesidades de los m\u00e1s abandonados en esta porci\u00f3n del mundo que se nos ha confiado.<\/p>\n\n\n\n<p>Manuel Meza CSsR \/ Scala News<\/p>\n","protected":false},"excerpt":{"rendered":"<p>La semana del 13 al 17 de abril 2026, se ha realizado el Cap\u00edtulo XXV, segunda parte, de lo que hasta hoy conocemos como la Provincia de M\u00e9xico. El lunes 13 de abril por la ma\u00f1ana inici\u00f3 el Cap\u00edtulo Provincial XXV-II con la oraci\u00f3n de apertura, las palabras de bienvenida, la presentaci\u00f3n de los participantes [&hellip;]<\/p>\n","protected":false},"author":3,"featured_media":30852,"comment_status":"closed","ping_status":"closed","sticky":false,"template":"","format":"standard","meta":[],"categories":[11],"tags":[],"_links":{"self":[{"href":"https:\/\/www.cssr.news\/spanish\/wp-json\/wp\/v2\/posts\/30845"}],"collection":[{"href":"https:\/\/www.cssr.news\/spanish\/wp-json\/wp\/v2\/posts"}],"about":[{"href":"https:\/\/www.cssr.news\/spanish\/wp-json\/wp\/v2\/types\/post"}],"author":[{"embeddable":true,"href":"https:\/\/www.cssr.news\/spanish\/wp-json\/wp\/v2\/users\/3"}],"replies":[{"embeddable":true,"href":"https:\/\/www.cssr.news\/spanish\/wp-json\/wp\/v2\/comments?post=30845"}],"version-history":[{"count":4,"href":"https:\/\/www.cssr.news\/spanish\/wp-json\/wp\/v2\/posts\/30845\/revisions"}],"predecessor-version":[{"id":30853,"href":"https:\/\/www.cssr.news\/spanish\/wp-json\/wp\/v2\/posts\/30845\/revisions\/30853"}],"wp:featuredmedia":[{"embeddable":true,"href":"https:\/\/www.cssr.news\/spanish\/wp-json\/wp\/v2\/media\/30852"}],"wp:attachment":[{"href":"https:\/\/www.cssr.news\/spanish\/wp-json\/wp\/v2\/media?parent=30845"}],"wp:term":[{"taxonomy":"category","embeddable":true,"href":"https:\/\/www.cssr.news\/spanish\/wp-json\/wp\/v2\/categories?post=30845"},{"taxonomy":"post_tag","embeddable":true,"href":"https:\/\/www.cssr.news\/spanish\/wp-json\/wp\/v2\/tags?post=30845"}],"curies":[{"name":"wp","href":"https:\/\/api.w.org\/{rel}","templated":true}]}}