{"id":30854,"date":"2026-04-20T12:01:24","date_gmt":"2026-04-20T10:01:24","guid":{"rendered":"https:\/\/www.cssr.news\/spanish\/?p=30854"},"modified":"2026-04-24T10:23:05","modified_gmt":"2026-04-24T08:23:05","slug":"estados-unidos-steve-urban-cssr-es-ordenado-sacerdote-en-kansas-city","status":"publish","type":"post","link":"https:\/\/www.cssr.news\/spanish\/2026\/04\/estados-unidos-steve-urban-cssr-es-ordenado-sacerdote-en-kansas-city\/","title":{"rendered":"Estados Unidos: Steve Urban CSsR es ordenado sacerdote en Kansas City."},"content":{"rendered":"\n<p>El 18 de abril de 2026, el di\u00e1cono redentorista Steve Urban fue ordenado sacerdote en el Santuario de Nuestra Se\u00f1ora del Perpetuo Socorro en Kansas City, Missouri. Complet\u00f3 su noviciado en San Gerardo. La ordenaci\u00f3n fue oficiada por el cardenal arzobispo Joseph Tobin de Newark, Nueva Jersey, tambi\u00e9n miembro de la Congregaci\u00f3n del Sant\u00edsimo Redentor (CSsR).<\/p>\n\n\n\n<p>Steve Urban, CSsR, profes\u00f3 sus votos perpetuos el 1 de agosto de 2025 y fue ordenado di\u00e1cono el 2 de agosto de 2025 en el Santuario de Nuestra Se\u00f1ora del Perpetuo Socorro en Houston, Texas.<\/p>\n\n\n\n<figure class=\"wp-block-gallery columns-3 is-cropped\"><ul class=\"blocks-gallery-grid\"><li class=\"blocks-gallery-item\"><figure><a href=\"http:\/\/www.cssr.news\/italian\/wp-content\/uploads\/sites\/2\/2026\/04\/sn2026_1804_denver05.jpg\"><img src=\"http:\/\/www.cssr.news\/italian\/wp-content\/uploads\/sites\/2\/2026\/04\/sn2026_1804_denver05-683x1024.jpg\" alt=\"\" data-id=\"33229\" data-full-url=\"http:\/\/www.cssr.news\/italian\/wp-content\/uploads\/sites\/2\/2026\/04\/sn2026_1804_denver05.jpg\" data-link=\"https:\/\/www.cssr.news\/italian\/?attachment_id=33229\" class=\"wp-image-33229\"\/><\/a><\/figure><\/li><li class=\"blocks-gallery-item\"><figure><a href=\"http:\/\/www.cssr.news\/italian\/wp-content\/uploads\/sites\/2\/2026\/04\/sn2026_1804_denver01.jpg\"><img src=\"http:\/\/www.cssr.news\/italian\/wp-content\/uploads\/sites\/2\/2026\/04\/sn2026_1804_denver01.jpg\" alt=\"\" data-id=\"33233\" data-full-url=\"http:\/\/www.cssr.news\/italian\/wp-content\/uploads\/sites\/2\/2026\/04\/sn2026_1804_denver01.jpg\" data-link=\"https:\/\/www.cssr.news\/italian\/?attachment_id=33233\" class=\"wp-image-33233\"\/><\/a><\/figure><\/li><li class=\"blocks-gallery-item\"><figure><a href=\"http:\/\/www.cssr.news\/italian\/wp-content\/uploads\/sites\/2\/2026\/04\/sn2026_1804_denver02.jpg\"><img src=\"http:\/\/www.cssr.news\/italian\/wp-content\/uploads\/sites\/2\/2026\/04\/sn2026_1804_denver02.jpg\" alt=\"\" data-id=\"33232\" data-full-url=\"http:\/\/www.cssr.news\/italian\/wp-content\/uploads\/sites\/2\/2026\/04\/sn2026_1804_denver02.jpg\" data-link=\"https:\/\/www.cssr.news\/italian\/?attachment_id=33232\" class=\"wp-image-33232\"\/><\/a><\/figure><\/li><li class=\"blocks-gallery-item\"><figure><a href=\"http:\/\/www.cssr.news\/italian\/wp-content\/uploads\/sites\/2\/2026\/04\/sn2026_1804_denver03.jpg\"><img src=\"http:\/\/www.cssr.news\/italian\/wp-content\/uploads\/sites\/2\/2026\/04\/sn2026_1804_denver03.jpg\" alt=\"\" data-id=\"33231\" data-full-url=\"http:\/\/www.cssr.news\/italian\/wp-content\/uploads\/sites\/2\/2026\/04\/sn2026_1804_denver03.jpg\" data-link=\"https:\/\/www.cssr.news\/italian\/?attachment_id=33231\" class=\"wp-image-33231\"\/><\/a><\/figure><\/li><li class=\"blocks-gallery-item\"><figure><a href=\"http:\/\/www.cssr.news\/italian\/wp-content\/uploads\/sites\/2\/2026\/04\/sn2026_1804_denver04.jpg\"><img src=\"http:\/\/www.cssr.news\/italian\/wp-content\/uploads\/sites\/2\/2026\/04\/sn2026_1804_denver04.jpg\" alt=\"\" data-id=\"33230\" data-full-url=\"http:\/\/www.cssr.news\/italian\/wp-content\/uploads\/sites\/2\/2026\/04\/sn2026_1804_denver04.jpg\" data-link=\"https:\/\/www.cssr.news\/italian\/?attachment_id=33230\" class=\"wp-image-33230\"\/><\/a><\/figure><\/li><li class=\"blocks-gallery-item\"><figure><a href=\"http:\/\/www.cssr.news\/italian\/wp-content\/uploads\/sites\/2\/2026\/04\/sn2026_1804_denver06.jpg\"><img src=\"http:\/\/www.cssr.news\/italian\/wp-content\/uploads\/sites\/2\/2026\/04\/sn2026_1804_denver06-683x1024.jpg\" alt=\"\" data-id=\"33228\" data-full-url=\"http:\/\/www.cssr.news\/italian\/wp-content\/uploads\/sites\/2\/2026\/04\/sn2026_1804_denver06.jpg\" data-link=\"https:\/\/www.cssr.news\/italian\/?attachment_id=33228\" class=\"wp-image-33228\"\/><\/a><\/figure><\/li><\/ul><\/figure>\n\n\n\n<p>En su homil\u00eda, el cardenal Tobin dijo:<br>Queridos amigos, necesitamos reflexionar un momento sobre lo que Steve recibir\u00e1. En el verano de 2016, convers\u00e9 con el papa Francisco, y me dijo: \u00abTobin, no s\u00e9 qu\u00e9 hago aqu\u00ed; los cardenales me pidieron que aceptara este cargo\u00bb. No sab\u00eda si bromeaba, ni qu\u00e9 responder; quiz\u00e1s era mejor guardar silencio\u2026 Luego a\u00f1adi\u00f3: \u00abCreo que ese era su PLAN\u00bb.<\/p>\n\n\n\n<p>Recuerdo cuando visit\u00e9 la comunidad redentorista de Buenos Aires tras el nombramiento de Francisco como arzobispo de la arquidi\u00f3cesis. Lo primero que me dijo fue: \u00abNo s\u00e9 qu\u00e9 hacer, porque no puedo alejarme de la gente. Morir\u00e9 sin mi gente, morir\u00e9 sin mi gente. Pero debo aceptarlo porque es la voluntad de Dios\u00bb.<\/p>\n\n\n\n<p>Algo similar est\u00e1 ocurriendo ahora con Steve: quiz\u00e1s ten\u00eda estudios que terminar, proyectos planeados, pero no formaban parte de la voluntad de Dios. Pero Steve lleva el nombre del primer di\u00e1cono de la historia (Esteban), as\u00ed que deber\u00eda saber que seguir a Cristo no siempre es f\u00e1cil. El llamado del Se\u00f1or exige algo especial de cada uno de nosotros: el matrimonio, la vida religiosa o el sacerdocio. Pero en todo esto, hay una vocaci\u00f3n que nos une a todos: la vocaci\u00f3n al servicio.<\/p>\n\n\n\n<p>Debo a\u00f1adir que Steve ha elegido a los Redentoristas, as\u00ed que predicar\u00e1 no solo a Cristo, sino tambi\u00e9n su Redenci\u00f3n Abundante. Es decir, morir con Cristo para resucitar con \u00e9l. Pero no est\u00e1s solo; como Redentorista, tendr\u00e1s la COMUNIDAD; unido a la comunidad, tendr\u00e1s apoyo y fortaleza para ayudar a los m\u00e1s necesitados. Te convertir\u00e1s en seguidor de Cristo y dar\u00e1s testimonio con tu vida.<\/p>\n\n\n\n<p><strong>Misa de Acci\u00f3n de Gracias<\/strong><\/p>\n\n\n\n<p><strong>Al d\u00eda siguiente,<\/strong> en la <strong>Misa de Acci\u00f3n de Gracias del Padre Steven,<\/strong> escuchamos al Padre Gary Ziuraitis, antiguo p\u00e1rroco de Nuestra Se\u00f1ora del Perpetuo Socorro, quien conoce al Padre Steven desde el inicio de su vocaci\u00f3n. <\/p>\n\n\n\n<p>El describi\u00f3 las generaciones de redentoristas ordenados en la Iglesia de Nuestra Se\u00f1ora del Perpetuo Socorro: ahora el Padre Steven se une a ese grupo. El Padre Gary elogi\u00f3 a la parroquia por crear las condiciones perfectas para que los j\u00f3venes escuchen y respondan al llamado al sacerdocio.<\/p>\n\n\n\n<p>El Padre Gary continu\u00f3 con tres consejos para el Padre Steven. Primero, predicar siempre el esp\u00edritu de la Congregaci\u00f3n: Con Jes\u00fas, hay abundante Redenci\u00f3n. Segundo, del consejo de Pablo a Timoteo: \u00abEl Se\u00f1or no nos ha dado un esp\u00edritu cobarde, sino un esp\u00edritu fuerte, amoroso y sabio\u00bb. Y continu\u00f3: \u00abPredicad la palabra. Estad preparados en todo momento; corregid, reprended y animad con gran paciencia y cuidadosa instrucci\u00f3n\u00bb.<\/p>\n\n\n\n<p>En tercer lugar, de una carta del entonces Superior General Joseph Tobin: \u00abLa preferencia por situaciones propicias para la evangelizaci\u00f3n en sentido estricto, junto con la elecci\u00f3n a favor de los pobres, es la raz\u00f3n de ser de la Congregaci\u00f3n en la Iglesia actual y la prueba de su fidelidad a la vocaci\u00f3n recibida\u00bb.<\/p>\n\n\n\n<p>Al finalizar la Misa, el P. Steven agradeci\u00f3 a todos los presentes, especialmente a su familia y a sus cohermanos.<\/p>\n\n\n\n<p class=\"has-text-align-right\"><em>Scala News\/ denverlink 04.24.26 &#8211; fotos de la p\u00e1gina Facebook de St. Gerard Church<\/em><\/p>\n\n\n\n<p>Puedes ver la ceremonia de ordenaci\u00f3n completa en este enlace:<\/p>\n\n\n\n<p><a href=\"https:\/\/www.youtube.com\/live\/i6-zbg2DgBA\">https:\/\/www.youtube.com\/live\/i6-zbg2DgBA<\/a><\/p>\n","protected":false},"excerpt":{"rendered":"<p>El 18 de abril de 2026, el di\u00e1cono redentorista Steve Urban fue ordenado sacerdote en el Santuario de Nuestra Se\u00f1ora del Perpetuo Socorro en Kansas City, Missouri. Complet\u00f3 su noviciado en San Gerardo. La ordenaci\u00f3n fue oficiada por el cardenal arzobispo Joseph Tobin de Newark, Nueva Jersey, tambi\u00e9n miembro de la Congregaci\u00f3n del Sant\u00edsimo Redentor [&hellip;]<\/p>\n","protected":false},"author":3,"featured_media":30865,"comment_status":"closed","ping_status":"closed","sticky":false,"template":"","format":"standard","meta":[],"categories":[15],"tags":[],"_links":{"self":[{"href":"https:\/\/www.cssr.news\/spanish\/wp-json\/wp\/v2\/posts\/30854"}],"collection":[{"href":"https:\/\/www.cssr.news\/spanish\/wp-json\/wp\/v2\/posts"}],"about":[{"href":"https:\/\/www.cssr.news\/spanish\/wp-json\/wp\/v2\/types\/post"}],"author":[{"embeddable":true,"href":"https:\/\/www.cssr.news\/spanish\/wp-json\/wp\/v2\/users\/3"}],"replies":[{"embeddable":true,"href":"https:\/\/www.cssr.news\/spanish\/wp-json\/wp\/v2\/comments?post=30854"}],"version-history":[{"count":5,"href":"https:\/\/www.cssr.news\/spanish\/wp-json\/wp\/v2\/posts\/30854\/revisions"}],"predecessor-version":[{"id":30914,"href":"https:\/\/www.cssr.news\/spanish\/wp-json\/wp\/v2\/posts\/30854\/revisions\/30914"}],"wp:featuredmedia":[{"embeddable":true,"href":"https:\/\/www.cssr.news\/spanish\/wp-json\/wp\/v2\/media\/30865"}],"wp:attachment":[{"href":"https:\/\/www.cssr.news\/spanish\/wp-json\/wp\/v2\/media?parent=30854"}],"wp:term":[{"taxonomy":"category","embeddable":true,"href":"https:\/\/www.cssr.news\/spanish\/wp-json\/wp\/v2\/categories?post=30854"},{"taxonomy":"post_tag","embeddable":true,"href":"https:\/\/www.cssr.news\/spanish\/wp-json\/wp\/v2\/tags?post=30854"}],"curies":[{"name":"wp","href":"https:\/\/api.w.org\/{rel}","templated":true}]}}