{"id":30879,"date":"2026-04-20T11:06:00","date_gmt":"2026-04-20T09:06:00","guid":{"rendered":"https:\/\/www.cssr.news\/spanish\/?p=30879"},"modified":"2026-04-22T11:09:57","modified_gmt":"2026-04-22T09:09:57","slug":"espana-funderetica-y-la-parroquia-del-perpetuo-socorro-de-madrid-celebran-la-fiesta-del-libro","status":"publish","type":"post","link":"https:\/\/www.cssr.news\/spanish\/2026\/04\/espana-funderetica-y-la-parroquia-del-perpetuo-socorro-de-madrid-celebran-la-fiesta-del-libro\/","title":{"rendered":"Espa\u00f1a: Funder\u00e9tica y la Parroquia del Perpetuo Socorro de Madrid celebran la Fiesta del Libro"},"content":{"rendered":"\n<p>El pasado S\u00e1bado y Domingo, 18 y 19 de abril, en la Parroquia del Perpetuos Socorro de Madrid tuvo lugar un mercadillo solidario de libros organizado por el grupo de Voluntariado. Este mercadillo, que se celebr\u00f3 durante el fin de semana, ten\u00eda como objetivo recaudar fondos para los proyectos solidarios de la Asociaci\u00f3n para la Solidaridad.<\/p>\n\n\n\n<p>Dentro de esta actividad, FUNDER\u00c9TICA, organiz\u00f3 la II FIESTA DEL LIBRO Y LOS DERECHOS HUMANOS. En ella se combinaron varios elementos culturales como una manera de concretar la \u00c9tica en lo cotidiano. Tras una breve presentaci\u00f3n de la actividad por el Presidente del patronato de Funder\u00e9tica, el conductor del acto, Enrique Ordiales, fue presentando y dialogando con el autor y las autoras de cuatro obras: Javier Torres Gella (\u201cLa \u00c9tica en la Inteligencia artificial\u201d), Prado P\u00e9rez de Madrid (\u201cel beso de Dios\u201d), Bego\u00f1a Husillos Tamarit (\u201c\u00c9tica y Sanidad\u201d), Ana Mar\u00eda Marcos del Cano (libreto de teatro \u201cEl mundo de ma\u00f1ana\u201d).<\/p>\n\n\n\n<figure class=\"wp-block-gallery columns-2 is-cropped\"><ul class=\"blocks-gallery-grid\"><li class=\"blocks-gallery-item\"><figure><a href=\"http:\/\/www.cssr.news\/spanish\/wp-content\/uploads\/sites\/3\/2026\/04\/sn2026_1804_madrid02.jpg\"><img width=\"1024\" height=\"708\" src=\"http:\/\/www.cssr.news\/spanish\/wp-content\/uploads\/sites\/3\/2026\/04\/sn2026_1804_madrid02-1024x708.jpg\" alt=\"\" data-id=\"30881\" data-full-url=\"http:\/\/www.cssr.news\/spanish\/wp-content\/uploads\/sites\/3\/2026\/04\/sn2026_1804_madrid02.jpg\" data-link=\"https:\/\/www.cssr.news\/spanish\/?attachment_id=30881\" class=\"wp-image-30881\" srcset=\"https:\/\/www.cssr.news\/spanish\/wp-content\/uploads\/sites\/3\/2026\/04\/sn2026_1804_madrid02-1024x708.jpg 1024w, https:\/\/www.cssr.news\/spanish\/wp-content\/uploads\/sites\/3\/2026\/04\/sn2026_1804_madrid02-300x208.jpg 300w, https:\/\/www.cssr.news\/spanish\/wp-content\/uploads\/sites\/3\/2026\/04\/sn2026_1804_madrid02-768x531.jpg 768w, https:\/\/www.cssr.news\/spanish\/wp-content\/uploads\/sites\/3\/2026\/04\/sn2026_1804_madrid02-100x70.jpg 100w, https:\/\/www.cssr.news\/spanish\/wp-content\/uploads\/sites\/3\/2026\/04\/sn2026_1804_madrid02-218x150.jpg 218w, https:\/\/www.cssr.news\/spanish\/wp-content\/uploads\/sites\/3\/2026\/04\/sn2026_1804_madrid02-696x481.jpg 696w, https:\/\/www.cssr.news\/spanish\/wp-content\/uploads\/sites\/3\/2026\/04\/sn2026_1804_madrid02-1068x739.jpg 1068w, https:\/\/www.cssr.news\/spanish\/wp-content\/uploads\/sites\/3\/2026\/04\/sn2026_1804_madrid02-607x420.jpg 607w, https:\/\/www.cssr.news\/spanish\/wp-content\/uploads\/sites\/3\/2026\/04\/sn2026_1804_madrid02.jpg 1090w\" sizes=\"(max-width: 1024px) 100vw, 1024px\" \/><\/a><\/figure><\/li><li class=\"blocks-gallery-item\"><figure><a href=\"http:\/\/www.cssr.news\/spanish\/wp-content\/uploads\/sites\/3\/2026\/04\/sn2026_1804_madrid03.jpg\"><img width=\"1024\" height=\"663\" src=\"http:\/\/www.cssr.news\/spanish\/wp-content\/uploads\/sites\/3\/2026\/04\/sn2026_1804_madrid03-1024x663.jpg\" alt=\"\" data-id=\"30880\" data-full-url=\"http:\/\/www.cssr.news\/spanish\/wp-content\/uploads\/sites\/3\/2026\/04\/sn2026_1804_madrid03.jpg\" data-link=\"https:\/\/www.cssr.news\/spanish\/?attachment_id=30880\" class=\"wp-image-30880\" srcset=\"https:\/\/www.cssr.news\/spanish\/wp-content\/uploads\/sites\/3\/2026\/04\/sn2026_1804_madrid03-1024x663.jpg 1024w, https:\/\/www.cssr.news\/spanish\/wp-content\/uploads\/sites\/3\/2026\/04\/sn2026_1804_madrid03-300x194.jpg 300w, https:\/\/www.cssr.news\/spanish\/wp-content\/uploads\/sites\/3\/2026\/04\/sn2026_1804_madrid03-768x497.jpg 768w, https:\/\/www.cssr.news\/spanish\/wp-content\/uploads\/sites\/3\/2026\/04\/sn2026_1804_madrid03-696x451.jpg 696w, https:\/\/www.cssr.news\/spanish\/wp-content\/uploads\/sites\/3\/2026\/04\/sn2026_1804_madrid03-1068x692.jpg 1068w, https:\/\/www.cssr.news\/spanish\/wp-content\/uploads\/sites\/3\/2026\/04\/sn2026_1804_madrid03-649x420.jpg 649w, https:\/\/www.cssr.news\/spanish\/wp-content\/uploads\/sites\/3\/2026\/04\/sn2026_1804_madrid03.jpg 1152w\" sizes=\"(max-width: 1024px) 100vw, 1024px\" \/><\/a><\/figure><\/li><\/ul><\/figure>\n\n\n\n<p>Las presentaciones se intercalaron con la participaci\u00f3n de la Coral Funder\u00e9tica que musicalizaron poemas de Rafael Alberti, Miguel de Unamuno, Rosal\u00eda de Castro, Antonio Machado, Alfonsina Storni, Miguel Hern\u00e1ndez, E. Salazar &amp; C. Ramos y Violeta Parra.<\/p>\n\n\n\n<p>Prado P\u00e9rez de Madrid interpret\u00f3 la canci\u00f3n \u201cSilencio\u201d basada en un poema de Hadewijch de Amberes.<\/p>\n\n\n\n<p>Al final se represent\u00f3 una escena de la obra el Mundo de Ma\u00f1ana de la Compa\u00f1\u00eda Existir.<\/p>\n\n\n\n<p>De esta manera se combinaron lectura, m\u00fasica, poemas y teatro. Qu\u00e9 mejor manera de reflexionar \u00e9ticamente sobre los Derechos Humanos.<\/p>\n\n\n\n<p>Rafael Junquera de Est\u00e9fani<br>Presidente del Patronato de FUNDER\u00c9TICA<\/p>\n","protected":false},"excerpt":{"rendered":"<p>El pasado S\u00e1bado y Domingo, 18 y 19 de abril, en la Parroquia del Perpetuos Socorro de Madrid tuvo lugar un mercadillo solidario de libros organizado por el grupo de Voluntariado. Este mercadillo, que se celebr\u00f3 durante el fin de semana, ten\u00eda como objetivo recaudar fondos para los proyectos solidarios de la Asociaci\u00f3n para la [&hellip;]<\/p>\n","protected":false},"author":3,"featured_media":30882,"comment_status":"closed","ping_status":"closed","sticky":false,"template":"","format":"standard","meta":[],"categories":[2],"tags":[],"_links":{"self":[{"href":"https:\/\/www.cssr.news\/spanish\/wp-json\/wp\/v2\/posts\/30879"}],"collection":[{"href":"https:\/\/www.cssr.news\/spanish\/wp-json\/wp\/v2\/posts"}],"about":[{"href":"https:\/\/www.cssr.news\/spanish\/wp-json\/wp\/v2\/types\/post"}],"author":[{"embeddable":true,"href":"https:\/\/www.cssr.news\/spanish\/wp-json\/wp\/v2\/users\/3"}],"replies":[{"embeddable":true,"href":"https:\/\/www.cssr.news\/spanish\/wp-json\/wp\/v2\/comments?post=30879"}],"version-history":[{"count":1,"href":"https:\/\/www.cssr.news\/spanish\/wp-json\/wp\/v2\/posts\/30879\/revisions"}],"predecessor-version":[{"id":30883,"href":"https:\/\/www.cssr.news\/spanish\/wp-json\/wp\/v2\/posts\/30879\/revisions\/30883"}],"wp:featuredmedia":[{"embeddable":true,"href":"https:\/\/www.cssr.news\/spanish\/wp-json\/wp\/v2\/media\/30882"}],"wp:attachment":[{"href":"https:\/\/www.cssr.news\/spanish\/wp-json\/wp\/v2\/media?parent=30879"}],"wp:term":[{"taxonomy":"category","embeddable":true,"href":"https:\/\/www.cssr.news\/spanish\/wp-json\/wp\/v2\/categories?post=30879"},{"taxonomy":"post_tag","embeddable":true,"href":"https:\/\/www.cssr.news\/spanish\/wp-json\/wp\/v2\/tags?post=30879"}],"curies":[{"name":"wp","href":"https:\/\/api.w.org\/{rel}","templated":true}]}}