{"id":30891,"date":"2026-04-23T18:37:11","date_gmt":"2026-04-23T16:37:11","guid":{"rendered":"https:\/\/www.cssr.news\/spanish\/?p=30891"},"modified":"2026-04-23T18:37:14","modified_gmt":"2026-04-23T16:37:14","slug":"los-hermanos-unidos-en-roma-un-encuentro-historico-para-celebrar-el-300-aniversario-de-san-gerardo","status":"publish","type":"post","link":"https:\/\/www.cssr.news\/spanish\/2026\/04\/los-hermanos-unidos-en-roma-un-encuentro-historico-para-celebrar-el-300-aniversario-de-san-gerardo\/","title":{"rendered":"Los Hermanos Unidos en Roma: un encuentro hist\u00f3rico para celebrar el 300 aniversario de San Gerardo"},"content":{"rendered":"\n<p>Roma, 23 de abril de 2026<\/p>\n\n\n\n<p>Por primera vez en la historia de la Congregaci\u00f3n del Sant\u00edsimo Redentor, hermanos de las cinco Conferencias de la Congregaci\u00f3n se reunieron en Roma para un encuentro hist\u00f3rico, conmemorando el 300 aniversario del nacimiento de San Gerardo Majella. M\u00e1s de 70 hermanos, provenientes de diversas culturas, idiomas y tradiciones apost\u00f3licas, llegaron a la Ciudad Eterna el 22 de abril y permanecer\u00e1n hasta el domingo 26, en lo que promete ser un momento verdaderamente extraordinario de comuni\u00f3n fraterna.<\/p>\n\n\n\n<p>La reuni\u00f3n se inaugur\u00f3 con una solemne celebraci\u00f3n eucar\u00edstica presidida por el padre Rog\u00e9rio Gomes CSsR, Superior General, la ma\u00f1ana del 23 de abril. En su homil\u00eda, el Padre General marc\u00f3 la pauta para los d\u00edas siguientes, describiendo la reuni\u00f3n como \u00abun momento significativo que nos permite reconocernos como un solo cuerpo misionero, en la riqueza del carisma redentorista, en el \u201cs\u00ed\u201d pronunciado el d\u00eda de la profesi\u00f3n religiosa, en la diversidad de nuestras obras apost\u00f3licas y en las diversas culturas e idiomas que nos enriquecen\u00bb.<\/p>\n\n\n\n<p>La primera sesi\u00f3n de trabajo fue moderada por el Hermano Celestine y el Hermano Diego, ambos miembros de la Comisi\u00f3n General de los Hermanos. Tras una animada ronda de presentaciones \u2014que requiri\u00f3 bastante tiempo, dada la cantidad y diversidad del grupo\u2014, la Comisi\u00f3n present\u00f3 el orden del d\u00eda y los objetivos de la reuni\u00f3n.<\/p>\n\n\n\n<figure class=\"wp-block-gallery columns-3 is-cropped\"><ul class=\"blocks-gallery-grid\"><li class=\"blocks-gallery-item\"><figure><a href=\"http:\/\/www.cssr.news\/italian\/wp-content\/uploads\/sites\/2\/2026\/04\/sn260423_fratelliA7400180-scaled.jpg\"><img src=\"http:\/\/www.cssr.news\/italian\/wp-content\/uploads\/sites\/2\/2026\/04\/sn260423_fratelliA7400180-1024x683.jpg\" alt=\"\" data-id=\"33306\" data-full-url=\"http:\/\/www.cssr.news\/italian\/wp-content\/uploads\/sites\/2\/2026\/04\/sn260423_fratelliA7400180-scaled.jpg\" data-link=\"https:\/\/www.cssr.news\/italian\/?attachment_id=33306\" class=\"wp-image-33306\"\/><\/a><\/figure><\/li><li class=\"blocks-gallery-item\"><figure><a href=\"http:\/\/www.cssr.news\/italian\/wp-content\/uploads\/sites\/2\/2026\/04\/sn260423_fratelliA7400204-scaled.jpg\"><img src=\"http:\/\/www.cssr.news\/italian\/wp-content\/uploads\/sites\/2\/2026\/04\/sn260423_fratelliA7400204-1024x683.jpg\" alt=\"\" data-id=\"33309\" data-full-url=\"http:\/\/www.cssr.news\/italian\/wp-content\/uploads\/sites\/2\/2026\/04\/sn260423_fratelliA7400204-scaled.jpg\" data-link=\"https:\/\/www.cssr.news\/italian\/?attachment_id=33309\" class=\"wp-image-33309\"\/><\/a><\/figure><\/li><li class=\"blocks-gallery-item\"><figure><a href=\"http:\/\/www.cssr.news\/italian\/wp-content\/uploads\/sites\/2\/2026\/04\/sn260423_fratelliA7400194-scaled.jpg\"><img src=\"http:\/\/www.cssr.news\/italian\/wp-content\/uploads\/sites\/2\/2026\/04\/sn260423_fratelliA7400194-1024x683.jpg\" alt=\"\" data-id=\"33308\" data-full-url=\"http:\/\/www.cssr.news\/italian\/wp-content\/uploads\/sites\/2\/2026\/04\/sn260423_fratelliA7400194-scaled.jpg\" data-link=\"https:\/\/www.cssr.news\/italian\/?attachment_id=33308\" class=\"wp-image-33308\"\/><\/a><\/figure><\/li><li class=\"blocks-gallery-item\"><figure><a href=\"http:\/\/www.cssr.news\/italian\/wp-content\/uploads\/sites\/2\/2026\/04\/sn260423_fratelliA7400174-scaled.jpg\"><img src=\"http:\/\/www.cssr.news\/italian\/wp-content\/uploads\/sites\/2\/2026\/04\/sn260423_fratelliA7400174-1024x683.jpg\" alt=\"\" data-id=\"33303\" data-full-url=\"http:\/\/www.cssr.news\/italian\/wp-content\/uploads\/sites\/2\/2026\/04\/sn260423_fratelliA7400174-scaled.jpg\" data-link=\"https:\/\/www.cssr.news\/italian\/?attachment_id=33303\" class=\"wp-image-33303\"\/><\/a><\/figure><\/li><li class=\"blocks-gallery-item\"><figure><a href=\"http:\/\/www.cssr.news\/italian\/wp-content\/uploads\/sites\/2\/2026\/04\/sn260423_fratelliA7400177-scaled.jpg\"><img src=\"http:\/\/www.cssr.news\/italian\/wp-content\/uploads\/sites\/2\/2026\/04\/sn260423_fratelliA7400177-1024x683.jpg\" alt=\"\" data-id=\"33304\" data-full-url=\"http:\/\/www.cssr.news\/italian\/wp-content\/uploads\/sites\/2\/2026\/04\/sn260423_fratelliA7400177-scaled.jpg\" data-link=\"https:\/\/www.cssr.news\/italian\/?attachment_id=33304\" class=\"wp-image-33304\"\/><\/a><\/figure><\/li><li class=\"blocks-gallery-item\"><figure><a href=\"http:\/\/www.cssr.news\/italian\/wp-content\/uploads\/sites\/2\/2026\/04\/sn260423_fratelliA7400186-scaled.jpg\"><img src=\"http:\/\/www.cssr.news\/italian\/wp-content\/uploads\/sites\/2\/2026\/04\/sn260423_fratelliA7400186-1024x683.jpg\" alt=\"\" data-id=\"33307\" data-full-url=\"http:\/\/www.cssr.news\/italian\/wp-content\/uploads\/sites\/2\/2026\/04\/sn260423_fratelliA7400186-scaled.jpg\" data-link=\"https:\/\/www.cssr.news\/italian\/?attachment_id=33307\" class=\"wp-image-33307\"\/><\/a><\/figure><\/li><li class=\"blocks-gallery-item\"><figure><a href=\"http:\/\/www.cssr.news\/italian\/wp-content\/uploads\/sites\/2\/2026\/04\/sn260423_fratelliA7400080-Copy-scaled.jpg\"><img src=\"http:\/\/www.cssr.news\/italian\/wp-content\/uploads\/sites\/2\/2026\/04\/sn260423_fratelliA7400080-Copy-1024x683.jpg\" alt=\"\" data-id=\"33290\" data-full-url=\"http:\/\/www.cssr.news\/italian\/wp-content\/uploads\/sites\/2\/2026\/04\/sn260423_fratelliA7400080-Copy-scaled.jpg\" data-link=\"https:\/\/www.cssr.news\/italian\/?attachment_id=33290\" class=\"wp-image-33290\"\/><\/a><\/figure><\/li><li class=\"blocks-gallery-item\"><figure><a href=\"http:\/\/www.cssr.news\/italian\/wp-content\/uploads\/sites\/2\/2026\/04\/sn260423_fratelliA7400043-Copy-scaled.jpg\"><img src=\"http:\/\/www.cssr.news\/italian\/wp-content\/uploads\/sites\/2\/2026\/04\/sn260423_fratelliA7400043-Copy-1024x683.jpg\" alt=\"\" data-id=\"33286\" data-full-url=\"http:\/\/www.cssr.news\/italian\/wp-content\/uploads\/sites\/2\/2026\/04\/sn260423_fratelliA7400043-Copy-scaled.jpg\" data-link=\"https:\/\/www.cssr.news\/italian\/?attachment_id=33286\" class=\"wp-image-33286\"\/><\/a><\/figure><\/li><li class=\"blocks-gallery-item\"><figure><a href=\"http:\/\/www.cssr.news\/italian\/wp-content\/uploads\/sites\/2\/2026\/04\/sn260423_fratelliA7400007-Copy-scaled.jpg\"><img src=\"http:\/\/www.cssr.news\/italian\/wp-content\/uploads\/sites\/2\/2026\/04\/sn260423_fratelliA7400007-Copy-1024x683.jpg\" alt=\"\" data-id=\"33280\" data-full-url=\"http:\/\/www.cssr.news\/italian\/wp-content\/uploads\/sites\/2\/2026\/04\/sn260423_fratelliA7400007-Copy-scaled.jpg\" data-link=\"https:\/\/www.cssr.news\/italian\/?attachment_id=33280\" class=\"wp-image-33280\"\/><\/a><\/figure><\/li><\/ul><\/figure>\n\n\n\n<p>Tras la pausa para el caf\u00e9, el P. Gomes pronunci\u00f3 un discurso m\u00e1s detallado, ilustrando el profundo significado de este encuentro. Lo describi\u00f3, ante todo, como una reuni\u00f3n de hermanos, entre hermanos y para hermanos: \u00abHermanos por consagraci\u00f3n, por el Bautismo y por la misi\u00f3n; hermanos llamados a vivir la misma vocaci\u00f3n, incluso en diferentes contextos culturales, ling\u00fc\u00edsticos y apost\u00f3licos\u00bb. Subray\u00f3 que reunirse en persona, escuchar las historias de los dem\u00e1s y compartir alegr\u00edas y fragilidades es, en s\u00ed mismo, una forma de construir comuni\u00f3n y fortalecer la identidad redentorista.<\/p>\n\n\n\n<p>El Padre General invit\u00f3 entonces a los hermanos a reflexionar sobre la pregunta evang\u00e9lica: \u00ab\u00bfQu\u00e9 busc\u00e1is?\u00bb, exhort\u00e1ndolos a afrontar estos tiempos con apertura y un sincero deseo de \u00abvenir y ver\u00bb. Tambi\u00e9n habl\u00f3 con franqueza sobre la situaci\u00f3n que los hermanos est\u00e1n viviendo en la Congregaci\u00f3n estos d\u00edas, enfatizando que una mirada honesta a la realidad debe ir acompa\u00f1ada de un renovado sentido de la vocaci\u00f3n. \u00abCreen espacios entre ustedes para compartir la vida y la misi\u00f3n de los Hermanos y busquen nuevas maneras de proclamar el Evangelio\u00bb, dijo.<\/p>\n\n\n\n<p>Un segundo aspecto del encuentro, explic\u00f3 el P. Gomes, es el retorno a las fuentes: la contemplaci\u00f3n de la vida y el testimonio de San Gerardo Majella. Aclar\u00f3 que esto no es un ejercicio nost\u00e1lgico, sino un encuentro vivo con un carisma encarnado. \u00abSan Gerardo nos ense\u00f1a que la santidad no se expresa con grandes discursos, sino en la fidelidad diaria a la voluntad de Dios\u00bb. Invit\u00f3 a los hermanos a abordar la peregrinaci\u00f3n a Materdomini no como una simple visita externa, sino con una actitud aut\u00e9nticamente contemplativa, dej\u00e1ndose conmover por la sencillez, la humildad y la profunda uni\u00f3n con Dios que caracterizaron la vida de Gerardo.<\/p>\n\n\n\n<p>Finalmente, el Padre General enfatiz\u00f3 la dimensi\u00f3n misionera del encuentro: quienes han venido y visto est\u00e1n llamados a ir. \u00abQuien experimenta al Resucitado no puede encerrarse en s\u00ed mismo; inevitablemente se convierte en testigo\u00bb, dijo, animando a los hermanos a ser \u00abmisioneros de esperanza en un mundo marcado por tanta incertidumbre\u00bb.<\/p>\n\n\n\n<p>Tras el discurso, varios hermanos tomaron la palabra para compartir sus reacciones, expresando gratitud, alegr\u00eda y una renovada esperanza. La sesi\u00f3n fue clausurada formalmente por el Hermano Larry Luj\u00e1n, Consultor General y jefe de la Comisi\u00f3n General de los Hermanos.<\/p>\n\n\n\n<p>Por la tarde, los participantes escucharon una presentaci\u00f3n del Hermano Serafino Fiore, CSsR, rector del Santuario Materdomini, sobre la vida y la espiritualidad de San Gerardo y el legado que transmiti\u00f3 a la familia redentorista.<\/p>\n\n\n\n<p>Quiz\u00e1s lo m\u00e1s impactante de este encuentro, m\u00e1s all\u00e1 del programa y los discursos, sea la realidad humana que representa. Muchos de estos hermanos est\u00e1n en Roma por primera vez. Muchos se re\u00fanen por primera vez. Sin embargo, desde el primer momento, el ambiente fue de calidez, cordialidad y aut\u00e9ntica fraternidad: una prueba fehaciente de que, m\u00e1s all\u00e1 de las diferencias culturales y ling\u00fc\u00edsticas, la vocaci\u00f3n redentorista sigue siendo un v\u00ednculo poderoso.<\/p>\n\n\n\n<p>Scala News<\/p>\n","protected":false},"excerpt":{"rendered":"<p>Roma, 23 de abril de 2026 Por primera vez en la historia de la Congregaci\u00f3n del Sant\u00edsimo Redentor, hermanos de las cinco Conferencias de la Congregaci\u00f3n se reunieron en Roma para un encuentro hist\u00f3rico, conmemorando el 300 aniversario del nacimiento de San Gerardo Majella. M\u00e1s de 70 hermanos, provenientes de diversas culturas, idiomas y tradiciones [&hellip;]<\/p>\n","protected":false},"author":3,"featured_media":30892,"comment_status":"closed","ping_status":"closed","sticky":false,"template":"","format":"standard","meta":[],"categories":[45],"tags":[],"_links":{"self":[{"href":"https:\/\/www.cssr.news\/spanish\/wp-json\/wp\/v2\/posts\/30891"}],"collection":[{"href":"https:\/\/www.cssr.news\/spanish\/wp-json\/wp\/v2\/posts"}],"about":[{"href":"https:\/\/www.cssr.news\/spanish\/wp-json\/wp\/v2\/types\/post"}],"author":[{"embeddable":true,"href":"https:\/\/www.cssr.news\/spanish\/wp-json\/wp\/v2\/users\/3"}],"replies":[{"embeddable":true,"href":"https:\/\/www.cssr.news\/spanish\/wp-json\/wp\/v2\/comments?post=30891"}],"version-history":[{"count":1,"href":"https:\/\/www.cssr.news\/spanish\/wp-json\/wp\/v2\/posts\/30891\/revisions"}],"predecessor-version":[{"id":30893,"href":"https:\/\/www.cssr.news\/spanish\/wp-json\/wp\/v2\/posts\/30891\/revisions\/30893"}],"wp:featuredmedia":[{"embeddable":true,"href":"https:\/\/www.cssr.news\/spanish\/wp-json\/wp\/v2\/media\/30892"}],"wp:attachment":[{"href":"https:\/\/www.cssr.news\/spanish\/wp-json\/wp\/v2\/media?parent=30891"}],"wp:term":[{"taxonomy":"category","embeddable":true,"href":"https:\/\/www.cssr.news\/spanish\/wp-json\/wp\/v2\/categories?post=30891"},{"taxonomy":"post_tag","embeddable":true,"href":"https:\/\/www.cssr.news\/spanish\/wp-json\/wp\/v2\/tags?post=30891"}],"curies":[{"name":"wp","href":"https:\/\/api.w.org\/{rel}","templated":true}]}}