{"id":30915,"date":"2026-04-24T11:14:15","date_gmt":"2026-04-24T09:14:15","guid":{"rendered":"https:\/\/www.cssr.news\/spanish\/?p=30915"},"modified":"2026-04-24T21:07:10","modified_gmt":"2026-04-24T19:07:10","slug":"italia-muro-lucano-inaugura-el-ano-gerardino","status":"publish","type":"post","link":"https:\/\/www.cssr.news\/spanish\/2026\/04\/italia-muro-lucano-inaugura-el-ano-gerardino\/","title":{"rendered":"Italia: Muro Lucano inaugura el A\u00f1o Gerardino"},"content":{"rendered":"\n<p>Del 19 al 26 de abril se celebraron festejos jubileos en la ciudad natal de San Gerardo Majella. La llegada de la urna con la estatua, que contiene una notable reliquia, dio inicio a la peregrinaci\u00f3n que conmemorar\u00e1 el tricentenario del nacimiento del santo. Era l\u00f3gico que esta iniciativa comenzara en Muro. Su llegada, de hecho, desat\u00f3 una ola de entusiasmo, movilizando a los habitantes de la localidad lucana, ya conocidos por su profunda devoci\u00f3n a su ilustre conciudadano.<\/p>\n\n\n\n<p>Desde el Santuario de Materdomini, la urna, recogida por el p\u00e1rroco Don Tom\u00e1s y un representante de la asociaci\u00f3n local, lleg\u00f3 a Ponte Giacoia, donde fue recibida con fervor. El domingo, como estaba previsto, hizo su entrada triunfal en el centro hist\u00f3rico, recorriendo las rutas tradicionales de las procesiones de la ciudad y deteni\u00e9ndose ante los lugares que conmemoran a Gerardo. Situada en la iglesia central de Sant&#8217;Andrea, ha sido objeto constante de veneraci\u00f3n, con un flujo continuo de peregrinos que se deten\u00edan en oraci\u00f3n y participaban en las diversas celebraciones, dirigidas por el incansable p\u00e1rroco y sus sacerdotes auxiliares. Una vigilia de oraci\u00f3n reuni\u00f3 a fieles de Muro y peregrinos de pueblos vecinos.<\/p>\n\n\n\n<p>El martes 21, el P. Vincenzo La Mendola inici\u00f3 un ciclo de predicaci\u00f3n de tres d\u00edas, estando disponible durante toda la jornada para la celebraci\u00f3n del sacramento de la Penitencia, solicitado por muchos fieles. Tambi\u00e9n transmiti\u00f3 los saludos de toda la Provincia Redentorista del Sur de Europa y de su superior provincial, reafirmando el v\u00ednculo de los Redentoristas con la comunidad de Muro. Durante estos d\u00edas, tambi\u00e9n record\u00f3 a varias figuras clave en la historia de Muro y de la Congregaci\u00f3n: los dos obispos redentoristas Pietro Iganzio y Vincenzo Marolda, y el P. Giuseppe Lordi, rector mayor del Instituto.<\/p>\n\n\n\n<figure class=\"wp-block-gallery columns-3 is-cropped\"><ul class=\"blocks-gallery-grid\"><li class=\"blocks-gallery-item\"><figure><a href=\"http:\/\/www.cssr.news\/italian\/wp-content\/uploads\/sites\/2\/2026\/04\/sn2026_2304muro_lucano04.jpeg\"><img src=\"http:\/\/www.cssr.news\/italian\/wp-content\/uploads\/sites\/2\/2026\/04\/sn2026_2304muro_lucano04-1024x771.jpeg\" alt=\"\" data-id=\"33344\" data-full-url=\"http:\/\/www.cssr.news\/italian\/wp-content\/uploads\/sites\/2\/2026\/04\/sn2026_2304muro_lucano04.jpeg\" data-link=\"https:\/\/www.cssr.news\/italian\/?attachment_id=33344\" class=\"wp-image-33344\"\/><\/a><\/figure><\/li><li class=\"blocks-gallery-item\"><figure><a href=\"http:\/\/www.cssr.news\/italian\/wp-content\/uploads\/sites\/2\/2026\/04\/sn2026_2304muro_lucano06.jpeg\"><img src=\"http:\/\/www.cssr.news\/italian\/wp-content\/uploads\/sites\/2\/2026\/04\/sn2026_2304muro_lucano06-1024x768.jpeg\" alt=\"\" data-id=\"33346\" data-full-url=\"http:\/\/www.cssr.news\/italian\/wp-content\/uploads\/sites\/2\/2026\/04\/sn2026_2304muro_lucano06.jpeg\" data-link=\"https:\/\/www.cssr.news\/italian\/?attachment_id=33346\" class=\"wp-image-33346\"\/><\/a><\/figure><\/li><li class=\"blocks-gallery-item\"><figure><a href=\"http:\/\/www.cssr.news\/italian\/wp-content\/uploads\/sites\/2\/2026\/04\/sn2026_2304muro_lucano05.jpeg\"><img src=\"http:\/\/www.cssr.news\/italian\/wp-content\/uploads\/sites\/2\/2026\/04\/sn2026_2304muro_lucano05-771x1024.jpeg\" alt=\"\" data-id=\"33345\" data-full-url=\"http:\/\/www.cssr.news\/italian\/wp-content\/uploads\/sites\/2\/2026\/04\/sn2026_2304muro_lucano05.jpeg\" data-link=\"https:\/\/www.cssr.news\/italian\/?attachment_id=33345\" class=\"wp-image-33345\"\/><\/a><\/figure><\/li><li class=\"blocks-gallery-item\"><figure><a href=\"http:\/\/www.cssr.news\/italian\/wp-content\/uploads\/sites\/2\/2026\/04\/sn2026_2304muro_lucano03.jpeg\"><img src=\"http:\/\/www.cssr.news\/italian\/wp-content\/uploads\/sites\/2\/2026\/04\/sn2026_2304muro_lucano03-771x1024.jpeg\" alt=\"\" data-id=\"33343\" data-full-url=\"http:\/\/www.cssr.news\/italian\/wp-content\/uploads\/sites\/2\/2026\/04\/sn2026_2304muro_lucano03.jpeg\" data-link=\"https:\/\/www.cssr.news\/italian\/?attachment_id=33343\" class=\"wp-image-33343\"\/><\/a><\/figure><\/li><li class=\"blocks-gallery-item\"><figure><a href=\"http:\/\/www.cssr.news\/italian\/wp-content\/uploads\/sites\/2\/2026\/04\/sn2026_2304muro_lucano02.jpeg\"><img src=\"http:\/\/www.cssr.news\/italian\/wp-content\/uploads\/sites\/2\/2026\/04\/sn2026_2304muro_lucano02.jpeg\" alt=\"\" data-id=\"33342\" data-full-url=\"http:\/\/www.cssr.news\/italian\/wp-content\/uploads\/sites\/2\/2026\/04\/sn2026_2304muro_lucano02.jpeg\" data-link=\"https:\/\/www.cssr.news\/italian\/?attachment_id=33342\" class=\"wp-image-33342\"\/><\/a><\/figure><\/li><li class=\"blocks-gallery-item\"><figure><a href=\"http:\/\/www.cssr.news\/italian\/wp-content\/uploads\/sites\/2\/2026\/04\/sn2026_2304muro_lucano01.jpeg\"><img src=\"http:\/\/www.cssr.news\/italian\/wp-content\/uploads\/sites\/2\/2026\/04\/sn2026_2304muro_lucano01-1024x764.jpeg\" alt=\"\" data-id=\"33341\" data-full-url=\"http:\/\/www.cssr.news\/italian\/wp-content\/uploads\/sites\/2\/2026\/04\/sn2026_2304muro_lucano01.jpeg\" data-link=\"https:\/\/www.cssr.news\/italian\/?attachment_id=33341\" class=\"wp-image-33341\"\/><\/a><\/figure><\/li><\/ul><\/figure>\n\n\n\n<p>Por la ma\u00f1ana, el P. Mendola presidi\u00f3 la celebraci\u00f3n con los enfermos, a cargo de la UNITALSI local (Uni\u00f3n Cat\u00f3lica Italiana para los Enfermos), durante la cual se administr\u00f3 el sacramento de la Unci\u00f3n de los Enfermos.<\/p>\n\n\n\n<p>La imagen de San Gerardo lleg\u00f3 a Capodigiano el mi\u00e9rcoles 22, donde fue recibida por una gran multitud de vecinos que decoraron las calles y prepararon un arreglo floral con motivos eucar\u00edsticos frente al santuario. La celebraci\u00f3n fue presidida por el padre Antonio Savone, vicario episcopal y p\u00e1rroco de la Catedral de Potenza. Por la tarde, se impartieron catequesis y la bendici\u00f3n de madres y ni\u00f1os.<\/p>\n\n\n\n<p>El mi\u00e9rcoles 23, grupos de estudiantes de diversas escuelas locales desfilaron ante la imagen, donde recibieron una catequesis sobre la vida y el mensaje de San Gerardo. Por la tarde, se hizo otra parada en Ponte Giacoia, cuyos habitantes, sin amedrentarse por el mal tiempo, participaron en masa, junto con los barrios aleda\u00f1os, en la procesi\u00f3n y celebraci\u00f3n, presidida por el padre Vincenzo, en la iglesia parroquial de San Gerardo, la \u00fanica de la zona dedicada a \u00e9l.<\/p>\n\n\n\n<p>Por la noche, el f\u00e9retro fue trasladado de vuelta al centro de Muro, desde donde una emotiva procesi\u00f3n con antorchas se dirigi\u00f3 a la catedral. A su llegada, numerosos participantes abarrotaron la sala lit\u00fargica para escuchar la catequesis y recibir la bendici\u00f3n.<\/p>\n\n\n\n<p>El jueves 24 fue un d\u00eda ajetreado, que congreg\u00f3 a miles de fieles, autoridades eclesi\u00e1sticas y representantes de instituciones locales y regionales en la localidad lucana.<\/p>\n\n\n\n<p>La ceremonia de apertura tuvo lugar cerca de la peque\u00f1a iglesia que alberga el baptisterio donde el santo fue bautizado el 23 de abril de 1726. Desde all\u00ed, comenz\u00f3 la larga procesi\u00f3n, que serpente\u00f3 por las calles del centro hist\u00f3rico hasta llegar a la catedral, donde se celebr\u00f3 la solemne concelebraci\u00f3n eucar\u00edstica, presidida por el cardenal Enrico Feroci. La bendici\u00f3n del agua lustral en el baptisterio, la lectura de la bula papal por el p\u00e1rroco de Baraggiano, el padre Jos\u00e9 Conti, y la apertura de la Puerta Santa fueron momentos conmovedores. A pesar del viento y el fr\u00edo persistentes, la plaza estaba literalmente abarrotada de fieles, que entraron en la iglesia principal de Muro con evidente emoci\u00f3n.<\/p>\n\n\n\n<p>A la celebraci\u00f3n asistieron el arzobispo Davide Carbonaro de Potenza, el arzobispo em\u00e9rito Salvatore Ligorio y el arzobispo Pasquale Cascio de Sant&#8217;Angelo dei Lombardi, en cuya di\u00f3cesis se ubica el Santuario de Materdomini. Tambi\u00e9n estuvieron presentes el arzobispo de Acerenza y el obispo de Melfi.<\/p>\n\n\n\n<p>Hubo una nutrida asistencia de cl\u00e9rigos de diversas di\u00f3cesis, religiosos y una representaci\u00f3n de misioneros redentoristas, encabezados por el rector del Santuario de Materdomini, el padre Serafino Fiore, entre los principales concelebrantes.<\/p>\n\n\n\n<p>El alcalde de Muro Lucano, Giovanni Setaro, fue el anfitri\u00f3n del evento, dando la bienvenida a representantes pol\u00edticos de la Regi\u00f3n de Basilicata: la Dra. Galizia, en representaci\u00f3n de la presidenta del Consejo Regional; Christian Giordano, presidente de la provincia de Potenza; y numerosos alcaldes de la zona y de toda la regi\u00f3n, as\u00ed como delegaciones de fuera de la regi\u00f3n. Entre ellas se encontraba la de Frosinone, ciudad de la comarca de Gerardina hermanada con Muro, encabezada por la concejala Rossella Tessa y varios miembros del comit\u00e9 parroquial y de festivales de San Gerardo, liderados por el maestro Fabio Bracaglia. En la capital de la comarca de Ciociaria, se inaugur\u00f3 el A\u00f1o Jubilar en los \u00faltimos d\u00edas y se devel\u00f3 un monumento dedicado al santo, con la participaci\u00f3n de representantes de la administraci\u00f3n de Muro, encabezados por la teniente de alcalde, la Dra. Rosalba Zaccardo. Ambas ciudades est\u00e1n unidas en nombre de San Gerardo, compartiendo valores espirituales y culturales.<\/p>\n\n\n\n<p>La participaci\u00f3n popular fue extraordinaria. En su homil\u00eda, el cardenal repas\u00f3 los rasgos esenciales de la vida de San Gerardo Majella, situ\u00e1ndolo dentro de varias categor\u00edas paulinas y destacando c\u00f3mo su mensaje sigue siendo una llamada autorizada hoy en d\u00eda, capaz de guiar a los cristianos al conocimiento de Cristo. El arzobispo Carbonaro tambi\u00e9n agradeci\u00f3 a los presentes, reiterando la importancia de las celebraciones del Jubileo para la Iglesia de Basilicata.<\/p>\n\n\n\n<figure class=\"wp-block-gallery columns-3 is-cropped\"><ul class=\"blocks-gallery-grid\"><li class=\"blocks-gallery-item\"><figure><a href=\"http:\/\/www.cssr.news\/wp-content\/uploads\/2026\/04\/WhatsApp-Image-2026-04-23-at-22.05.26.jpeg\"><img src=\"http:\/\/www.cssr.news\/wp-content\/uploads\/2026\/04\/WhatsApp-Image-2026-04-23-at-22.05.26-1024x576.jpeg\" alt=\"\" data-id=\"41173\" data-full-url=\"http:\/\/www.cssr.news\/wp-content\/uploads\/2026\/04\/WhatsApp-Image-2026-04-23-at-22.05.26.jpeg\" data-link=\"https:\/\/www.cssr.news\/?attachment_id=41173\" class=\"wp-image-41173\"\/><\/a><\/figure><\/li><li class=\"blocks-gallery-item\"><figure><a href=\"http:\/\/www.cssr.news\/wp-content\/uploads\/2026\/04\/WhatsApp-Image-2026-04-23-at-22.05.35.jpeg\"><img src=\"http:\/\/www.cssr.news\/wp-content\/uploads\/2026\/04\/WhatsApp-Image-2026-04-23-at-22.05.35-1024x576.jpeg\" alt=\"\" data-id=\"41169\" data-full-url=\"http:\/\/www.cssr.news\/wp-content\/uploads\/2026\/04\/WhatsApp-Image-2026-04-23-at-22.05.35.jpeg\" data-link=\"https:\/\/www.cssr.news\/?attachment_id=41169\" class=\"wp-image-41169\"\/><\/a><\/figure><\/li><li class=\"blocks-gallery-item\"><figure><a href=\"http:\/\/www.cssr.news\/wp-content\/uploads\/2026\/04\/WhatsApp-Image-2026-04-23-at-22.05.33-1.jpeg\"><img src=\"http:\/\/www.cssr.news\/wp-content\/uploads\/2026\/04\/WhatsApp-Image-2026-04-23-at-22.05.33-1-1024x576.jpeg\" alt=\"\" data-id=\"41170\" data-full-url=\"http:\/\/www.cssr.news\/wp-content\/uploads\/2026\/04\/WhatsApp-Image-2026-04-23-at-22.05.33-1.jpeg\" data-link=\"https:\/\/www.cssr.news\/?attachment_id=41170\" class=\"wp-image-41170\"\/><\/a><\/figure><\/li><li class=\"blocks-gallery-item\"><figure><a href=\"http:\/\/www.cssr.news\/wp-content\/uploads\/2026\/04\/WhatsApp-Image-2026-04-23-at-22.05.23.jpeg\"><img src=\"http:\/\/www.cssr.news\/wp-content\/uploads\/2026\/04\/WhatsApp-Image-2026-04-23-at-22.05.23-1024x576.jpeg\" alt=\"\" data-id=\"41174\" data-full-url=\"http:\/\/www.cssr.news\/wp-content\/uploads\/2026\/04\/WhatsApp-Image-2026-04-23-at-22.05.23.jpeg\" data-link=\"https:\/\/www.cssr.news\/?attachment_id=41174\" class=\"wp-image-41174\"\/><\/a><\/figure><\/li><li class=\"blocks-gallery-item\"><figure><a href=\"http:\/\/www.cssr.news\/wp-content\/uploads\/2026\/04\/WhatsApp-Image-2026-04-23-at-22.05.28.jpeg\"><img src=\"http:\/\/www.cssr.news\/wp-content\/uploads\/2026\/04\/WhatsApp-Image-2026-04-23-at-22.05.28-1024x576.jpeg\" alt=\"\" data-id=\"41172\" data-full-url=\"http:\/\/www.cssr.news\/wp-content\/uploads\/2026\/04\/WhatsApp-Image-2026-04-23-at-22.05.28.jpeg\" data-link=\"https:\/\/www.cssr.news\/?attachment_id=41172\" class=\"wp-image-41172\"\/><\/a><\/figure><\/li><li class=\"blocks-gallery-item\"><figure><a href=\"http:\/\/www.cssr.news\/wp-content\/uploads\/2026\/04\/WhatsApp-Image-2026-04-23-at-22.05.32.jpeg\"><img src=\"http:\/\/www.cssr.news\/wp-content\/uploads\/2026\/04\/WhatsApp-Image-2026-04-23-at-22.05.32-1024x576.jpeg\" alt=\"\" data-id=\"41171\" data-full-url=\"http:\/\/www.cssr.news\/wp-content\/uploads\/2026\/04\/WhatsApp-Image-2026-04-23-at-22.05.32.jpeg\" data-link=\"https:\/\/www.cssr.news\/?attachment_id=41171\" class=\"wp-image-41171\"\/><\/a><\/figure><\/li><\/ul><\/figure>\n\n\n\n<p>El evento se desarroll\u00f3 en un ambiente de fervor y devoci\u00f3n, con una cuidadosa preparaci\u00f3n por parte del Comit\u00e9 del Jubileo, los voluntarios de Protecci\u00f3n Civil y la Asociaci\u00f3n Nacional de Carabineros, quienes garantizaron el orden y la seguridad.<\/p>\n\n\n\n<p>El viernes 24 de abril, la catedral permanecer\u00e1 abierta para la oraci\u00f3n y las celebraciones, culminando con una vigilia para j\u00f3venes, dirigida por el cantautor Don Pietro Nestola.<\/p>\n\n\n\n<p>El s\u00e1bado 25, el f\u00e9retro ser\u00e1 trasladado a la Iglesia de San Marcos, donde permanecer\u00e1 expuesto para su veneraci\u00f3n, antes de partir por la tarde hacia Vietri di Potenza, tras una parada en la Iglesia de la Madonna del Soccorso.<\/p>\n\n\n\n<p>Con la inauguraci\u00f3n del A\u00f1o Gerardino, Muro Lucano y toda la regi\u00f3n de Basilicata vivir\u00e1n una larga serie de celebraciones e iniciativas lit\u00fargicas, en las que participar\u00e1n numerosos municipios y otras comunidades del sur de Italia. Pero la peregrinaci\u00f3n de San Gerardo tambi\u00e9n cruzar\u00e1 los Alpes, con parada en Polonia, como supimos gracias a la presencia de un redentorista polaco, quien, junto con su equipo, se encuentra filmando y realizando entrevistas en preparaci\u00f3n para este singular evento.<\/p>\n\n\n\n<p>San Gerardo regresa a su pueblo, recibido como uno m\u00e1s de la familia, continuando el di\u00e1logo con quienes lo han elegido como modelo en su camino de fe y acuden a \u00e9l como intercesor eficaz en tiempos dif\u00edciles.<\/p>\n\n\n\n<p>Muro, con su fervor, confirma a\u00fan m\u00e1s la popularidad del humilde santo redentorista, universalmente reconocido como una figura clave en la historia religiosa del sur de Italia. Sus v\u00ednculos con la religiosidad y la cultura del sur son objeto de la historiograf\u00eda reciente, como lo demuestra la publicaci\u00f3n de una interesante obra de Chiara Ponte, &#8220;San Gerardo Maiella tra storia e tradizione popolare&#8221;, que enriquece la bibliograf\u00eda sobre San Gerardo, aportando su original contribuci\u00f3n acad\u00e9mica.<\/p>\n\n\n\n<p>P. Vincenzo La Mendola, C.Ss.R.<\/p>\n","protected":false},"excerpt":{"rendered":"<p>Del 19 al 26 de abril se celebraron festejos jubileos en la ciudad natal de San Gerardo Majella. La llegada de la urna con la estatua, que contiene una notable reliquia, dio inicio a la peregrinaci\u00f3n que conmemorar\u00e1 el tricentenario del nacimiento del santo. Era l\u00f3gico que esta iniciativa comenzara en Muro. Su llegada, de [&hellip;]<\/p>\n","protected":false},"author":3,"featured_media":30916,"comment_status":"closed","ping_status":"closed","sticky":false,"template":"","format":"standard","meta":[],"categories":[45],"tags":[],"_links":{"self":[{"href":"https:\/\/www.cssr.news\/spanish\/wp-json\/wp\/v2\/posts\/30915"}],"collection":[{"href":"https:\/\/www.cssr.news\/spanish\/wp-json\/wp\/v2\/posts"}],"about":[{"href":"https:\/\/www.cssr.news\/spanish\/wp-json\/wp\/v2\/types\/post"}],"author":[{"embeddable":true,"href":"https:\/\/www.cssr.news\/spanish\/wp-json\/wp\/v2\/users\/3"}],"replies":[{"embeddable":true,"href":"https:\/\/www.cssr.news\/spanish\/wp-json\/wp\/v2\/comments?post=30915"}],"version-history":[{"count":2,"href":"https:\/\/www.cssr.news\/spanish\/wp-json\/wp\/v2\/posts\/30915\/revisions"}],"predecessor-version":[{"id":30926,"href":"https:\/\/www.cssr.news\/spanish\/wp-json\/wp\/v2\/posts\/30915\/revisions\/30926"}],"wp:featuredmedia":[{"embeddable":true,"href":"https:\/\/www.cssr.news\/spanish\/wp-json\/wp\/v2\/media\/30916"}],"wp:attachment":[{"href":"https:\/\/www.cssr.news\/spanish\/wp-json\/wp\/v2\/media?parent=30915"}],"wp:term":[{"taxonomy":"category","embeddable":true,"href":"https:\/\/www.cssr.news\/spanish\/wp-json\/wp\/v2\/categories?post=30915"},{"taxonomy":"post_tag","embeddable":true,"href":"https:\/\/www.cssr.news\/spanish\/wp-json\/wp\/v2\/tags?post=30915"}],"curies":[{"name":"wp","href":"https:\/\/api.w.org\/{rel}","templated":true}]}}