{"id":30945,"date":"2026-04-25T08:57:00","date_gmt":"2026-04-25T06:57:00","guid":{"rendered":"https:\/\/www.cssr.news\/spanish\/?p=30945"},"modified":"2026-04-26T09:01:12","modified_gmt":"2026-04-26T07:01:12","slug":"filipinas-la-mision-catequetica-de-cuaresma-un-camino-sinodal-de-renovacion-y-presencia","status":"publish","type":"post","link":"https:\/\/www.cssr.news\/spanish\/2026\/04\/filipinas-la-mision-catequetica-de-cuaresma-un-camino-sinodal-de-renovacion-y-presencia\/","title":{"rendered":"Filipinas: La misi\u00f3n catequ\u00e9tica de Cuaresma: un camino sinodal de renovaci\u00f3n y presencia"},"content":{"rendered":"\n<p>La Misi\u00f3n Catequ\u00e9tica de Cuaresma ofreci\u00f3 una profunda oportunidad para la renovaci\u00f3n espiritual, una formaci\u00f3n m\u00e1s profunda en la fe y la reflexi\u00f3n comunitaria, mientras las Comunidades Eclesiales de Base (CEB) transitaban la Cuaresma. Enraizada en la catequesis, la oraci\u00f3n y el discernimiento compartido, la misi\u00f3n de predicaci\u00f3n se convirti\u00f3 en una herramienta de evangelizaci\u00f3n que renov\u00f3 la fe y foment\u00f3 un discipulado cristiano m\u00e1s comprometido. Resalt\u00f3 la Cuaresma no solo como un tiempo de penitencia personal, sino como una experiencia eclesial de conversi\u00f3n y gracia.<\/p>\n\n\n\n<p>Esta misi\u00f3n se llev\u00f3 a cabo en estrecha colaboraci\u00f3n con las diversas CEB de la Parroquia Nuestra Se\u00f1ora de la Visitaci\u00f3n en Alfonso Lista, Ifugao, Manila. Fue iniciada por la Viceprovincia Redentorista de Manila, en colaboraci\u00f3n con la comunidad misionera redentorista del norte de Luz\u00f3n, que actualmente presta servicio en la zona. Se invit\u00f3 a participar a equipos misioneros de diversas comunidades locales de la Viceprovincia, encarnando as\u00ed la naturaleza misionera de la Iglesia a trav\u00e9s de un camino cuaresmal compartido con la gente.<\/p>\n\n\n\n<p>La Misi\u00f3n General de Cuaresma incluy\u00f3 m\u00f3dulos catequ\u00e9ticos dise\u00f1ados para guiar a los fieles a reflexionar m\u00e1s profundamente sobre su camino cuaresmal. Estas sesiones ofrecieron no solo formaci\u00f3n doctrinal, sino tambi\u00e9n un encuentro vivencial con un Dios que acompa\u00f1a a su pueblo. La misi\u00f3n foment\u00f3 una palpable sensaci\u00f3n de presencia eclesial, ayudando a los fieles a sentirse visitados, recordados y cuidados por la Iglesia. Esto se expres\u00f3 adem\u00e1s a trav\u00e9s de actividades pastorales como la visita a los enfermos y la bendici\u00f3n de hogares, signos de la presencia compasiva y encarnada de Dios entre su pueblo.<\/p>\n\n\n\n<figure class=\"wp-block-gallery columns-3 is-cropped\"><ul class=\"blocks-gallery-grid\"><li class=\"blocks-gallery-item\"><figure><a href=\"http:\/\/www.cssr.news\/wp-content\/uploads\/2026\/04\/8.jpg\"><img src=\"http:\/\/www.cssr.news\/wp-content\/uploads\/2026\/04\/8-1024x768.jpg\" alt=\"\" data-id=\"41190\" data-full-url=\"http:\/\/www.cssr.news\/wp-content\/uploads\/2026\/04\/8.jpg\" data-link=\"https:\/\/www.cssr.news\/?attachment_id=41190\" class=\"wp-image-41190\"\/><\/a><\/figure><\/li><li class=\"blocks-gallery-item\"><figure><a href=\"http:\/\/www.cssr.news\/wp-content\/uploads\/2026\/04\/7.jpg\"><img src=\"http:\/\/www.cssr.news\/wp-content\/uploads\/2026\/04\/7-1024x768.jpg\" alt=\"\" data-id=\"41189\" data-full-url=\"http:\/\/www.cssr.news\/wp-content\/uploads\/2026\/04\/7.jpg\" data-link=\"https:\/\/www.cssr.news\/?attachment_id=41189\" class=\"wp-image-41189\"\/><\/a><\/figure><\/li><li class=\"blocks-gallery-item\"><figure><a href=\"http:\/\/www.cssr.news\/wp-content\/uploads\/2026\/04\/6-1.jpg\"><img src=\"http:\/\/www.cssr.news\/wp-content\/uploads\/2026\/04\/6-1-1024x683.jpg\" alt=\"\" data-id=\"41188\" data-full-url=\"http:\/\/www.cssr.news\/wp-content\/uploads\/2026\/04\/6-1.jpg\" data-link=\"https:\/\/www.cssr.news\/?attachment_id=41188\" class=\"wp-image-41188\"\/><\/a><\/figure><\/li><li class=\"blocks-gallery-item\"><figure><a href=\"http:\/\/www.cssr.news\/wp-content\/uploads\/2026\/04\/5.jpg\"><img src=\"http:\/\/www.cssr.news\/wp-content\/uploads\/2026\/04\/5-1024x768.jpg\" alt=\"\" data-id=\"41186\" data-full-url=\"http:\/\/www.cssr.news\/wp-content\/uploads\/2026\/04\/5.jpg\" data-link=\"https:\/\/www.cssr.news\/?attachment_id=41186\" class=\"wp-image-41186\"\/><\/a><\/figure><\/li><li class=\"blocks-gallery-item\"><figure><a href=\"http:\/\/www.cssr.news\/wp-content\/uploads\/2026\/04\/3.jpg\"><img src=\"http:\/\/www.cssr.news\/wp-content\/uploads\/2026\/04\/3-1024x683.jpg\" alt=\"\" data-id=\"41184\" data-full-url=\"http:\/\/www.cssr.news\/wp-content\/uploads\/2026\/04\/3.jpg\" data-link=\"https:\/\/www.cssr.news\/?attachment_id=41184\" class=\"wp-image-41184\"\/><\/a><\/figure><\/li><li class=\"blocks-gallery-item\"><figure><a href=\"http:\/\/www.cssr.news\/wp-content\/uploads\/2026\/04\/1.jpg\"><img src=\"http:\/\/www.cssr.news\/wp-content\/uploads\/2026\/04\/1-1024x683.jpg\" alt=\"\" data-id=\"41183\" data-full-url=\"http:\/\/www.cssr.news\/wp-content\/uploads\/2026\/04\/1.jpg\" data-link=\"https:\/\/www.cssr.news\/?attachment_id=41183\" class=\"wp-image-41183\"\/><\/a><\/figure><\/li><li class=\"blocks-gallery-item\"><figure><a href=\"http:\/\/www.cssr.news\/wp-content\/uploads\/2026\/04\/4.jpg\"><img src=\"http:\/\/www.cssr.news\/wp-content\/uploads\/2026\/04\/4-1024x683.jpg\" alt=\"\" data-id=\"41185\" data-full-url=\"http:\/\/www.cssr.news\/wp-content\/uploads\/2026\/04\/4.jpg\" data-link=\"https:\/\/www.cssr.news\/?attachment_id=41185\" class=\"wp-image-41185\"\/><\/a><\/figure><\/li><\/ul><\/figure>\n\n\n\n<p>Desde una perspectiva misiol\u00f3gica, la misi\u00f3n fortaleci\u00f3 el car\u00e1cter sinodal de la Iglesia, permitiendo a las Comunidades Eclesiales de Base (CEB) reavivar su identidad como comunidades que caminan juntas en la fe. Promovi\u00f3 una comprensi\u00f3n renovada de la corresponsabilidad entre el clero y los laicos, enfatizando que la Iglesia es una comuni\u00f3n de participaci\u00f3n y misi\u00f3n. La misi\u00f3n foment\u00f3 relaciones aut\u00e9nticas entre los feligreses y la parroquia, promoviendo el di\u00e1logo, la escucha y el acompa\u00f1amiento mutuo.<\/p>\n\n\n\n<p>Adem\u00e1s, la Misi\u00f3n Catequ\u00e9tica de Cuaresma subray\u00f3 que el Misterio Pascual no es una realidad abstracta o distante, sino una realidad vivida y experimentada concretamente en la vida de los fieles. Transform\u00f3 la observancia de la Cuaresma de una devoci\u00f3n puramente privada en un camino comunitario de fe, en el que la reflexi\u00f3n, el sufrimiento, la esperanza y la renovaci\u00f3n se comparten dentro de la comunidad. De esta manera, la misi\u00f3n hizo visible una fe encarnada en las realidades cotidianas de las personas.<\/p>\n\n\n\n<p>La misi\u00f3n culmin\u00f3 con un momento significativo: grupos de las diversas comunidades locales de la Viceprovincia de Manila se reunieron para evaluar, agradecer y celebrar los frutos de la misi\u00f3n. Este encuentro final no solo fue un momento de evaluaci\u00f3n, sino tambi\u00e9n una celebraci\u00f3n de la gracia de Dios obrando en la comunidad: un testimonio de la vitalidad de una Iglesia que escucha, acompa\u00f1a y camina junto a Dios.<\/p>\n\n\n\n<p>Grupo Misionero de la Comunidad del Norte de Luz\u00f3n<br>Misi\u00f3n General de Predicaci\u00f3n Catequesis de Cuaresma<\/p>\n","protected":false},"excerpt":{"rendered":"<p>La Misi\u00f3n Catequ\u00e9tica de Cuaresma ofreci\u00f3 una profunda oportunidad para la renovaci\u00f3n espiritual, una formaci\u00f3n m\u00e1s profunda en la fe y la reflexi\u00f3n comunitaria, mientras las Comunidades Eclesiales de Base (CEB) transitaban la Cuaresma. Enraizada en la catequesis, la oraci\u00f3n y el discernimiento compartido, la misi\u00f3n de predicaci\u00f3n se convirti\u00f3 en una herramienta de evangelizaci\u00f3n [&hellip;]<\/p>\n","protected":false},"author":3,"featured_media":30946,"comment_status":"closed","ping_status":"closed","sticky":false,"template":"","format":"standard","meta":[],"categories":[30],"tags":[],"_links":{"self":[{"href":"https:\/\/www.cssr.news\/spanish\/wp-json\/wp\/v2\/posts\/30945"}],"collection":[{"href":"https:\/\/www.cssr.news\/spanish\/wp-json\/wp\/v2\/posts"}],"about":[{"href":"https:\/\/www.cssr.news\/spanish\/wp-json\/wp\/v2\/types\/post"}],"author":[{"embeddable":true,"href":"https:\/\/www.cssr.news\/spanish\/wp-json\/wp\/v2\/users\/3"}],"replies":[{"embeddable":true,"href":"https:\/\/www.cssr.news\/spanish\/wp-json\/wp\/v2\/comments?post=30945"}],"version-history":[{"count":2,"href":"https:\/\/www.cssr.news\/spanish\/wp-json\/wp\/v2\/posts\/30945\/revisions"}],"predecessor-version":[{"id":30948,"href":"https:\/\/www.cssr.news\/spanish\/wp-json\/wp\/v2\/posts\/30945\/revisions\/30948"}],"wp:featuredmedia":[{"embeddable":true,"href":"https:\/\/www.cssr.news\/spanish\/wp-json\/wp\/v2\/media\/30946"}],"wp:attachment":[{"href":"https:\/\/www.cssr.news\/spanish\/wp-json\/wp\/v2\/media?parent=30945"}],"wp:term":[{"taxonomy":"category","embeddable":true,"href":"https:\/\/www.cssr.news\/spanish\/wp-json\/wp\/v2\/categories?post=30945"},{"taxonomy":"post_tag","embeddable":true,"href":"https:\/\/www.cssr.news\/spanish\/wp-json\/wp\/v2\/tags?post=30945"}],"curies":[{"name":"wp","href":"https:\/\/api.w.org\/{rel}","templated":true}]}}